{"id":11094,"date":"2025-05-06T11:56:15","date_gmt":"2025-05-06T14:56:15","guid":{"rendered":"https:\/\/revistahubclub.com.br\/portal\/?p=11094"},"modified":"2025-05-06T11:56:15","modified_gmt":"2025-05-06T14:56:15","slug":"vem-pra-praca-reunira-arte-cultura-e-gastronomia-de-uberlandia-em-dois-dias-de-evento-gratuito","status":"publish","type":"post","link":"https:\/\/revistahubclub.com.br\/portal\/2025\/05\/06\/vem-pra-praca-reunira-arte-cultura-e-gastronomia-de-uberlandia-em-dois-dias-de-evento-gratuito\/","title":{"rendered":"\u201cVem pra Pra\u00e7a!\u201d reunir\u00e1 arte, cultura e gastronomia de Uberl\u00e2ndia em dois dias de evento gratuito"},"content":{"rendered":"\n<p><\/p>\n\n\n\n<p><em>Shows ao vivo, feira gastron\u00f4mica e cultural e espa\u00e7o kids em um ambiente acolhedor e familiar<\/em><\/p>\n\n\n\n<p>Nos dias <strong>9 e 10 de maio<\/strong>, a Pra\u00e7a do Amor ser\u00e1 ocupada por arte, m\u00fasica, gastronomia e muita gente que curte evento ao ar livre com o in\u00edcio da ASCAU Cultural, com aprimeira edi\u00e7\u00e3o do projeto \u201cVem pra Pra\u00e7a!\u201d, produzido pela Associa\u00e7\u00e3o das&nbsp;Cervejarias&nbsp;Artesanais de Uberl\u00e2ndia (ASCAU) em parceria com a Organiza\u00e7\u00e3o da Sociedade Civil Mundo da Cultura e a Secretaria de Cultura e promete transformar o espa\u00e7o p\u00fablico em um grande festival gratuito de cultura, gastronomia e conviv\u00eancia.&nbsp;&nbsp;<\/p>\n\n\n\n<p>Com uma programa\u00e7\u00e3o diversificada, o evento oferece ao p\u00fablico apresenta\u00e7\u00f5es musicais ao vivo, espa\u00e7o kids com brinquedos infl\u00e1veis (touro mec\u00e2nico, tobog\u00e3 e futebol de sab\u00e3o), feira gastron\u00f4mica, feira cultural com diversos itens, venda de cervejas artesanais, tudo em um ambiente acolhedor e familiar. Para receber o evento, uma estrutura ser\u00e1 montada na pra\u00e7a com diversas tendas, cadeiras, palco e banheiros qu\u00edmicos.&nbsp;&nbsp;<\/p>\n\n\n\n<p><strong>Programa\u00e7\u00e3o cultural<\/strong><\/p>\n\n\n\n<p>A programa\u00e7\u00e3o cultural do \u201cVem pra Pra\u00e7a!\u201d oferece uma mistura vibrante de estilos musicais, contemplando desde o rock e samba at\u00e9 a m\u00fasica brasileira de raiz, com espa\u00e7o para homenagens e muita diversidade sonora. O p\u00fablico poder\u00e1 curtir apresenta\u00e7\u00f5es de bandas locais como Os Bugados, formada por crian\u00e7as que tocam, cantam e inspiram o p\u00fablico mirim e jovens a se interessarem pela m\u00fasica e pela arte; Ritaleena, com um show em tributo \u00e0 eterna Rita Lee; al\u00e9m de Lurdes Maria, Black Buda e Funk-se, que trazem performances autorais e cheias de identidade. Entre os shows, playlists cuidadosamente selecionadas garantem o clima animado ao longo de todo o evento.&nbsp;<\/p>\n\n\n\n<p><strong>Feira gastron\u00f4mica<\/strong><\/p>\n\n\n\n<p>A programa\u00e7\u00e3o do \u201cVem pra Pra\u00e7a!\u201d vai muito al\u00e9m da m\u00fasica, com uma feirinha cultural repleta de criatividade e uma feira gastron\u00f4mica diversificada, que re\u00fane sabores para todos os gostos. Entre os expositores, est\u00e3o nomes j\u00e1 conhecidos e queridos do p\u00fablico, como o Famoso Pastel, a Pizzaria Manac\u00e1, o Guaco Taco (especializado em comida mexicana), restaurante Empeiria Gastro Beer, op\u00e7\u00f5es de hamb\u00fargueres artesanais e outras del\u00edcias regionais.<\/p>\n\n\n\n<p>No setor de bebidas, o destaque fica por conta de 13 cervejarias locais e artesanais, incluindo r\u00f3tulos como Abadiana, Benedith, Captain Brew, Crafty Keg, Estradeira, F\u00e1brica Cinco, Guar\u00e1 Caft Brew, Nazareth, Nuh Beer, Ohra, Trema, Zuleika, e Uberbrau com seu respectivo restaurante.<\/p>\n\n\n\n<p>De acordo com o presidente da ASCAU, Roberto Michelin, o projeto \u2018Vem pra Pra\u00e7a!\u2019 surge com o prop\u00f3sito de resgatar e valorizar os espa\u00e7os p\u00fablicos de Uberl\u00e2ndia, a cultura, a gastronomia e o conv\u00edvio comunit\u00e1rio. \u201cQueremos oferecer uma experi\u00eancia completa: um ambiente acolhedor, pensado para toda a fam\u00edlia, com boa m\u00fasica, comidas variadas e, claro, as cervejas artesanais produzidas pelas nossas cervejarias locais. Todas estar\u00e3o representadas no evento, ao lado de uma sele\u00e7\u00e3o gastron\u00f4mica diversa e de qualidade. A programa\u00e7\u00e3o foi cuidadosamente pensada para agradar diferentes p\u00fablicos, com atra\u00e7\u00f5es tamb\u00e9m para as crian\u00e7as, aproveitando o clima especial do fim de semana do Dia das M\u00e3es. Este \u00e9 um evento-piloto. A ideia \u00e9 realiz\u00e1-lo mensalmente em diferentes pra\u00e7as da cidade, culminando em uma grande celebra\u00e7\u00e3o durante a Oktoberfest\u201d, conta.<\/p>\n\n\n\n<p>O evento tamb\u00e9m carrega um importante prop\u00f3sito social: parte do faturamento ser\u00e1 destinado a uma institui\u00e7\u00e3o que atende crian\u00e7as em situa\u00e7\u00e3o de vulnerabilidade, com o objetivo de adquirir instrumentos musicais. A iniciativa visa contribuir com a forma\u00e7\u00e3o cultural dessas crian\u00e7as, e ao mesmo tempo integr\u00e1-las \u00e0s futuras edi\u00e7\u00f5es do projeto, por meio de apresenta\u00e7\u00f5es promovidas pela ASCAU.<\/p>\n\n\n\n<p>O evento tamb\u00e9m conta com o apoio dosecret\u00e1rio de Servi\u00e7os Urbanos da Prefeitura de Uberl\u00e2ndia, Raphael Leles.<\/p>\n\n\n\n<p>Mais informa\u00e7\u00f5es @<a href=\"https:\/\/www.instagram.com\/ascau.udi\/\">ascau.udi\/<\/a>.<\/p>\n\n\n\n<p><strong>Programa\u00e7\u00e3o:<\/strong><\/p>\n\n\n\n<p>Pra\u00e7a do Amor (Avenida Presidente M\u00e9dici &#8211; Bairro Altamira)<\/p>\n\n\n\n<p><strong>Sexta-feira | 9 de maio<\/strong><\/p>\n\n\n\n<p>17h \u00e0s 18h \u2013 Playlist especial de abertura<\/p>\n\n\n\n<p>18h \u00e0s 18h40 \u2013&nbsp;<em>Os Bugados<\/em>&nbsp;(banda infantil)<\/p>\n\n\n\n<p>18h40 \u00e0s 19h \u2013 Playlist<\/p>\n\n\n\n<p>19h \u00e0s 20h10 \u2013&nbsp;<em>Ritaleena<\/em><\/p>\n\n\n\n<p>20h10 \u00e0s 20h30 \u2013 Playlist<\/p>\n\n\n\n<p>20h30 \u00e0s 22h \u2013&nbsp;<em>Lurdes Maria<\/em><\/p>\n\n\n\n<p>22h \u2013 Encerramento do evento.<\/p>\n\n\n\n<p><strong>S\u00e1bado | 10 de maio<\/strong><\/p>\n\n\n\n<p>16h \u2013 Playlist de boas-vindas<\/p>\n\n\n\n<p>16h30 \u00e0s 18h \u2013&nbsp;<em>Black Buda<\/em><\/p>\n\n\n\n<p>18h \u00e0s 18h20 \u2013 Playlist<\/p>\n\n\n\n<p>18h20 \u00e0s 20h \u2013&nbsp;<em>Funk-se<\/em><\/p>\n\n\n\n<p>20h \u00e0s 20h20 \u2013 Playlist<\/p>\n\n\n\n<p>20h20 \u00e0s 22h \u2013&nbsp;<em>Matusa<\/em><\/p>\n\n\n\n<p>22h \u2013 Encerramento do evento.<\/p>\n\n\n<figure class=\"wp-block-post-featured-image\"><img loading=\"lazy\" decoding=\"async\" width=\"442\" height=\"396\" src=\"https:\/\/revistahubclub.com.br\/portal\/wp-content\/uploads\/2025\/05\/praca1.jpg\" class=\"attachment-post-thumbnail size-post-thumbnail wp-post-image\" alt=\"\" style=\"object-fit:cover;\" srcset=\"https:\/\/revistahubclub.com.br\/portal\/wp-content\/uploads\/2025\/05\/praca1.jpg 442w, https:\/\/revistahubclub.com.br\/portal\/wp-content\/uploads\/2025\/05\/praca1-300x269.jpg 300w\" sizes=\"auto, (max-width: 442px) 100vw, 442px\" \/><\/figure>","protected":false},"excerpt":{"rendered":"<p>Shows ao vivo, feira gastron\u00f4mica e cultural e espa\u00e7o kids em um ambiente acolhedor e familiar Nos dias 9 e 10 de maio, a Pra\u00e7a do Amor ser\u00e1 ocupada por<\/p>\n","protected":false},"author":2,"featured_media":11095,"comment_status":"open","ping_status":"open","sticky":false,"template":"","format":"standard","meta":{"footnotes":""},"categories":[1],"tags":[],"class_list":["post-11094","post","type-post","status-publish","format-standard","has-post-thumbnail","hentry","category-noticias"],"_links":{"self":[{"href":"https:\/\/revistahubclub.com.br\/portal\/wp-json\/wp\/v2\/posts\/11094","targetHints":{"allow":["GET"]}}],"collection":[{"href":"https:\/\/revistahubclub.com.br\/portal\/wp-json\/wp\/v2\/posts"}],"about":[{"href":"https:\/\/revistahubclub.com.br\/portal\/wp-json\/wp\/v2\/types\/post"}],"author":[{"embeddable":true,"href":"https:\/\/revistahubclub.com.br\/portal\/wp-json\/wp\/v2\/users\/2"}],"replies":[{"embeddable":true,"href":"https:\/\/revistahubclub.com.br\/portal\/wp-json\/wp\/v2\/comments?post=11094"}],"version-history":[{"count":1,"href":"https:\/\/revistahubclub.com.br\/portal\/wp-json\/wp\/v2\/posts\/11094\/revisions"}],"predecessor-version":[{"id":11096,"href":"https:\/\/revistahubclub.com.br\/portal\/wp-json\/wp\/v2\/posts\/11094\/revisions\/11096"}],"wp:featuredmedia":[{"embeddable":true,"href":"https:\/\/revistahubclub.com.br\/portal\/wp-json\/wp\/v2\/media\/11095"}],"wp:attachment":[{"href":"https:\/\/revistahubclub.com.br\/portal\/wp-json\/wp\/v2\/media?parent=11094"}],"wp:term":[{"taxonomy":"category","embeddable":true,"href":"https:\/\/revistahubclub.com.br\/portal\/wp-json\/wp\/v2\/categories?post=11094"},{"taxonomy":"post_tag","embeddable":true,"href":"https:\/\/revistahubclub.com.br\/portal\/wp-json\/wp\/v2\/tags?post=11094"}],"curies":[{"name":"wp","href":"https:\/\/api.w.org\/{rel}","templated":true}]}}