{"id":11110,"date":"2025-05-07T11:29:58","date_gmt":"2025-05-07T14:29:58","guid":{"rendered":"https:\/\/revistahubclub.com.br\/portal\/?p=11110"},"modified":"2025-05-07T11:29:58","modified_gmt":"2025-05-07T14:29:58","slug":"prefeitura-decreta-situacao-de-emergencia-devido-ao-aumento-de-casos-de-sindrome-respiratoria-aguda-grave","status":"publish","type":"post","link":"https:\/\/revistahubclub.com.br\/portal\/2025\/05\/07\/prefeitura-decreta-situacao-de-emergencia-devido-ao-aumento-de-casos-de-sindrome-respiratoria-aguda-grave\/","title":{"rendered":"Prefeitura decreta situa\u00e7\u00e3o de emerg\u00eancia devido ao aumento de casos de S\u00edndrome Respirat\u00f3ria Aguda Grave"},"content":{"rendered":"\n<p>Diante do atual cen\u00e1rio epidemiol\u00f3gico de aumento significativo de interna\u00e7\u00f5es provocadas pela S\u00edndrome Respirat\u00f3ria Aguda Grave (SRAG), a Prefeitura de Uberl\u00e2ndia, por meio da Secretaria Municipal de Sa\u00fade, declarou situa\u00e7\u00e3o de emerg\u00eancia no \u00e2mbito da sa\u00fade p\u00fablica. O decreto foi publicado em edi\u00e7\u00e3o suplementar&nbsp;<a href=\"https:\/\/www.uberlandia.mg.gov.br\/diariooficial\/edicao-7098-a\/\" target=\"_blank\" rel=\"noreferrer noopener\">do&nbsp;Di\u00e1rio Oficial do Munic\u00edpio (DOM) nesta ter\u00e7a-feira (6)<\/a>. A vig\u00eancia do decreto \u00e9 de 180 dias, podendo ser prorrogado caso a situa\u00e7\u00e3o continue.<\/p>\n\n\n\n<p>&nbsp;A medida visa proteger a sa\u00fade da popula\u00e7\u00e3o, preservando a capacidade de resposta do sistema de sa\u00fade. Durante o m\u00eas de abril, foi registrado um aumento expressivo, de aproximadamente 90%, nas interna\u00e7\u00f5es por SRAG causadas por v\u00edrus respirat\u00f3rios n\u00e3o relacionados \u00e0 Covid-19. A curva de interna\u00e7\u00f5es demonstra uma tend\u00eancia de crescimento a partir da segunda quinzena do m\u00eas, com sucessivos aumentos di\u00e1rios e m\u00e9dia superior a 50 casos por dia nos \u00faltimos dez dias de abril. O comportamento epidemiol\u00f3gico pode impactar diretamente na rede hospitalar, especialmente nos servi\u00e7os de urg\u00eancia e Unidades de Terapia Intensiva (UTIs).<\/p>\n\n\n\n<p>Com o decreto de situa\u00e7\u00e3o de emerg\u00eancia em sa\u00fade p\u00fablica, \u00e9 poss\u00edvel realizar a\u00e7\u00f5es imediatas e coordenadas em vigil\u00e2ncia, assist\u00eancia e controle de surtos, refor\u00e7ar a estrutura hospitalar e a oferta de leitos de interna\u00e7\u00e3o e UTI, ampliar a testagem e diagn\u00f3stico r\u00e1pido para agentes respirat\u00f3rios, autorizar contrata\u00e7\u00f5es emergenciais de pessoal e aquisi\u00e7\u00e3o de insumos e equipamentos.<\/p>\n\n\n\n<p><strong>Campanha de vacina\u00e7\u00e3o<\/strong><\/p>\n\n\n\n<p>Al\u00e9m dessas a\u00e7\u00f5es, o decreto tamb\u00e9m permite fortalecer campanhas de vacina\u00e7\u00e3o e orienta\u00e7\u00f5es \u00e0 popula\u00e7\u00e3o sobre preven\u00e7\u00e3o de doen\u00e7as respirat\u00f3rias. A vacina \u00e9 a forma mais eficaz de prevenir as doen\u00e7as bem como reduzir a circula\u00e7\u00e3o do v\u00edrus. Ou seja, a&nbsp;vacina n\u00e3o protege apenas o indiv\u00edduo que a recebe, mas toda a comunidade.<\/p>\n\n\n\n<p>Com o compromisso de garantir a imuniza\u00e7\u00e3o do maior n\u00famero poss\u00edvel de pessoas na vacina\u00e7\u00e3o contra a Influenza, a Prefeitura de Uberl\u00e2ndia realiza, neste s\u00e1bado (10), das 8h \u00e0s 17h, uma grande mobiliza\u00e7\u00e3o no Dia D da Campanha de Vacina\u00e7\u00e3o contra a Influenza.<\/p>\n\n\n\n<p>&nbsp;Para atender o p\u00fablico e facilitar ainda mais o acesso, a Secretaria Municipal de Sa\u00fade&nbsp;<a href=\"https:\/\/www.uberlandia.mg.gov.br\/2025\/05\/05\/prefeitura-realiza-grande-mobilizacao-no-dia-d-da-vacinacao-contra-a-gripe-neste-sabado-10\/\" target=\"_blank\" rel=\"noreferrer noopener\">estar\u00e1 com equipes em 36 locais nos quatro setores da cidade e distritos, entre unidades de sa\u00fade, escolas e pontos de maior circula\u00e7\u00e3o de pessoas<\/a>. Al\u00e9m da vacina\u00e7\u00e3o contra a gripe, as equipes tamb\u00e9m atualizar\u00e3o o cart\u00e3o de vacina com outros imunizantes.<\/p>\n\n\n\n<p><strong><em>Prefeitura de Uberl\u00e2ndia<\/em><\/strong><\/p>\n\n\n<figure class=\"wp-block-post-featured-image\"><img loading=\"lazy\" decoding=\"async\" width=\"760\" height=\"474\" src=\"https:\/\/revistahubclub.com.br\/portal\/wp-content\/uploads\/2025\/05\/Doencas-respiratorias.png\" class=\"attachment-post-thumbnail size-post-thumbnail wp-post-image\" alt=\"\" style=\"object-fit:cover;\" srcset=\"https:\/\/revistahubclub.com.br\/portal\/wp-content\/uploads\/2025\/05\/Doencas-respiratorias.png 760w, https:\/\/revistahubclub.com.br\/portal\/wp-content\/uploads\/2025\/05\/Doencas-respiratorias-300x187.png 300w\" sizes=\"auto, (max-width: 760px) 100vw, 760px\" \/><\/figure>","protected":false},"excerpt":{"rendered":"<p>Diante do atual cen\u00e1rio epidemiol\u00f3gico de aumento significativo de interna\u00e7\u00f5es provocadas pela S\u00edndrome Respirat\u00f3ria Aguda Grave (SRAG), a Prefeitura de Uberl\u00e2ndia, por meio da Secretaria Municipal de Sa\u00fade, declarou situa\u00e7\u00e3o<\/p>\n","protected":false},"author":2,"featured_media":11111,"comment_status":"open","ping_status":"open","sticky":false,"template":"","format":"standard","meta":{"footnotes":""},"categories":[1],"tags":[422,231,421,420,27],"class_list":["post-11110","post","type-post","status-publish","format-standard","has-post-thumbnail","hentry","category-noticias","tag-emergencia","tag-saude","tag-sindrome-respiratoria-aguda-grave","tag-srag","tag-uberlandia"],"_links":{"self":[{"href":"https:\/\/revistahubclub.com.br\/portal\/wp-json\/wp\/v2\/posts\/11110","targetHints":{"allow":["GET"]}}],"collection":[{"href":"https:\/\/revistahubclub.com.br\/portal\/wp-json\/wp\/v2\/posts"}],"about":[{"href":"https:\/\/revistahubclub.com.br\/portal\/wp-json\/wp\/v2\/types\/post"}],"author":[{"embeddable":true,"href":"https:\/\/revistahubclub.com.br\/portal\/wp-json\/wp\/v2\/users\/2"}],"replies":[{"embeddable":true,"href":"https:\/\/revistahubclub.com.br\/portal\/wp-json\/wp\/v2\/comments?post=11110"}],"version-history":[{"count":1,"href":"https:\/\/revistahubclub.com.br\/portal\/wp-json\/wp\/v2\/posts\/11110\/revisions"}],"predecessor-version":[{"id":11112,"href":"https:\/\/revistahubclub.com.br\/portal\/wp-json\/wp\/v2\/posts\/11110\/revisions\/11112"}],"wp:featuredmedia":[{"embeddable":true,"href":"https:\/\/revistahubclub.com.br\/portal\/wp-json\/wp\/v2\/media\/11111"}],"wp:attachment":[{"href":"https:\/\/revistahubclub.com.br\/portal\/wp-json\/wp\/v2\/media?parent=11110"}],"wp:term":[{"taxonomy":"category","embeddable":true,"href":"https:\/\/revistahubclub.com.br\/portal\/wp-json\/wp\/v2\/categories?post=11110"},{"taxonomy":"post_tag","embeddable":true,"href":"https:\/\/revistahubclub.com.br\/portal\/wp-json\/wp\/v2\/tags?post=11110"}],"curies":[{"name":"wp","href":"https:\/\/api.w.org\/{rel}","templated":true}]}}