{"id":11117,"date":"2025-05-08T13:27:02","date_gmt":"2025-05-08T16:27:02","guid":{"rendered":"https:\/\/revistahubclub.com.br\/portal\/?p=11117"},"modified":"2025-05-08T13:27:02","modified_gmt":"2025-05-08T16:27:02","slug":"cine-familia-na-praca-leva-telona-ao-ar-livre-para-cinco-cidades-do-interior-de-minas-gerais","status":"publish","type":"post","link":"https:\/\/revistahubclub.com.br\/portal\/2025\/05\/08\/cine-familia-na-praca-leva-telona-ao-ar-livre-para-cinco-cidades-do-interior-de-minas-gerais\/","title":{"rendered":"Cine Fam\u00edlia na Pra\u00e7a leva telona ao ar livre para cinco cidades do interior de Minas Gerais"},"content":{"rendered":"\n<p><em>Moradores de Ibi\u00e1, Santa Vit\u00f3ria, Concei\u00e7\u00e3o das Alagoas, Delta e Tupaciguara ter\u00e3o acesso gratuito a sess\u00f5es de cinema<\/em><\/p>\n\n\n\n<p>Imagine assistir a grandes filmes em um cinema ao ar livre, com telona e estrutura de alta qualidade \u2013 e tudo de gra\u00e7a! Essa \u00e9 a proposta do Cine Fam\u00edlia na Pra\u00e7a, cinema itinerante realizado pela Moinho Cultural, com patroc\u00ednio da Algar Telecom, por meio da Lei Estadual de Incentivo \u00e0 Cultura de Minas Gerais. A iniciativa percorrer\u00e1 as cidades de Ibi\u00e1, Santa Vit\u00f3ria, Concei\u00e7\u00e3o das Alagoas, Delta e Tupaciguara durante os meses de maio e junho, proporcionando uma experi\u00eancia cinematogr\u00e1fica \u00fanica para a popula\u00e7\u00e3o do interior mineiro.<\/p>\n\n\n\n<p>Em sua nona edi\u00e7\u00e3o, o Cine Fam\u00edlia na Pra\u00e7a traz uma sele\u00e7\u00e3o de curtas-metragens emocionantes e inspiradores: \u201cA Menina Espantalho\u201d, \u201cBig Bang\u201d, \u201cMarina N\u00e3o Vai \u00e0 Praia\u201d, \u201cSoneca e Jupa\u201d e tamb\u00e9m o longa-metragem \u201cKayara &#8211; A Princesa Inca\u201d.<\/p>\n\n\n\n<p>As exibi\u00e7\u00f5es ocorrer\u00e3o nos dias 16, 22 e 29 de maio e 5 e 14 de junho, a partir das 19 horas. O filme \u201cKayara &#8211; A Princesa Inca\u201d ainda \u00e9 in\u00e9dito na TV aberta e por assinatura e ser\u00e1 o destaque da programa\u00e7\u00e3o, com sua exibi\u00e7\u00e3o come\u00e7ando \u00e0s 20 horas.<\/p>\n\n\n\n<p>Marco T\u00falio Morais, diretor de programa\u00e7\u00e3o, destaca que para comporem a sess\u00e3o de abertura das exibi\u00e7\u00f5es foram selecionados quatro curtas-metragens brasileiros, produzidos em Minas Gerais e que abordam temas relacionados \u00e0 inf\u00e2ncia, rela\u00e7\u00f5es familiares e fraternas entre amigos, apresentando personagens, lugares e situa\u00e7\u00f5es que nos convocam a olhar o mundo de formas diferentes.&nbsp; \u201cAl\u00e9m disso, o longa-metragem selecionado complementa a reflex\u00e3o sobre estes temas e rela\u00e7\u00f5es. O filme Kayara \u2013 A Princesa Inca \u00e9 uma anima\u00e7\u00e3o de aventura que apresenta a cultura Inca para os pequenos, jovens e adultos, atrav\u00e9s de uma hist\u00f3ria emocionante de determina\u00e7\u00e3o e supera\u00e7\u00e3o\u201d, destaca.<\/p>\n\n\n\n<p><strong>Estrutura diferenciada<\/strong><\/p>\n\n\n\n<p>Al\u00e9m de uma sele\u00e7\u00e3o cuidadosa de filmes, o Cine Fam\u00edlia na Pra\u00e7a oferece uma infraestrutura diferenciada. O sistema de proje\u00e7\u00e3o a laser de alta defini\u00e7\u00e3o garante imagens de qualidade, com 20 mil l\u00famens em uma tela de 40 metros quadrados. O ambiente ser\u00e1 montado com a disponibiliza\u00e7\u00e3o de 600 cadeiras pretas e com bra\u00e7o, passarela com carpete vermelho e ilumina\u00e7\u00e3o c\u00eanica, criando um cen\u00e1rio acolhedor e charmoso. Para que os filmes consigam atender a um p\u00fablico mais amplo, o evento contar\u00e1 com medidas de acessibilidade, como a exibi\u00e7\u00e3o dos filmes com legenda descritiva, banheiros adaptados e \u00e1rea de atendimento priorit\u00e1rio para pessoas com defici\u00eancia, gravidas, idosos entre outros.<\/p>\n\n\n\n<p>De acordo com Marcelo Mamede, coordenador do projeto e da produ\u00e7\u00e3o, o Cine Fam\u00edlia na Pra\u00e7a \u00e9 um programa diferente, muito especial para que toda a fam\u00edlia tenha uma verdadeira experi\u00eancia de cinema a c\u00e9u aberto e gratuito. &#8220;A organiza\u00e7\u00e3o come\u00e7a com meses de anteced\u00eancia. Estamos muito agradecidos pelo apoio essencial das prefeituras de Ibi\u00e1, Santa Vit\u00f3ria, Concei\u00e7\u00e3o das Alagoas, Delta e Tupaciguara e suas respectivas funda\u00e7\u00f5es culturais, que n\u00e3o mediram esfor\u00e7os para garantir o sucesso do evento&#8221;, ressalta Mamede.<\/p>\n\n\n\n<p>Desde 2014, o projeto j\u00e1 realizou 37 exibi\u00e7\u00f5es em 19 munic\u00edpios, impactando mais de 55 mil pessoas.&nbsp; As exibi\u00e7\u00f5es come\u00e7am pontualmente \u00e0s 19 horas, mas o p\u00fablico \u00e9 incentivado a chegar mais cedo para aproveitar o espa\u00e7o e se acomodar.<\/p>\n\n\n\n<p>Mamede refor\u00e7a que cada detalhe \u00e9 planejado para proporcionar uma experi\u00eancia inesquec\u00edvel e a estrutura estar\u00e1 pronta para receber o p\u00fablico a partir das 17 horas.<\/p>\n\n\n\n<p><strong>Servi\u00e7o:<\/strong><\/p>\n\n\n\n<p>Cine Fam\u00edlia na Pra\u00e7a 2025<\/p>\n\n\n\n<p>Ibi\u00e1 \u2013 16 de maio (sexta-feira) \u2013 Pra\u00e7a da Matriz<\/p>\n\n\n\n<p>Santa Vit\u00f3ria \u2013 22 de maio (quinta-feira) \u2013 Pra\u00e7a Francisco dos Reis Goulart<\/p>\n\n\n\n<p>Concei\u00e7\u00e3o das Alagoas \u2013 29 de maio (quinta-feira) \u2013 Pra\u00e7a Jos\u00e9 Alexandre do Carmo<\/p>\n\n\n\n<p>Delta \u2013 5 de junho (quinta-feira) \u2013 Pra\u00e7a Aires Bonif\u00e1cio da Silva<\/p>\n\n\n\n<p>Tupaciguara \u2013 14 de junho (s\u00e1bado) \u2013 Pra\u00e7a Jo\u00e3o de Barros Ferreira<\/p>\n\n\n\n<p>Abertura do espa\u00e7o: 17h<\/p>\n\n\n\n<p>Exibi\u00e7\u00f5es:<\/p>\n\n\n\n<p>19h: Soneca e Jupa<\/p>\n\n\n\n<p>19h15: Big Bang<\/p>\n\n\n\n<p>19h30: A Menina Espantalho<\/p>\n\n\n\n<p>19h45: Marina N\u00e3o Vai \u00e0 Praia<\/p>\n\n\n\n<p>20h: Kayara &#8211; A Princesa Inca<\/p>\n\n\n\n<p>Entrada gratuita, classifica\u00e7\u00e3o livre e acess\u00edvel para todos os p\u00fablicos.<\/p>\n\n\n\n<p>Para mais informa\u00e7\u00f5es, acesse o site <a href=\"http:\/\/www.cinefamilia.com.br\">www.cinefamilia.com.br<\/a> e acompanhe as redes sociais:<\/p>\n\n\n\n<p>Facebook: facebook.com\/cinefamilianapraca<\/p>\n\n\n\n<p>Instagram: @cinefamilianapraca<\/p>\n\n\n\n<p><strong>Sobre a Algar Telecom&nbsp;<\/strong><\/p>\n\n\n\n<p>A Algar Telecom, empresa do grupo Algar, oferece solu\u00e7\u00f5es completas de TIC (Tecnologia da Informa\u00e7\u00e3o e Comunica\u00e7\u00e3o) em 16 estados do Brasil e no Distrito Federal. Com um amplo portf\u00f3lio voltado para clientes corporativos (B2B) e do varejo (B2C), a companhia disponibiliza internet de ultravelocidade por fibra \u00f3ptica, celular de qualidade, voz e dados, servi\u00e7os de Tecnologia da Informa\u00e7\u00e3o (TI), incluindo cloud, de seguran\u00e7a de redes e sistemas de gest\u00e3o para pequenas empresas. Al\u00e9m disso, suas solu\u00e7\u00f5es em IoT podem ser aplicadas em diversas \u00e1reas, como cidades inteligentes, agroneg\u00f3cio, ind\u00fastria 4.0 e sa\u00fade.&nbsp;<\/p>\n\n\n\n<p>Com 71 anos de mercado, possui uma moderna infraestrutura, suportada por uma rede de 137 mil km de fibra \u00f3ptica que serve, atualmente, mais de 372 cidades, em 16 estados do Brasil e no Distrito Federal. Para todos esses locais, a empresa investe em um atendimento personalizado, consultivo e eficaz para entregar cada vez mais qualidade aos clientes.&nbsp;<\/p>\n\n\n\n<p>Companhia aberta, n\u00e3o listada em bolsa desde 2007, a Algar Telecom se compromete com as melhores pr\u00e1ticas de governan\u00e7a corporativa. S\u00e3o mais de 4,2 mil associados &#8211; como s\u00e3o chamados os colaboradores da empresa &#8211; comprometidos em manter um relacionamento pr\u00f3ximo com seus clientes e alta qualidade na presta\u00e7\u00e3o de servi\u00e7os, com pr\u00e1ticas sustent\u00e1veis e inovadora.<\/p>\n\n\n\n<p><strong>Sobre a Moinho Cultural<\/strong><\/p>\n\n\n\n<p>Fundada h\u00e1 20 anos, a Moinho Cultural \u00e9 uma produtora que atende empresas patrocinadoras, ag\u00eancias de Publicidade e de Rela\u00e7\u00f5es P\u00fablicas com a disponibiliza\u00e7\u00e3o de projetos pr\u00f3prios para patroc\u00ednio e tamb\u00e9m cria\u00e7\u00e3o de projetos sob medida, sempre alinhados \u00e0s estrat\u00e9gias de comunica\u00e7\u00e3o do cliente, gerando entregas de qualidade que favore\u00e7am a visibilidade, fortalecimento e reputa\u00e7\u00e3o de marca. Al\u00e9m do Cine Fam\u00edlia na Pra\u00e7a, possui em seu portf\u00f3lio projetos de sucesso como: Festival de Inverno da Serra da Canastra; Fundinho Festival \u2013 Jazz e Blues; Divers\u00e3o e Arte: M\u00fasica para Crian\u00e7as de Todas as Idades; Arax\u00e1 Festival \u2013 Jazz e Blues; e Expresso Liter\u00e1rio, totalizando 55 eventos realizados em 23 diferentes munic\u00edpios, para um p\u00fablico de cerca de 183 mil pessoas.<\/p>\n","protected":false},"excerpt":{"rendered":"<p>Moradores de Ibi\u00e1, Santa Vit\u00f3ria, Concei\u00e7\u00e3o das Alagoas, Delta e Tupaciguara ter\u00e3o acesso gratuito a sess\u00f5es de cinema Imagine assistir a grandes filmes em um cinema ao ar livre, com<\/p>\n","protected":false},"author":3,"featured_media":11118,"comment_status":"open","ping_status":"open","sticky":false,"template":"","format":"standard","meta":{"footnotes":""},"categories":[1],"tags":[],"class_list":["post-11117","post","type-post","status-publish","format-standard","has-post-thumbnail","hentry","category-noticias"],"_links":{"self":[{"href":"https:\/\/revistahubclub.com.br\/portal\/wp-json\/wp\/v2\/posts\/11117","targetHints":{"allow":["GET"]}}],"collection":[{"href":"https:\/\/revistahubclub.com.br\/portal\/wp-json\/wp\/v2\/posts"}],"about":[{"href":"https:\/\/revistahubclub.com.br\/portal\/wp-json\/wp\/v2\/types\/post"}],"author":[{"embeddable":true,"href":"https:\/\/revistahubclub.com.br\/portal\/wp-json\/wp\/v2\/users\/3"}],"replies":[{"embeddable":true,"href":"https:\/\/revistahubclub.com.br\/portal\/wp-json\/wp\/v2\/comments?post=11117"}],"version-history":[{"count":1,"href":"https:\/\/revistahubclub.com.br\/portal\/wp-json\/wp\/v2\/posts\/11117\/revisions"}],"predecessor-version":[{"id":11119,"href":"https:\/\/revistahubclub.com.br\/portal\/wp-json\/wp\/v2\/posts\/11117\/revisions\/11119"}],"wp:featuredmedia":[{"embeddable":true,"href":"https:\/\/revistahubclub.com.br\/portal\/wp-json\/wp\/v2\/media\/11118"}],"wp:attachment":[{"href":"https:\/\/revistahubclub.com.br\/portal\/wp-json\/wp\/v2\/media?parent=11117"}],"wp:term":[{"taxonomy":"category","embeddable":true,"href":"https:\/\/revistahubclub.com.br\/portal\/wp-json\/wp\/v2\/categories?post=11117"},{"taxonomy":"post_tag","embeddable":true,"href":"https:\/\/revistahubclub.com.br\/portal\/wp-json\/wp\/v2\/tags?post=11117"}],"curies":[{"name":"wp","href":"https:\/\/api.w.org\/{rel}","templated":true}]}}