{"id":11120,"date":"2025-05-09T11:38:53","date_gmt":"2025-05-09T14:38:53","guid":{"rendered":"https:\/\/revistahubclub.com.br\/portal\/?p=11120"},"modified":"2025-05-09T11:38:53","modified_gmt":"2025-05-09T14:38:53","slug":"prefeitura-reforca-distribuicao-de-vacinas-para-mobilizacao-do-dia-d-contra-a-gripe","status":"publish","type":"post","link":"https:\/\/revistahubclub.com.br\/portal\/2025\/05\/09\/prefeitura-reforca-distribuicao-de-vacinas-para-mobilizacao-do-dia-d-contra-a-gripe\/","title":{"rendered":"Prefeitura refor\u00e7a distribui\u00e7\u00e3o de vacinas para mobiliza\u00e7\u00e3o do Dia D contra a gripe"},"content":{"rendered":"\n<p>Para garantir que toda a cidade fique abastecida no Dia D da 27\u00aa Campanha Nacional de Vacina\u00e7\u00e3o contra a Influenza, que acontece neste s\u00e1bado (10), a partir das 8h, a Prefeitura de Uberl\u00e2ndia, por meio da Secretaria Municipal de Sa\u00fade, realiza, nesta sexta (9), a distribui\u00e7\u00e3o de novos imunizantes para os mais de 30 pontos da vacina\u00e7\u00e3o.<\/p>\n\n\n\n<p>Ao todo ser\u00e3o enviadas, nesta sexta-feira, 10 mil doses para refor\u00e7ar os estoques dos locais. Durante essa semana, o munic\u00edpio j\u00e1 enviou cerca de 40 mil, totalizando, assim, aproximadamente 50 mil doses nas unidades. Os imunizantes ser\u00e3o transportados da Central de Imuniza\u00e7\u00e3o com destino \u00e0s Unidades de Atendimento Integrado (UAIs) Martins, Pampulha, Tibery, Luizote e Planalto, ao Cantinho da Sa\u00fade \u2013 no Terminal Central, ao Vacim\u00f3vel, que estar\u00e1 no estacionamento descoberto da entrada principal do Center Shopping (na lateral direita), \u00e0 tenda na pra\u00e7a Tubal Vilela, e \u00e0 Casinha do Papai Noel, no Parque do Sabi\u00e1, al\u00e9m de unidades de sa\u00fade estrat\u00e9gicas distribu\u00eddas nos quatro setores da cidade e tamb\u00e9m nos distritos e escolas.<\/p>\n\n\n\n<p>Em pontos de maior circula\u00e7\u00e3o de pessoas e nas UAIs, a vacina\u00e7\u00e3o ocorrer\u00e1 das 8h \u00e0s 17h, enquanto que nas unidades de sa\u00fade e escolas ser\u00e1 at\u00e9 as 14h. (Confira todos os locais e hor\u00e1rios abaixo).<\/p>\n\n\n\n<p>A 27\u00aa Campanha Nacional de Vacina\u00e7\u00e3o Contra a Influenza busca minimizar as complica\u00e7\u00f5es decorrentes da gripe com a chegada do outono e a aproxima\u00e7\u00e3o do inverno, quando as pessoas est\u00e3o mais prop\u00edcias a algum tipo de infec\u00e7\u00e3o respirat\u00f3rio-viral. A vacina \u00e9 segura e reduz as complica\u00e7\u00f5es que podem levar aos casos graves da doen\u00e7a, interna\u00e7\u00f5es ou, at\u00e9 mesmo, \u00f3bitos, principalmente nos grupos de alto risco.&nbsp;<\/p>\n\n\n\n<p><strong>Confira todos os pontos abaixo:<\/strong><\/p>\n\n\n\n<p><strong>Setor Central\/Norte<\/strong><\/p>\n\n\n\n<p>Pra\u00e7a Tubal Vilela (at\u00e9 as 17h)<\/p>\n\n\n\n<p>Cantinho da Sa\u00fade (at\u00e9 as 17h)<\/p>\n\n\n\n<p>UAI Martins (at\u00e9 as 17h)<\/p>\n\n\n\n<p>UBS Roosevelt (at\u00e9 as 14h)<\/p>\n\n\n\n<p>UBS Nossa Senhora das Gra\u00e7as (at\u00e9 as 14h)<\/p>\n\n\n\n<p>UBS Santa Rosa (at\u00e9 as 14h)<\/p>\n\n\n\n<p>UBS Brasil (at\u00e9 as 14h)<\/p>\n\n\n\n<p>Emei Professora Maria Claro (at\u00e9 as 14h)&nbsp;&nbsp;<\/p>\n\n\n\n<p><strong><br>Setor Leste<\/strong><\/p>\n\n\n\n<p>Center Shopping (Vacim\u00f3vel \u2013 8h \u00e0s 17h)<\/p>\n\n\n\n<p>Parque do Sabi\u00e1 (Casa do Papai Noel \u2013 8h \u00e0s 17h)<\/p>\n\n\n\n<p>UAI Tibery (at\u00e9 as 17h)<\/p>\n\n\n\n<p>UBS Cust\u00f3dio (at\u00e9 as 14h)<\/p>\n\n\n\n<p>UBSF Morumbi I, II (at\u00e9 as 14h)<\/p>\n\n\n\n<p>UBSF Dom Almir (at\u00e9 as 14h)<\/p>\n\n\n\n<p>UBSF Aclima\u00e7\u00e3o (at\u00e9 as 14h)<\/p>\n\n\n\n<p>UBSF Alvorada (at\u00e9 as 14h)<\/p>\n\n\n\n<p>Escola Municipal Hilda le\u00e3o Carneiro (at\u00e9 as 14h)&nbsp;<\/p>\n\n\n\n<p><strong>Setor Oeste&nbsp;&nbsp;<\/strong><\/p>\n\n\n\n<p>UAI Luizote (at\u00e9 as 17h)<\/p>\n\n\n\n<p>UAI Planalto (at\u00e9 as 17h)<\/p>\n\n\n\n<p>UBS Tocantins (at\u00e9 as 14h)<\/p>\n\n\n\n<p>UBS Dona Zulmira (at\u00e9 as 14h)<\/p>\n\n\n\n<p>UBSF Cana\u00e3 II (at\u00e9 as 14h)<\/p>\n\n\n\n<p>UBSF Jardim C\u00e9lia (at\u00e9 as 14h)<\/p>\n\n\n\n<p>UBSF Jaragu\u00e1 (at\u00e9 as 14h)<\/p>\n\n\n\n<p>Centro Educacional Professora Maria Siman (at\u00e9 as 14h)<\/p>\n\n\n\n<p><strong>Setor Sul<\/strong><\/p>\n\n\n\n<p>UAI Pampulha (at\u00e9 as 17h)<\/p>\n\n\n\n<p>UBS Patrim\u00f4nio (at\u00e9 as 14h)<\/p>\n\n\n\n<p>UBSF Shopping Park I, II, III (at\u00e9 as 14h)<\/p>\n\n\n\n<p>UBSF Gl\u00f3ria (at\u00e9 as 14h)<\/p>\n\n\n\n<p>UBSF Lagoinha I, II (at\u00e9 as 14h)<\/p>\n\n\n\n<p>UBSF S\u00e3o Jorge II, III (at\u00e9 as 14h)<\/p>\n\n\n\n<p>Escola Municipal Professor Eurico Silva (at\u00e9 as 14h)&nbsp;&nbsp;&nbsp;&nbsp;&nbsp;&nbsp;&nbsp;&nbsp;&nbsp;<\/p>\n\n\n\n<p><strong>Distritos<\/strong><\/p>\n\n\n\n<p>UBSF Miraporanga (at\u00e9 as 14h)<\/p>\n\n\n\n<p>UBSF Cruzeiro (at\u00e9 as 14h)<\/p>\n\n\n\n<p>UBSF Martin\u00e9sia (at\u00e9 as 14h)<\/p>\n\n\n\n<p>UBSF Tapuirama (at\u00e9 as 14h)<\/p>\n\n\n<figure class=\"wp-block-post-featured-image\"><img loading=\"lazy\" decoding=\"async\" width=\"886\" height=\"567\" src=\"https:\/\/revistahubclub.com.br\/portal\/wp-content\/uploads\/2025\/05\/vacina-gripe.png\" class=\"attachment-post-thumbnail size-post-thumbnail wp-post-image\" alt=\"\" style=\"object-fit:cover;\" srcset=\"https:\/\/revistahubclub.com.br\/portal\/wp-content\/uploads\/2025\/05\/vacina-gripe.png 886w, https:\/\/revistahubclub.com.br\/portal\/wp-content\/uploads\/2025\/05\/vacina-gripe-300x192.png 300w, https:\/\/revistahubclub.com.br\/portal\/wp-content\/uploads\/2025\/05\/vacina-gripe-768x491.png 768w\" sizes=\"auto, (max-width: 886px) 100vw, 886px\" \/><\/figure>","protected":false},"excerpt":{"rendered":"<p>Para garantir que toda a cidade fique abastecida no Dia D da 27\u00aa Campanha Nacional de Vacina\u00e7\u00e3o contra a Influenza, que acontece neste s\u00e1bado (10), a partir das 8h, a<\/p>\n","protected":false},"author":2,"featured_media":11121,"comment_status":"open","ping_status":"open","sticky":false,"template":"","format":"standard","meta":{"footnotes":""},"categories":[1],"tags":[427,27,426],"class_list":["post-11120","post","type-post","status-publish","format-standard","has-post-thumbnail","hentry","category-noticias","tag-gripe","tag-uberlandia","tag-vacina"],"_links":{"self":[{"href":"https:\/\/revistahubclub.com.br\/portal\/wp-json\/wp\/v2\/posts\/11120","targetHints":{"allow":["GET"]}}],"collection":[{"href":"https:\/\/revistahubclub.com.br\/portal\/wp-json\/wp\/v2\/posts"}],"about":[{"href":"https:\/\/revistahubclub.com.br\/portal\/wp-json\/wp\/v2\/types\/post"}],"author":[{"embeddable":true,"href":"https:\/\/revistahubclub.com.br\/portal\/wp-json\/wp\/v2\/users\/2"}],"replies":[{"embeddable":true,"href":"https:\/\/revistahubclub.com.br\/portal\/wp-json\/wp\/v2\/comments?post=11120"}],"version-history":[{"count":1,"href":"https:\/\/revistahubclub.com.br\/portal\/wp-json\/wp\/v2\/posts\/11120\/revisions"}],"predecessor-version":[{"id":11122,"href":"https:\/\/revistahubclub.com.br\/portal\/wp-json\/wp\/v2\/posts\/11120\/revisions\/11122"}],"wp:featuredmedia":[{"embeddable":true,"href":"https:\/\/revistahubclub.com.br\/portal\/wp-json\/wp\/v2\/media\/11121"}],"wp:attachment":[{"href":"https:\/\/revistahubclub.com.br\/portal\/wp-json\/wp\/v2\/media?parent=11120"}],"wp:term":[{"taxonomy":"category","embeddable":true,"href":"https:\/\/revistahubclub.com.br\/portal\/wp-json\/wp\/v2\/categories?post=11120"},{"taxonomy":"post_tag","embeddable":true,"href":"https:\/\/revistahubclub.com.br\/portal\/wp-json\/wp\/v2\/tags?post=11120"}],"curies":[{"name":"wp","href":"https:\/\/api.w.org\/{rel}","templated":true}]}}