{"id":11131,"date":"2025-05-12T17:01:32","date_gmt":"2025-05-12T20:01:32","guid":{"rendered":"https:\/\/revistahubclub.com.br\/portal\/?p=11131"},"modified":"2025-05-12T17:01:32","modified_gmt":"2025-05-12T20:01:32","slug":"curso-gratuito-prepara-profissionais-para-as-novas-exigencias-do-mercado","status":"publish","type":"post","link":"https:\/\/revistahubclub.com.br\/portal\/2025\/05\/12\/curso-gratuito-prepara-profissionais-para-as-novas-exigencias-do-mercado\/","title":{"rendered":"Curso gratuito prepara profissionais para as novas exig\u00eancias do mercado"},"content":{"rendered":"\n<p><\/p>\n\n\n\n<p><em>Instituto Projeto de Vida est\u00e1 com vagas abertas para nova turma do Carreira<\/em><\/p>\n\n\n\n<p>Profissionais interessados em reinser\u00e7\u00e3o no mercado de trabalho, transi\u00e7\u00e3o de carreira ou in\u00edcio no empreendedorismo t\u00eam uma grande oportunidade com a turma 15 do Projeto Carreira. O curso presencial gratuito, oferecido pelo Instituto Projeto de Vida (IPV), est\u00e1 com inscri\u00e7\u00f5es abertas at\u00e9 27 de maio. Criado em 2018, o Projeto Carreira j\u00e1 impactou mais de 600 profissionais e \u00e9 reconhecido pelo conte\u00fado sempre atualizado.<\/p>\n\n\n\n<p>Uma das principais caracter\u00edsticas que mant\u00e9m o curso relevante \u00e9 o compromisso do IPV em acompanhar as constantes transforma\u00e7\u00f5es do mercado de trabalho e incorpor\u00e1-las \u00e0 ementa do programa. Al\u00e9m disso, o curso \u00e9 ministrado por mais de 60 volunt\u00e1rios \u2013 empres\u00e1rios e especialistas que vivenciam e promovem essas mudan\u00e7as no dia a dia de suas organiza\u00e7\u00f5es.<\/p>\n\n\n\n<p>O curso, que inicia em 3 de junho e tem dura\u00e7\u00e3o de tr\u00eas meses, totaliza 260 horas de aprendizado. As aulas s\u00e3o realizadas de segunda a sexta-feira, das 14h \u00e0s 18h, e incluem seis m\u00f3dulos principais, al\u00e9m de um m\u00f3dulo opcional de certifica\u00e7\u00e3o em sistema de gest\u00e3o empresarial (ERP). Entre os temas abordados est\u00e3o: Autoconhecimento e Comportamento, Comunica\u00e7\u00e3o e Imagem, Gest\u00e3o Financeira e Marketing Digital Ferramentas de Intelig\u00eancia Artificial, Metodologias Ativas, Novas Tecnologias, Processos Empresariais e outros.&nbsp;<\/p>\n\n\n\n<p>\u201cNossos participantes saem com alta taxa de empregabilidade, o que demonstra a efici\u00eancia do curso em promover transforma\u00e7\u00f5es reais na vida dos alunos. Para quem busca uma forma\u00e7\u00e3o gratuita e de qualidade, o Projeto Carreira representa uma oportunidade \u00fanica de capacita\u00e7\u00e3o profissional, impulsionada por uma abordagem atualizada e orientada para as demandas reais do mercado\u201d, explica Raquel Garcia, presidente executiva do IPV.<\/p>\n\n\n\n<p>\u201c\u00c9 mais do que capacita\u00e7\u00e3o \u2014 \u00e9 transforma\u00e7\u00e3o de vida real, na pr\u00e1tica. O Carreira muda o jeito como os alunos se veem, como se expressam e como projetam seus sonhos. Eles saem diferentes, prontos, totalmente capacitados! O mercado percebe isso, e por isso eles s\u00e3o contratados t\u00e3o r\u00e1pido. \u00c9 uma oportunidade \u00fanica, especialmente para quem \u00e9 da \u00e1rea de tecnologia e deseja se atualizar em um ambiente que combina prop\u00f3sito, humanidade e vis\u00e3o de futuro\u201d, destaca Ferdinando Kun \u2014 l\u00edder do Uberhub e professor volunt\u00e1rio no Carreira.<\/p>\n\n\n\n<p><strong>Mudan\u00e7as no mercado de trabalho<\/strong><\/p>\n\n\n\n<p>De acordo com o relat\u00f3rio \u201cFuture of Jobs 2025\u201d, do F\u00f3rum Econ\u00f4mico Mundial, 39% das habilidades profissionais precisar\u00e3o ser atualizadas at\u00e9 2030. Entre as habilidades mais demandadas destacam-se pensamento anal\u00edtico e inova\u00e7\u00e3o, resili\u00eancia, agilidade e aprendizagem cont\u00ednua, alfabetiza\u00e7\u00e3o em Intelig\u00eancia Artificial e big data e lideran\u00e7a, influ\u00eancia e criatividade. A automa\u00e7\u00e3o, por exemplo, deve gerar 78 milh\u00f5es de novos postos de trabalho l\u00edquidos at\u00e9 2030, enquanto transforma profundamente os perfis exigidos pelas empresas. Trabalho remoto e modelos flex\u00edveis tamb\u00e9m ser\u00e3o cada vez mais comuns. Essas mudan\u00e7as exigem profissionais adapt\u00e1veis, com compet\u00eancias t\u00e9cnicas e humanas equilibradas \u2013 exatamente o que o Projeto Carreira se prop\u00f5e a desenvolver.<\/p>\n\n\n\n<p><strong>Inscri\u00e7\u00f5es<\/strong><\/p>\n\n\n\n<p>As 80 vagas s\u00e3o destinadas a pessoas com ensino m\u00e9dio completo, idade m\u00ednima de 18 anos e disponibilidade para frequentar as aulas presenciais no per\u00edodo da tarde. As inscri\u00e7\u00f5es s\u00e3o gratuitas e preenchidas por ordem de chegada e devem ser feitas no site do Instituto Projeto de Vida: <a href=\"https:\/\/institutoprojetodevida.org\/carreira\/\">https:\/\/institutoprojetodevida.org\/carreira\/<\/a><\/p>\n\n\n\n<p><strong>Sobre o Instituto Projeto de Vida<\/strong><\/p>\n\n\n\n<p>Organiza\u00e7\u00e3o social criada em 2018 como forma pr\u00e1tica de dar oportunidades a pessoas, comunidades e escolas,&nbsp;atrav\u00e9s da&nbsp;educa\u00e7\u00e3o e&nbsp;da&nbsp;disponibilidade de ferramentas e profissionais que auxiliam no desenvolvimento profissional e humano dos beneficiados pelos programas disponibilizados. O IPV tem como foco levar solu\u00e7\u00f5es que gerem impacto por onde passar.&nbsp;A mudan\u00e7a de vida, a cria\u00e7\u00e3o de oportunidades e o desenvolvimento pessoal e comportamental de cada beneficiado s\u00e3o atributos que movem o Instituto.<\/p>\n\n\n\n<p><strong>Servi\u00e7o:<\/strong><\/p>\n\n\n\n<p>Per\u00edodo de inscri\u00e7\u00e3o: at\u00e9&nbsp;27 de maio (gratuito)<\/p>\n\n\n\n<p>In\u00edcio das aulas: 3 de junho&nbsp;<\/p>\n\n\n\n<p>Dura\u00e7\u00e3o: 3 meses (260 horas de aulas)<\/p>\n\n\n\n<p>Hor\u00e1rio: segunda a sexta-feira, das 14h \u00e0s 18h<\/p>\n\n\n\n<p>Vagas dispon\u00edveis: 80<\/p>\n\n\n\n<p>Requisitos: ensino m\u00e9dio completo, idade m\u00ednima de 18 anos e ter disponibilidade para fazer o curso todas as tardes.<\/p>\n\n\n\n<p><\/p>\n","protected":false},"excerpt":{"rendered":"<p>Instituto Projeto de Vida est\u00e1 com vagas abertas para nova turma do Carreira Profissionais interessados em reinser\u00e7\u00e3o no mercado de trabalho, transi\u00e7\u00e3o de carreira ou in\u00edcio no empreendedorismo t\u00eam uma<\/p>\n","protected":false},"author":3,"featured_media":11132,"comment_status":"open","ping_status":"open","sticky":false,"template":"","format":"standard","meta":{"footnotes":""},"categories":[1],"tags":[],"class_list":["post-11131","post","type-post","status-publish","format-standard","has-post-thumbnail","hentry","category-noticias"],"_links":{"self":[{"href":"https:\/\/revistahubclub.com.br\/portal\/wp-json\/wp\/v2\/posts\/11131","targetHints":{"allow":["GET"]}}],"collection":[{"href":"https:\/\/revistahubclub.com.br\/portal\/wp-json\/wp\/v2\/posts"}],"about":[{"href":"https:\/\/revistahubclub.com.br\/portal\/wp-json\/wp\/v2\/types\/post"}],"author":[{"embeddable":true,"href":"https:\/\/revistahubclub.com.br\/portal\/wp-json\/wp\/v2\/users\/3"}],"replies":[{"embeddable":true,"href":"https:\/\/revistahubclub.com.br\/portal\/wp-json\/wp\/v2\/comments?post=11131"}],"version-history":[{"count":1,"href":"https:\/\/revistahubclub.com.br\/portal\/wp-json\/wp\/v2\/posts\/11131\/revisions"}],"predecessor-version":[{"id":11133,"href":"https:\/\/revistahubclub.com.br\/portal\/wp-json\/wp\/v2\/posts\/11131\/revisions\/11133"}],"wp:featuredmedia":[{"embeddable":true,"href":"https:\/\/revistahubclub.com.br\/portal\/wp-json\/wp\/v2\/media\/11132"}],"wp:attachment":[{"href":"https:\/\/revistahubclub.com.br\/portal\/wp-json\/wp\/v2\/media?parent=11131"}],"wp:term":[{"taxonomy":"category","embeddable":true,"href":"https:\/\/revistahubclub.com.br\/portal\/wp-json\/wp\/v2\/categories?post=11131"},{"taxonomy":"post_tag","embeddable":true,"href":"https:\/\/revistahubclub.com.br\/portal\/wp-json\/wp\/v2\/tags?post=11131"}],"curies":[{"name":"wp","href":"https:\/\/api.w.org\/{rel}","templated":true}]}}