{"id":11137,"date":"2025-05-13T10:02:47","date_gmt":"2025-05-13T13:02:47","guid":{"rendered":"https:\/\/revistahubclub.com.br\/portal\/?p=11137"},"modified":"2025-05-13T10:02:47","modified_gmt":"2025-05-13T13:02:47","slug":"ferub-sedia-dia-de-campo-sobre-vitinicultura","status":"publish","type":"post","link":"https:\/\/revistahubclub.com.br\/portal\/2025\/05\/13\/ferub-sedia-dia-de-campo-sobre-vitinicultura\/","title":{"rendered":"Ferub sedia Dia de Campo sobre Vitinicultura"},"content":{"rendered":"\n<p>A Prefeitura de Uberl\u00e2ndia, por meio da Funda\u00e7\u00e3o Excel\u00eancia Rural de Uberl\u00e2ndia (Ferub), sediar\u00e1 na pr\u00f3xima sexta-feira (16), das 8h15 \u00e0s 12h30, um Dia de Campo sobre Vitinicultura. O evento, realizado pela Emater, com apoio da Prefeitura, integra o Circuito Agropecu\u00e1rio do Tri\u00e2ngulo.<\/p>\n\n\n\n<p>As atividades programadas da etapa Uberl\u00e2ndia, que ocorrer\u00e3o na Fazenda Buriti, sede da Ferub (km 63 da BR-050 \u2013 sa\u00edda para Araguari), ser\u00e3o abertas para produtores interessados. A inscri\u00e7\u00e3o pode ser feita de forma gratuita pelo link (<a href=\"https:\/\/docs.google.com\/forms\/d\/e\/1FAIpQLSfFDDwUWUA6wsE4w0sDABPeOCq7u0tsTUmsY8hHjmYQsKA19A\/viewform?pli=1\" target=\"_blank\" rel=\"noreferrer noopener\"><strong>Clique Aqui<\/strong><\/a><strong>).<\/strong><\/p>\n\n\n\n<p>Na oportunidade, os participantes ter\u00e3o acesso aos conte\u00fados como cultivares de uva para a regi\u00e3o do Tri\u00e2ngulo Mineiro e manejo da videira para a produ\u00e7\u00e3o de vinhos finos de qualidade, entre outros. Tamb\u00e9m haver\u00e1 visita t\u00e9cnica ao pomar de uva da Ferub conduzida pelo engenheiro agr\u00f4nomo Mayer Andrade Santos, diretor de projetos e pesquisa da Ferub, e harmoniza\u00e7\u00e3o comentada de queijos artesanais do Tri\u00e2ngulo e vinhos nacionais.&nbsp;<\/p>\n\n\n<figure class=\"wp-block-post-featured-image\"><img loading=\"lazy\" decoding=\"async\" width=\"2048\" height=\"1365\" src=\"https:\/\/revistahubclub.com.br\/portal\/wp-content\/uploads\/2025\/05\/Ferub-Vitinicultura.jpg\" class=\"attachment-post-thumbnail size-post-thumbnail wp-post-image\" alt=\"\" style=\"object-fit:cover;\" srcset=\"https:\/\/revistahubclub.com.br\/portal\/wp-content\/uploads\/2025\/05\/Ferub-Vitinicultura.jpg 2048w, https:\/\/revistahubclub.com.br\/portal\/wp-content\/uploads\/2025\/05\/Ferub-Vitinicultura-300x200.jpg 300w, https:\/\/revistahubclub.com.br\/portal\/wp-content\/uploads\/2025\/05\/Ferub-Vitinicultura-1024x683.jpg 1024w, https:\/\/revistahubclub.com.br\/portal\/wp-content\/uploads\/2025\/05\/Ferub-Vitinicultura-768x512.jpg 768w, https:\/\/revistahubclub.com.br\/portal\/wp-content\/uploads\/2025\/05\/Ferub-Vitinicultura-1536x1024.jpg 1536w, https:\/\/revistahubclub.com.br\/portal\/wp-content\/uploads\/2025\/05\/Ferub-Vitinicultura-900x600.jpg 900w\" sizes=\"auto, (max-width: 2048px) 100vw, 2048px\" \/><\/figure>","protected":false},"excerpt":{"rendered":"<p>A Prefeitura de Uberl\u00e2ndia, por meio da Funda\u00e7\u00e3o Excel\u00eancia Rural de Uberl\u00e2ndia (Ferub), sediar\u00e1 na pr\u00f3xima sexta-feira (16), das 8h15 \u00e0s 12h30, um Dia de Campo sobre Vitinicultura. O evento,<\/p>\n","protected":false},"author":2,"featured_media":11138,"comment_status":"open","ping_status":"open","sticky":false,"template":"","format":"standard","meta":{"footnotes":""},"categories":[1],"tags":[16,86,27,428],"class_list":["post-11137","post","type-post","status-publish","format-standard","has-post-thumbnail","hentry","category-noticias","tag-agronegocio","tag-economia","tag-uberlandia","tag-vitinicultura"],"_links":{"self":[{"href":"https:\/\/revistahubclub.com.br\/portal\/wp-json\/wp\/v2\/posts\/11137","targetHints":{"allow":["GET"]}}],"collection":[{"href":"https:\/\/revistahubclub.com.br\/portal\/wp-json\/wp\/v2\/posts"}],"about":[{"href":"https:\/\/revistahubclub.com.br\/portal\/wp-json\/wp\/v2\/types\/post"}],"author":[{"embeddable":true,"href":"https:\/\/revistahubclub.com.br\/portal\/wp-json\/wp\/v2\/users\/2"}],"replies":[{"embeddable":true,"href":"https:\/\/revistahubclub.com.br\/portal\/wp-json\/wp\/v2\/comments?post=11137"}],"version-history":[{"count":1,"href":"https:\/\/revistahubclub.com.br\/portal\/wp-json\/wp\/v2\/posts\/11137\/revisions"}],"predecessor-version":[{"id":11139,"href":"https:\/\/revistahubclub.com.br\/portal\/wp-json\/wp\/v2\/posts\/11137\/revisions\/11139"}],"wp:featuredmedia":[{"embeddable":true,"href":"https:\/\/revistahubclub.com.br\/portal\/wp-json\/wp\/v2\/media\/11138"}],"wp:attachment":[{"href":"https:\/\/revistahubclub.com.br\/portal\/wp-json\/wp\/v2\/media?parent=11137"}],"wp:term":[{"taxonomy":"category","embeddable":true,"href":"https:\/\/revistahubclub.com.br\/portal\/wp-json\/wp\/v2\/categories?post=11137"},{"taxonomy":"post_tag","embeddable":true,"href":"https:\/\/revistahubclub.com.br\/portal\/wp-json\/wp\/v2\/tags?post=11137"}],"curies":[{"name":"wp","href":"https:\/\/api.w.org\/{rel}","templated":true}]}}