{"id":11143,"date":"2025-05-13T10:17:21","date_gmt":"2025-05-13T13:17:21","guid":{"rendered":"https:\/\/revistahubclub.com.br\/portal\/?p=11143"},"modified":"2025-05-13T10:17:21","modified_gmt":"2025-05-13T13:17:21","slug":"uai-de-uberlandia-oferece-emissao-gratuita-de-documentos-e-servicos-essenciais-para-populacao-vulneravel","status":"publish","type":"post","link":"https:\/\/revistahubclub.com.br\/portal\/2025\/05\/13\/uai-de-uberlandia-oferece-emissao-gratuita-de-documentos-e-servicos-essenciais-para-populacao-vulneravel\/","title":{"rendered":"UAI de Uberl\u00e2ndia oferece emiss\u00e3o gratuita de documentos e servi\u00e7os essenciais para popula\u00e7\u00e3o vulner\u00e1vel"},"content":{"rendered":"\n<p><\/p>\n\n\n\n<p>A Unidade de Atendimento Integrado (UAI) de Uberl\u00e2ndia est\u00e1 promovendo, entre os dias 12 e 16 de maio, uma a\u00e7\u00e3o importante. Como parte da Semana Nacional do Registro Civil, a unidade localizada no P\u00e1tio Sabi\u00e1 est\u00e1 realizando a emiss\u00e3o gratuita de documentos e oferecendo servi\u00e7os fundamentais para pessoas em situa\u00e7\u00e3o de vulnerabilidade social.<\/p>\n\n\n\n<p>A iniciativa, que chega \u00e0 sua terceira edi\u00e7\u00e3o, \u00e9 coordenada pelo Conselho Nacional de Justi\u00e7a (CNJ) em parceria com diversas institui\u00e7\u00f5es. O objetivo principal \u00e9 combater o sub-registro civil e garantir o acesso \u00e0 documenta\u00e7\u00e3o b\u00e1sica, promovendo inclus\u00e3o, dignidade e cidadania para quem mais precisa.<\/p>\n\n\n\n<p>Em Uberl\u00e2ndia, a UAI est\u00e1 com capacidade para atender at\u00e9 50 pessoas por dia, oferecendo gratuitamente a nova Carteira de Identidade Nacional (CIN), certid\u00f5es de nascimento e casamento, regulariza\u00e7\u00e3o do CPF, consultas sobre situa\u00e7\u00e3o eleitoral e orienta\u00e7\u00f5es previdenci\u00e1rias com o INSS. Tamb\u00e9m est\u00e3o dispon\u00edveis atendimentos relacionados ao Cad\u00danico, orienta\u00e7\u00e3o jur\u00eddica e apoio do Centro Judici\u00e1rio de Solu\u00e7\u00e3o de Conflitos e Cidadania (Cejusc).<\/p>\n\n\n\n<p>Segundo a Secretaria de Estado de Planejamento e Gest\u00e3o (Seplag-MG), essa \u00e9 a primeira vez que a unidade de Uberl\u00e2ndia participa da a\u00e7\u00e3o, refor\u00e7ando o compromisso da cidade com a inclus\u00e3o social. \u201cA presen\u00e7a da UAI de Uberl\u00e2ndia nessa mobiliza\u00e7\u00e3o representa um passo importante para aproximar o poder p\u00fablico de quem mais precisa dele\u201d, destacou Rodrigo Matias, secret\u00e1rio-adjunto da Seplag.<\/p>\n\n\n\n<p>A a\u00e7\u00e3o \u00e9 voltada especialmente para pessoas em situa\u00e7\u00e3o de rua, popula\u00e7\u00e3o ind\u00edgena, indiv\u00edduos em cumprimento de medidas de seguran\u00e7a, pessoas em situa\u00e7\u00e3o manicomial e egressos do sistema prisional.<\/p>\n\n\n\n<p>A Semana Nacional do Registro Civil \u00e9 organizada em Minas Gerais pela Corregedoria-Geral de Justi\u00e7a do Estado, com apoio do Tribunal de Justi\u00e7a, Defensorias P\u00fablicas, Receita Federal, Minist\u00e9rio P\u00fablico, OAB-MG e outras entidades que uniram for\u00e7as para oferecer um atendimento integrado e humanizado.<\/p>\n\n\n<figure class=\"wp-block-post-featured-image\"><img loading=\"lazy\" decoding=\"async\" width=\"1280\" height=\"720\" src=\"https:\/\/revistahubclub.com.br\/portal\/wp-content\/uploads\/2025\/05\/UAI-Documentos.jpg\" class=\"attachment-post-thumbnail size-post-thumbnail wp-post-image\" alt=\"\" style=\"object-fit:cover;\" srcset=\"https:\/\/revistahubclub.com.br\/portal\/wp-content\/uploads\/2025\/05\/UAI-Documentos.jpg 1280w, https:\/\/revistahubclub.com.br\/portal\/wp-content\/uploads\/2025\/05\/UAI-Documentos-300x169.jpg 300w, https:\/\/revistahubclub.com.br\/portal\/wp-content\/uploads\/2025\/05\/UAI-Documentos-1024x576.jpg 1024w, https:\/\/revistahubclub.com.br\/portal\/wp-content\/uploads\/2025\/05\/UAI-Documentos-768x432.jpg 768w\" sizes=\"auto, (max-width: 1280px) 100vw, 1280px\" \/><\/figure>","protected":false},"excerpt":{"rendered":"<p>A Unidade de Atendimento Integrado (UAI) de Uberl\u00e2ndia est\u00e1 promovendo, entre os dias 12 e 16 de maio, uma a\u00e7\u00e3o importante. Como parte da Semana Nacional do Registro Civil, a<\/p>\n","protected":false},"author":2,"featured_media":11144,"comment_status":"open","ping_status":"open","sticky":false,"template":"","format":"standard","meta":{"footnotes":""},"categories":[1],"tags":[431,430,27],"class_list":["post-11143","post","type-post","status-publish","format-standard","has-post-thumbnail","hentry","category-noticias","tag-emissao-gratuita","tag-uai-documentos","tag-uberlandia"],"_links":{"self":[{"href":"https:\/\/revistahubclub.com.br\/portal\/wp-json\/wp\/v2\/posts\/11143","targetHints":{"allow":["GET"]}}],"collection":[{"href":"https:\/\/revistahubclub.com.br\/portal\/wp-json\/wp\/v2\/posts"}],"about":[{"href":"https:\/\/revistahubclub.com.br\/portal\/wp-json\/wp\/v2\/types\/post"}],"author":[{"embeddable":true,"href":"https:\/\/revistahubclub.com.br\/portal\/wp-json\/wp\/v2\/users\/2"}],"replies":[{"embeddable":true,"href":"https:\/\/revistahubclub.com.br\/portal\/wp-json\/wp\/v2\/comments?post=11143"}],"version-history":[{"count":1,"href":"https:\/\/revistahubclub.com.br\/portal\/wp-json\/wp\/v2\/posts\/11143\/revisions"}],"predecessor-version":[{"id":11145,"href":"https:\/\/revistahubclub.com.br\/portal\/wp-json\/wp\/v2\/posts\/11143\/revisions\/11145"}],"wp:featuredmedia":[{"embeddable":true,"href":"https:\/\/revistahubclub.com.br\/portal\/wp-json\/wp\/v2\/media\/11144"}],"wp:attachment":[{"href":"https:\/\/revistahubclub.com.br\/portal\/wp-json\/wp\/v2\/media?parent=11143"}],"wp:term":[{"taxonomy":"category","embeddable":true,"href":"https:\/\/revistahubclub.com.br\/portal\/wp-json\/wp\/v2\/categories?post=11143"},{"taxonomy":"post_tag","embeddable":true,"href":"https:\/\/revistahubclub.com.br\/portal\/wp-json\/wp\/v2\/tags?post=11143"}],"curies":[{"name":"wp","href":"https:\/\/api.w.org\/{rel}","templated":true}]}}