{"id":11152,"date":"2025-05-14T11:30:51","date_gmt":"2025-05-14T14:30:51","guid":{"rendered":"https:\/\/revistahubclub.com.br\/portal\/?p=11152"},"modified":"2025-05-14T11:30:51","modified_gmt":"2025-05-14T14:30:51","slug":"prefeitura-de-uberlandia-lanca-campanha-do-agasalho-2025","status":"publish","type":"post","link":"https:\/\/revistahubclub.com.br\/portal\/2025\/05\/14\/prefeitura-de-uberlandia-lanca-campanha-do-agasalho-2025\/","title":{"rendered":"Prefeitura de Uberl\u00e2ndia lan\u00e7a Campanha do Agasalho 2025"},"content":{"rendered":"\n<p>A Prefeitura de Uberl\u00e2ndia lan\u00e7ou, nesta quarta-feira (14), a 12\u00aa edi\u00e7\u00e3o da Campanha do Agasalho. A cerim\u00f4nia de lan\u00e7amento aconteceu no Centro Administrativo Municipal. A iniciativa tem o objetivo de prestar assist\u00eancia \u00e0s pessoas em situa\u00e7\u00e3o de vulnerabilidade social durante o per\u00edodo com baixas temperaturas. A Campanha \u00e9 realizada em parceria com as emissoras Band Tri\u00e2ngulo e Band FM, Supermercados BH, Ivan Neg\u00f3cios e Terminal Central.<\/p>\n\n\n\n<p><br>As doa\u00e7\u00f5es j\u00e1 podem ser feitas em diversos pontos da cidade (confira a lista completa abaixo). Podem ser entregues itens como agasalhos, cobertores, cal\u00e7ados e meias. A campanha segue at\u00e9 o dia 20 de junho.<\/p>\n\n\n\n<p><br>\u201cEssa campanha tem a proposta de melhorar a qualidade de vida das pessoas doando artigos de muita utilidade. Neste ano, queremos superar a quantidade de doa\u00e7\u00f5es das campanhas anteriores, por isso pedimos \u00e0 popula\u00e7\u00e3o que abrace a causa e fa\u00e7a suas doa\u00e7\u00f5es\u201d, disse o prefeito Paulo S\u00e9rgio.<\/p>\n\n\n\n<p><br>Na edi\u00e7\u00e3o 2024, a Campanha do Agasalho bateu recorde em arrecada\u00e7\u00e3o e doou 50 toneladas de pe\u00e7as. Os itens foram distribu\u00eddos para mais de 800 fam\u00edlias cadastradas na Diretoria de Benef\u00edcios Socioassistenciais, da Secretaria Municipal de Desenvolvimento Social.<\/p>\n\n\n\n<p>Pontos de arrecada\u00e7\u00e3o da Campanha do Agasalho 2025:<\/p>\n\n\n\n<ul class=\"wp-block-list\">\n<li>Centro Administrativo Municipal \u2013 Avenida Anselmo Alves dos Santos, 600, Santa M\u00f4nica<\/li>\n\n\n\n<li>Band Tri\u00e2ngulo e Band FM \u2013 Avenida Rondon Pacheco, 3.159, L\u00eddice<\/li>\n\n\n\n<li>Terminal Central \u2013 Avenida Jo\u00e3o Pessoa, cruzamento com a avenida Jo\u00e3o Pinheiro<\/li>\n<\/ul>\n\n\n\n<p>Supermercados BH<\/p>\n\n\n\n<ul class=\"wp-block-list\">\n<li>Avenida Anselmo Alves dos Santos, 1.001, Tibery<\/li>\n\n\n\n<li>Avenida Professor Jos\u00e9 In\u00e1cio de Souza, 367, Nossa Senhora Aparecida<\/li>\n\n\n\n<li>Alameda dos Pinhais, 3.500, Morada da Colina<\/li>\n\n\n\n<li>BR-050, 7.085, Cust\u00f3dio Pereira<\/li>\n<\/ul>\n\n\n\n<p>Ivan Neg\u00f3cios Imobili\u00e1rios<\/p>\n\n\n\n<ul class=\"wp-block-list\">\n<li>Rua Arthur Bernardes, 352, Martins<\/li>\n\n\n\n<li>Avenida Belarmino Cotta Pacheco, 32, Santa M\u00f4nica<\/li>\n\n\n\n<li>Avenida Jo\u00e3o Naves de \u00c1vila, 1.331, loja 615, piso E1, Center Shopping, Tibery<\/li>\n\n\n\n<li>Avenida dos Vinhedos, 50, P\u00e1tio Vinhedos, Jardim Kara\u00edba<\/li>\n<\/ul>\n\n\n<figure class=\"wp-block-post-featured-image\"><img loading=\"lazy\" decoding=\"async\" width=\"2560\" height=\"1707\" src=\"https:\/\/revistahubclub.com.br\/portal\/wp-content\/uploads\/2025\/05\/agasalho.jpg\" class=\"attachment-post-thumbnail size-post-thumbnail wp-post-image\" alt=\"\" style=\"object-fit:cover;\" srcset=\"https:\/\/revistahubclub.com.br\/portal\/wp-content\/uploads\/2025\/05\/agasalho.jpg 2560w, https:\/\/revistahubclub.com.br\/portal\/wp-content\/uploads\/2025\/05\/agasalho-300x200.jpg 300w, https:\/\/revistahubclub.com.br\/portal\/wp-content\/uploads\/2025\/05\/agasalho-1024x683.jpg 1024w, https:\/\/revistahubclub.com.br\/portal\/wp-content\/uploads\/2025\/05\/agasalho-768x512.jpg 768w, https:\/\/revistahubclub.com.br\/portal\/wp-content\/uploads\/2025\/05\/agasalho-1536x1024.jpg 1536w, https:\/\/revistahubclub.com.br\/portal\/wp-content\/uploads\/2025\/05\/agasalho-2048x1366.jpg 2048w, https:\/\/revistahubclub.com.br\/portal\/wp-content\/uploads\/2025\/05\/agasalho-900x600.jpg 900w\" sizes=\"auto, (max-width: 2560px) 100vw, 2560px\" \/><\/figure>","protected":false},"excerpt":{"rendered":"<p>A Prefeitura de Uberl\u00e2ndia lan\u00e7ou, nesta quarta-feira (14), a 12\u00aa edi\u00e7\u00e3o da Campanha do Agasalho. A cerim\u00f4nia de lan\u00e7amento aconteceu no Centro Administrativo Municipal. A iniciativa tem o objetivo de<\/p>\n","protected":false},"author":2,"featured_media":11153,"comment_status":"open","ping_status":"open","sticky":false,"template":"","format":"standard","meta":{"footnotes":""},"categories":[1],"tags":[435,331,436,27],"class_list":["post-11152","post","type-post","status-publish","format-standard","has-post-thumbnail","hentry","category-noticias","tag-agasalho","tag-campanha","tag-solidariedade","tag-uberlandia"],"_links":{"self":[{"href":"https:\/\/revistahubclub.com.br\/portal\/wp-json\/wp\/v2\/posts\/11152","targetHints":{"allow":["GET"]}}],"collection":[{"href":"https:\/\/revistahubclub.com.br\/portal\/wp-json\/wp\/v2\/posts"}],"about":[{"href":"https:\/\/revistahubclub.com.br\/portal\/wp-json\/wp\/v2\/types\/post"}],"author":[{"embeddable":true,"href":"https:\/\/revistahubclub.com.br\/portal\/wp-json\/wp\/v2\/users\/2"}],"replies":[{"embeddable":true,"href":"https:\/\/revistahubclub.com.br\/portal\/wp-json\/wp\/v2\/comments?post=11152"}],"version-history":[{"count":1,"href":"https:\/\/revistahubclub.com.br\/portal\/wp-json\/wp\/v2\/posts\/11152\/revisions"}],"predecessor-version":[{"id":11154,"href":"https:\/\/revistahubclub.com.br\/portal\/wp-json\/wp\/v2\/posts\/11152\/revisions\/11154"}],"wp:featuredmedia":[{"embeddable":true,"href":"https:\/\/revistahubclub.com.br\/portal\/wp-json\/wp\/v2\/media\/11153"}],"wp:attachment":[{"href":"https:\/\/revistahubclub.com.br\/portal\/wp-json\/wp\/v2\/media?parent=11152"}],"wp:term":[{"taxonomy":"category","embeddable":true,"href":"https:\/\/revistahubclub.com.br\/portal\/wp-json\/wp\/v2\/categories?post=11152"},{"taxonomy":"post_tag","embeddable":true,"href":"https:\/\/revistahubclub.com.br\/portal\/wp-json\/wp\/v2\/tags?post=11152"}],"curies":[{"name":"wp","href":"https:\/\/api.w.org\/{rel}","templated":true}]}}