{"id":11161,"date":"2025-05-15T10:23:09","date_gmt":"2025-05-15T13:23:09","guid":{"rendered":"https:\/\/revistahubclub.com.br\/portal\/?p=11161"},"modified":"2025-05-15T10:23:09","modified_gmt":"2025-05-15T13:23:09","slug":"uberlandia-teve-50-de-aumento-nos-casos-de-sindrome-respiratoria-aguda-grave-e-4-mortes","status":"publish","type":"post","link":"https:\/\/revistahubclub.com.br\/portal\/2025\/05\/15\/uberlandia-teve-50-de-aumento-nos-casos-de-sindrome-respiratoria-aguda-grave-e-4-mortes\/","title":{"rendered":"Uberl\u00e2ndia teve 50% de aumento nos casos de S\u00edndrome Respirat\u00f3ria Aguda Grave e 4 mortes"},"content":{"rendered":"\n<p>Com os 28 leitos do Centro de Interna\u00e7\u00e3o Pedi\u00e1trico lotados h\u00e1 mais de cinco semanas e um aumento de 50% na procura por atendimentos relacionados a doen\u00e7as respirat\u00f3rias, Uberl\u00e2ndia enfrenta um cen\u00e1rio emergencial na sa\u00fade p\u00fablica. A alta na demanda em casos de S\u00edndrome Respirat\u00f3ria Aguda Grave (SRAG), especialmente entre crian\u00e7as, levou a cidade a decretar\u00a0emerg\u00eancia em sa\u00fade\u00a0no in\u00edcio deste m\u00eas de maio.<\/p>\n\n\n\n<p>Segundo o secret\u00e1rio municipal de Sa\u00fade, Adenilson Lima, a consequ\u00eancia direta da sobrecarga \u00e9 o aumento do tempo de espera, e que os adultos est\u00e3o sendo atendidos em sua totalidade.<\/p>\n\n\n\n<figure class=\"wp-block-image\" id=\"attachment_105689\"><img decoding=\"async\" src=\"https:\/\/paranaibamais.com.br\/wp-content\/uploads\/2025\/05\/srag-uberlandia.jpg\" alt=\"srag uberlandia\" class=\"wp-image-105689\" \/><figcaption class=\"wp-element-caption\">Unidades de sa\u00fade operam no limite com alta na demanda por atendimentos pedi\u00e1tricos \u2013 Foto: Danilo Henriques\/Secretaria de Governo e Comunica\u00e7\u00e3o- PMU<\/figcaption><\/figure>\n\n\n\n<p>Al\u00e9m da press\u00e3o sobre os atendimentos, a cidade contabiliza quatro mortes por SRAG em 2025, de acordo com informa\u00e7\u00f5es do Sistema Epidemiol\u00f3gico da Prefeitura. Os perfis das v\u00edtimas ainda n\u00e3o foram divulgados.<\/p>\n\n\n\n<h2 class=\"wp-block-heading\">Cobertura vacinal<\/h2>\n\n\n\n<p>Outro fator que preocupa as autoridades \u00e9 a cobertura vacinal contra a gripe. Entre os idosos, apenas 46% se vacinaram at\u00e9 agora, o \u00edndice \u00e9 ainda mais baixo entre as crian\u00e7as de 6 meses at\u00e9 6 anos, com 20% de cobertura, e 27% entre as gestantes.<\/p>\n\n\n\n<p>\u201cEstamos incentivando a vacina\u00e7\u00e3o em massa, a popula\u00e7\u00e3o precisa se vacinar, e a imunidade come\u00e7a a se formar de duas a tr\u00eas semanas ap\u00f3s a aplica\u00e7\u00e3o da dose\u201d, refor\u00e7ou Lima.<\/p>\n\n\n\n<p>A\u00a0vacina\u00e7\u00e3o contra a gripe\u00a0j\u00e1 est\u00e1 dispon\u00edvel em todas as unidades de sa\u00fade de Uberl\u00e2ndia. Atualmente, a cidade conta com 75 salas de vacina\u00e7\u00e3o funcionando em hor\u00e1rios variados, confira os detalhes no\u00a0<a href=\"https:\/\/www.uberlandia.mg.gov.br\/prefeitura\/secretarias\/saude\/vacinacao\/\" target=\"_blank\" rel=\"noreferrer noopener\">portal da Prefeitura<\/a>.<\/p>\n\n\n\n<h2 class=\"wp-block-heading\">Refor\u00e7o no atendimento e expectativa de recursos<\/h2>\n\n\n\n<p>Com a alta expressiva de casos de SRAG, a\u00a0Prefeitura de Uberl\u00e2ndia decretou estado de emerg\u00eancia\u00a0em sa\u00fade p\u00fablica no \u00faltimo dia 6 de maio. A decis\u00e3o acompanha o movimento do governo de Minas Gerais, que tamb\u00e9m declarou emerg\u00eancia em todo o estado diante do avan\u00e7o da doen\u00e7a.<\/p>\n\n\n\n<p>A cidade j\u00e1 iniciou a capta\u00e7\u00e3o de recursos federais, que, segundo o secret\u00e1rio, devem ser liberados at\u00e9 junho. Enquanto o repasse n\u00e3o chega, o munic\u00edpio ampliou a escala de profissionais para aumentar o n\u00famero de atendimentos e j\u00e1 fez compras de medicamentos e materiais hospitalares.<\/p>\n\n\n\n<p>\u201cAumentamos a escala para garantir mais atendimentos e estamos preparados para expandir os leitos de interna\u00e7\u00e3o se a situa\u00e7\u00e3o exigir. A nossa capacidade instalada est\u00e1 em opera\u00e7\u00e3o m\u00e1xima neste momento\u201d, disse Lima.<\/p>\n\n\n\n<p>Al\u00e9m da reestrutura\u00e7\u00e3o das escalas m\u00e9dicas e da amplia\u00e7\u00e3o dos hor\u00e1rios de atendimento, h\u00e1 tamb\u00e9m o refor\u00e7o nas unidades de hidrata\u00e7\u00e3o das Unidades de Atendimento Integrado (UAIs).<\/p>\n\n\n<figure class=\"wp-block-post-featured-image\"><img loading=\"lazy\" decoding=\"async\" width=\"1280\" height=\"720\" src=\"https:\/\/revistahubclub.com.br\/portal\/wp-content\/uploads\/2025\/05\/srag-uberlandia.jpg\" class=\"attachment-post-thumbnail size-post-thumbnail wp-post-image\" alt=\"\" style=\"object-fit:cover;\" srcset=\"https:\/\/revistahubclub.com.br\/portal\/wp-content\/uploads\/2025\/05\/srag-uberlandia.jpg 1280w, https:\/\/revistahubclub.com.br\/portal\/wp-content\/uploads\/2025\/05\/srag-uberlandia-300x169.jpg 300w, https:\/\/revistahubclub.com.br\/portal\/wp-content\/uploads\/2025\/05\/srag-uberlandia-1024x576.jpg 1024w, https:\/\/revistahubclub.com.br\/portal\/wp-content\/uploads\/2025\/05\/srag-uberlandia-768x432.jpg 768w\" sizes=\"auto, (max-width: 1280px) 100vw, 1280px\" \/><\/figure>","protected":false},"excerpt":{"rendered":"<p>Com os 28 leitos do Centro de Interna\u00e7\u00e3o Pedi\u00e1trico lotados h\u00e1 mais de cinco semanas e um aumento de 50% na procura por atendimentos relacionados a doen\u00e7as respirat\u00f3rias, Uberl\u00e2ndia enfrenta<\/p>\n","protected":false},"author":2,"featured_media":11162,"comment_status":"open","ping_status":"open","sticky":false,"template":"","format":"standard","meta":{"footnotes":""},"categories":[1],"tags":[442,441,231,420,27],"class_list":["post-11161","post","type-post","status-publish","format-standard","has-post-thumbnail","hentry","category-noticias","tag-leitos-pediatricos-lotados","tag-mortes","tag-saude","tag-srag","tag-uberlandia"],"_links":{"self":[{"href":"https:\/\/revistahubclub.com.br\/portal\/wp-json\/wp\/v2\/posts\/11161","targetHints":{"allow":["GET"]}}],"collection":[{"href":"https:\/\/revistahubclub.com.br\/portal\/wp-json\/wp\/v2\/posts"}],"about":[{"href":"https:\/\/revistahubclub.com.br\/portal\/wp-json\/wp\/v2\/types\/post"}],"author":[{"embeddable":true,"href":"https:\/\/revistahubclub.com.br\/portal\/wp-json\/wp\/v2\/users\/2"}],"replies":[{"embeddable":true,"href":"https:\/\/revistahubclub.com.br\/portal\/wp-json\/wp\/v2\/comments?post=11161"}],"version-history":[{"count":1,"href":"https:\/\/revistahubclub.com.br\/portal\/wp-json\/wp\/v2\/posts\/11161\/revisions"}],"predecessor-version":[{"id":11163,"href":"https:\/\/revistahubclub.com.br\/portal\/wp-json\/wp\/v2\/posts\/11161\/revisions\/11163"}],"wp:featuredmedia":[{"embeddable":true,"href":"https:\/\/revistahubclub.com.br\/portal\/wp-json\/wp\/v2\/media\/11162"}],"wp:attachment":[{"href":"https:\/\/revistahubclub.com.br\/portal\/wp-json\/wp\/v2\/media?parent=11161"}],"wp:term":[{"taxonomy":"category","embeddable":true,"href":"https:\/\/revistahubclub.com.br\/portal\/wp-json\/wp\/v2\/categories?post=11161"},{"taxonomy":"post_tag","embeddable":true,"href":"https:\/\/revistahubclub.com.br\/portal\/wp-json\/wp\/v2\/tags?post=11161"}],"curies":[{"name":"wp","href":"https:\/\/api.w.org\/{rel}","templated":true}]}}