{"id":11176,"date":"2025-05-19T11:26:51","date_gmt":"2025-05-19T14:26:51","guid":{"rendered":"https:\/\/revistahubclub.com.br\/portal\/?p=11176"},"modified":"2025-05-19T11:26:51","modified_gmt":"2025-05-19T14:26:51","slug":"uberlandia-tem-moveis-publicos-em-leilao","status":"publish","type":"post","link":"https:\/\/revistahubclub.com.br\/portal\/2025\/05\/19\/uberlandia-tem-moveis-publicos-em-leilao\/","title":{"rendered":"Uberl\u00e2ndia tem m\u00f3veis p\u00fablicos em leil\u00e3o"},"content":{"rendered":"\n<p>O Governo de Minas Gerais lan\u00e7ou um novo\u00a0<strong>leil\u00e3o de im\u00f3veis p\u00fablicos<\/strong>, e Uberl\u00e2ndia est\u00e1 no foco dos investidores com tr\u00eas op\u00e7\u00f5es dispon\u00edveis para arremate. A a\u00e7\u00e3o, promovida pela Minas Gerais Participa\u00e7\u00f5es S\/A (MGI), inclui terrenos urbanos e pr\u00e9dios comerciais com lances iniciais que chegam a R$ 14,8 milh\u00f5es.<\/p>\n\n\n\n<p>A iniciativa faz parte de um programa do Estado para gerar receita por meio da venda de patrim\u00f4nios ociosos, promovendo efici\u00eancia na gest\u00e3o p\u00fablica. Al\u00e9m de Uberl\u00e2ndia, outras cidades da regi\u00e3o tamb\u00e9m participam do certame, incluindo Araguari e Frutal.<\/p>\n\n\n\n<h2 class=\"wp-block-heading\">Im\u00f3veis dispon\u00edveis em Uberl\u00e2ndia<\/h2>\n\n\n\n<p>Os bens p\u00fablicos ofertados na cidade:<\/p>\n\n\n\n<ul class=\"wp-block-list\">\n<li><strong>Terreno urbano:<\/strong>\u00a0localizado na Av. Atl\u00e2ntica (quadra 75) \u2013 Bairro Presidente Roosevelt, com \u00e1rea total de 1.750 m\u00b2 e lance inicial de R$ 1.728.000.<\/li>\n\n\n\n<li><strong>Pr\u00e9dio comercial\/residencial:<\/strong>\u00a0situado na Av. Floriano Peixoto, 1548 \u2013 Bairro Nossa Senhora Aparecida, com 3.364 m\u00b2 e valor inicial de R$ 14.880.000. A desocupa\u00e7\u00e3o est\u00e1 prevista para 90 dias ap\u00f3s a venda.<\/li>\n\n\n\n<li><strong>Pr\u00e9dio comercial:<\/strong>\u00a0na Av. Comendador Alexandrino Garcia, 2689 \u2013 Bairro Marta Helena, com \u00e1rea de 7.559,98 m\u00b2 e lance inicial de R$ 9.213.000.<\/li>\n<\/ul>\n\n\n\n<p>Os im\u00f3veis t\u00eam localiza\u00e7\u00e3o estrat\u00e9gica e caracter\u00edsticas atrativas para diferentes tipos de investimentos, como cl\u00ednicas, centros comerciais e uso multifuncional. Al\u00e9m disso, Uberl\u00e2ndia se destaca como um dos principais polos econ\u00f4micos do Tri\u00e2ngulo Mineiro, o que refor\u00e7a a expectativa de concorr\u00eancia acirrada no leil\u00e3o.<br>Os interessados podem participar do leil\u00e3o de forma 100% online, bastando se cadastrar no site da MGI entre 9 de maio e 13 de junho. A disputa \u00e9 aberta para pessoas f\u00edsicas e jur\u00eddicas de todo o Brasil, oferecendo seguran\u00e7a e praticidade ao processo.<\/p>\n\n\n\n<p>Segundo o subsecret\u00e1rio de Gest\u00e3o de Im\u00f3veis da Sede-MG, Eduardo Quintanilha de Albuquerque, a iniciativa contribui para a otimiza\u00e7\u00e3o da gest\u00e3o p\u00fablica. \u201cEsses leil\u00f5es permitem ao Estado manter apenas os im\u00f3veis essenciais, dando nova utilidade a bens que estavam sem fun\u00e7\u00e3o. \u00c9 uma medida moderna e transparente\u201d, afirmou.<\/p>\n\n\n\n<p>Para mais informa\u00e7\u00f5es, os interessados podem acessar o&nbsp;<a href=\"https:\/\/www.mgipar.com.br\/editais\/vendas?utm_source=webpushr&amp;utm_medium=push&amp;utm_term=deleted&amp;utm_content=deleted&amp;utm_campaign=Tempo%20no%20tri&amp;gclid=deleted\" target=\"_blank\" rel=\"noreferrer noopener\"><strong>edital completo no site da MGI<\/strong><\/a>, onde est\u00e3o dispon\u00edveis detalhes sobre documenta\u00e7\u00e3o, fotos dos im\u00f3veis e valores atualizados.<\/p>\n\n\n<figure class=\"wp-block-post-featured-image\"><img loading=\"lazy\" decoding=\"async\" width=\"1280\" height=\"720\" src=\"https:\/\/revistahubclub.com.br\/portal\/wp-content\/uploads\/2025\/05\/leilao.jpg\" class=\"attachment-post-thumbnail size-post-thumbnail wp-post-image\" alt=\"Im\u00f3vel na Av. Floriano Peixoto, 1548, bairro Nossa Senhora Aparecida \u2013 Cr\u00e9dito: Sede-MG \/Divulga\u00e7\u00e3o\" style=\"object-fit:cover;\" srcset=\"https:\/\/revistahubclub.com.br\/portal\/wp-content\/uploads\/2025\/05\/leilao.jpg 1280w, https:\/\/revistahubclub.com.br\/portal\/wp-content\/uploads\/2025\/05\/leilao-300x169.jpg 300w, https:\/\/revistahubclub.com.br\/portal\/wp-content\/uploads\/2025\/05\/leilao-1024x576.jpg 1024w, https:\/\/revistahubclub.com.br\/portal\/wp-content\/uploads\/2025\/05\/leilao-768x432.jpg 768w\" sizes=\"auto, (max-width: 1280px) 100vw, 1280px\" \/><\/figure>","protected":false},"excerpt":{"rendered":"<p>O Governo de Minas Gerais lan\u00e7ou um novo\u00a0leil\u00e3o de im\u00f3veis p\u00fablicos, e Uberl\u00e2ndia est\u00e1 no foco dos investidores com tr\u00eas op\u00e7\u00f5es dispon\u00edveis para arremate. A a\u00e7\u00e3o, promovida pela Minas Gerais<\/p>\n","protected":false},"author":2,"featured_media":11177,"comment_status":"open","ping_status":"open","sticky":false,"template":"","format":"standard","meta":{"footnotes":""},"categories":[1],"tags":[18,434,27],"class_list":["post-11176","post","type-post","status-publish","format-standard","has-post-thumbnail","hentry","category-noticias","tag-imoveis","tag-leilao","tag-uberlandia"],"_links":{"self":[{"href":"https:\/\/revistahubclub.com.br\/portal\/wp-json\/wp\/v2\/posts\/11176","targetHints":{"allow":["GET"]}}],"collection":[{"href":"https:\/\/revistahubclub.com.br\/portal\/wp-json\/wp\/v2\/posts"}],"about":[{"href":"https:\/\/revistahubclub.com.br\/portal\/wp-json\/wp\/v2\/types\/post"}],"author":[{"embeddable":true,"href":"https:\/\/revistahubclub.com.br\/portal\/wp-json\/wp\/v2\/users\/2"}],"replies":[{"embeddable":true,"href":"https:\/\/revistahubclub.com.br\/portal\/wp-json\/wp\/v2\/comments?post=11176"}],"version-history":[{"count":1,"href":"https:\/\/revistahubclub.com.br\/portal\/wp-json\/wp\/v2\/posts\/11176\/revisions"}],"predecessor-version":[{"id":11178,"href":"https:\/\/revistahubclub.com.br\/portal\/wp-json\/wp\/v2\/posts\/11176\/revisions\/11178"}],"wp:featuredmedia":[{"embeddable":true,"href":"https:\/\/revistahubclub.com.br\/portal\/wp-json\/wp\/v2\/media\/11177"}],"wp:attachment":[{"href":"https:\/\/revistahubclub.com.br\/portal\/wp-json\/wp\/v2\/media?parent=11176"}],"wp:term":[{"taxonomy":"category","embeddable":true,"href":"https:\/\/revistahubclub.com.br\/portal\/wp-json\/wp\/v2\/categories?post=11176"},{"taxonomy":"post_tag","embeddable":true,"href":"https:\/\/revistahubclub.com.br\/portal\/wp-json\/wp\/v2\/tags?post=11176"}],"curies":[{"name":"wp","href":"https:\/\/api.w.org\/{rel}","templated":true}]}}