{"id":11238,"date":"2025-05-27T10:26:06","date_gmt":"2025-05-27T13:26:06","guid":{"rendered":"https:\/\/revistahubclub.com.br\/portal\/?p=11238"},"modified":"2025-05-27T10:35:02","modified_gmt":"2025-05-27T13:35:02","slug":"11238","status":"publish","type":"post","link":"https:\/\/revistahubclub.com.br\/portal\/2025\/05\/27\/11238\/","title":{"rendered":"Cuidados com s\u00edndromes gripais durante per\u00edodo de seca"},"content":{"rendered":"\n<p>Com o aumento no n\u00famero de casos de S\u00edndromes Gripais registrados em Uberl\u00e2ndia, e a chegada da esta\u00e7\u00e3o seca \u00e9 importante procurar ajuda m\u00e9dica imediata em casos de febre alta persistente, dificuldade para respirar, prostra\u00e7\u00e3o intensa, v\u00f4mitos cont\u00ednuos ou sintomas de desidrata\u00e7\u00e3o, como boca seca, olhos fundos e urina escura. <\/p>\n\n\n\n<p>Segundo a Prefeitura Municipal de Uberl\u00e2ndia, as interna\u00e7\u00f5es por S\u00edndrome Respirat\u00f3ria Aguda Grave (SRAG) aumentaram 90% em abril, com mais de 50 hospitaliza\u00e7\u00f5es di\u00e1rias nos \u00faltimos dias do m\u00eas. O munic\u00edpio chegou a decretar situa\u00e7\u00e3o de emerg\u00eancia em sa\u00fade p\u00fablica no in\u00edcio de maio.<br>O m\u00e9dico infectologista e cooperado da Unimed Uberl\u00e2ndia, Dr. Vin\u00edcius Paulino da Costa, explica que o per\u00edodo de seca, aliado \u00e0s mudan\u00e7as bruscas de temperatura, contribui para o agravamento dos quadros respirat\u00f3rios.<\/p>\n\n\n\n<p>\u201cSe os sintomas s\u00e3o leves e melhoram em dois ou tr\u00eas dias, n\u00e3o h\u00e1 motivo para alarde. Mas, se houver piora, \u00e9 fundamental procurar uma unidade de sa\u00fade\u201d, orienta Dr Vin\u00edcius.<\/p>\n\n\n\n<p>Quais v\u00edrus circulam nesta \u00e9poca<br>Nesta esta\u00e7\u00e3o do ano, s\u00e3o comuns doen\u00e7as como Gripe (Influenza), Resfriado Comum (Rinov\u00edrus), COVID-19 (SARS-CoV-2), Bronquiolite Viral Aguda (causada pelo V\u00edrus Sincicial Respirat\u00f3rio \u2013 VSR). Os sintomas geralmente incluem febre, coriza, tosse e dor no corpo, podendo variar conforme o v\u00edrus e a condi\u00e7\u00e3o de sa\u00fade da pessoa infectada.<br>A preven\u00e7\u00e3o continua sendo uma das melhores estrat\u00e9gias para enfrentar esses v\u00edrus. Entre as orienta\u00e7\u00f5es do Dr. Vin\u00edcius est\u00e3o medidas como higieniza\u00e7\u00e3o frequente das m\u00e3os, ambientes bem ventilados, hidrata\u00e7\u00e3o constante e a manuten\u00e7\u00e3o das vacinas em dia. \u201cUma alimenta\u00e7\u00e3o rica em frutas e legumes fortalece a imunidade\u201d, conclui o especialista.<\/p>\n\n\n<figure class=\"wp-block-post-featured-image\"><img loading=\"lazy\" decoding=\"async\" width=\"760\" height=\"474\" src=\"https:\/\/revistahubclub.com.br\/portal\/wp-content\/uploads\/2025\/05\/Doencas-respiratorias.png\" class=\"attachment-post-thumbnail size-post-thumbnail wp-post-image\" alt=\"\" style=\"object-fit:cover;\" srcset=\"https:\/\/revistahubclub.com.br\/portal\/wp-content\/uploads\/2025\/05\/Doencas-respiratorias.png 760w, https:\/\/revistahubclub.com.br\/portal\/wp-content\/uploads\/2025\/05\/Doencas-respiratorias-300x187.png 300w\" sizes=\"auto, (max-width: 760px) 100vw, 760px\" \/><\/figure>","protected":false},"excerpt":{"rendered":"<p>Com o aumento no n\u00famero de casos de S\u00edndromes Gripais registrados em Uberl\u00e2ndia, e a chegada da esta\u00e7\u00e3o seca \u00e9 importante procurar ajuda m\u00e9dica imediata em casos de febre alta<\/p>\n","protected":false},"author":2,"featured_media":11111,"comment_status":"open","ping_status":"open","sticky":false,"template":"","format":"standard","meta":{"footnotes":""},"categories":[1],"tags":[420],"class_list":["post-11238","post","type-post","status-publish","format-standard","has-post-thumbnail","hentry","category-noticias","tag-srag"],"_links":{"self":[{"href":"https:\/\/revistahubclub.com.br\/portal\/wp-json\/wp\/v2\/posts\/11238","targetHints":{"allow":["GET"]}}],"collection":[{"href":"https:\/\/revistahubclub.com.br\/portal\/wp-json\/wp\/v2\/posts"}],"about":[{"href":"https:\/\/revistahubclub.com.br\/portal\/wp-json\/wp\/v2\/types\/post"}],"author":[{"embeddable":true,"href":"https:\/\/revistahubclub.com.br\/portal\/wp-json\/wp\/v2\/users\/2"}],"replies":[{"embeddable":true,"href":"https:\/\/revistahubclub.com.br\/portal\/wp-json\/wp\/v2\/comments?post=11238"}],"version-history":[{"count":2,"href":"https:\/\/revistahubclub.com.br\/portal\/wp-json\/wp\/v2\/posts\/11238\/revisions"}],"predecessor-version":[{"id":11240,"href":"https:\/\/revistahubclub.com.br\/portal\/wp-json\/wp\/v2\/posts\/11238\/revisions\/11240"}],"wp:featuredmedia":[{"embeddable":true,"href":"https:\/\/revistahubclub.com.br\/portal\/wp-json\/wp\/v2\/media\/11111"}],"wp:attachment":[{"href":"https:\/\/revistahubclub.com.br\/portal\/wp-json\/wp\/v2\/media?parent=11238"}],"wp:term":[{"taxonomy":"category","embeddable":true,"href":"https:\/\/revistahubclub.com.br\/portal\/wp-json\/wp\/v2\/categories?post=11238"},{"taxonomy":"post_tag","embeddable":true,"href":"https:\/\/revistahubclub.com.br\/portal\/wp-json\/wp\/v2\/tags?post=11238"}],"curies":[{"name":"wp","href":"https:\/\/api.w.org\/{rel}","templated":true}]}}