{"id":11242,"date":"2025-05-27T11:51:51","date_gmt":"2025-05-27T14:51:51","guid":{"rendered":"https:\/\/revistahubclub.com.br\/portal\/?p=11242"},"modified":"2025-05-27T11:51:51","modified_gmt":"2025-05-27T14:51:51","slug":"regiao-do-cerrado-mineiro-e-destaque-na-8a-edicao-do-connection-terroirs-do-brasil","status":"publish","type":"post","link":"https:\/\/revistahubclub.com.br\/portal\/2025\/05\/27\/regiao-do-cerrado-mineiro-e-destaque-na-8a-edicao-do-connection-terroirs-do-brasil\/","title":{"rendered":"Regi\u00e3o do Cerrado Mineiro \u00e9 destaque na 8\u00aa edi\u00e7\u00e3o do Connection Terroirs do Brasil"},"content":{"rendered":"\n<p>Reconhecida mundialmente por seus caf\u00e9s especiais e por ter sido a primeira regi\u00e3o do Brasil a conquistar uma Denomina\u00e7\u00e3o de Origem (DO), a Regi\u00e3o do Cerrado Mineiro (RCM) ser\u00e1 um dos grandes destaques da 8\u00aa edi\u00e7\u00e3o do <em>Connection Terroirs do Brasil<\/em>, que acontece de 28 a 31 de maio, em Gramado (RS).<\/p>\n\n\n\n<p>Com o tema \u201cTerroirs do Brasil\u201d, o evento se consolidou como a principal vitrine nacional de produtos com origem certificada. Atualmente, o Brasil conta com 131 itens registrados pelo Instituto Nacional da Propriedade Industrial (INPI), e o Connection se firma como uma plataforma estrat\u00e9gica para a valoriza\u00e7\u00e3o e comercializa\u00e7\u00e3o desses produtos, al\u00e9m de incentivar o turismo, a agricultura familiar e a identidade regional.<\/p>\n\n\n\n<p>No estande \u201cEspa\u00e7o das Regi\u00f5es Produtoras de Caf\u00e9s de Origem\u201d, que re\u00fane as principais regi\u00f5es cafeeiras do pa\u00eds, a Federa\u00e7\u00e3o dos Cafeicultores do Cerrado marcar\u00e1 presen\u00e7a com um espa\u00e7o exclusivo, onde ser\u00e1 poss\u00edvel conhecer a hist\u00f3ria, a tradi\u00e7\u00e3o e a qualidade que fazem dos caf\u00e9s da RCM uma refer\u00eancia. Os visitantes poder\u00e3o degustar bebidas que expressam o sabor, o cuidado e a excel\u00eancia dos produtores do Cerrado Mineiro.<\/p>\n\n\n\n<p>A presen\u00e7a da Regi\u00e3o do Cerrado Mineiro ser\u00e1 representada pela Federa\u00e7\u00e3o dos Cafeicultores do Cerrado, com a participa\u00e7\u00e3o de Maryana Novais de Castro, coordenadora de Qualidade e Juliano Tarabal, diretor executivo, que tamb\u00e9m ser\u00e1 um dos palestrantes do evento. Em sua apresenta\u00e7\u00e3o, Tarabal abordar\u00e1 o panorama das regi\u00f5es produtoras de caf\u00e9 no Brasil e destacar\u00e1 a import\u00e2ncia estrat\u00e9gica das certifica\u00e7\u00f5es de Indica\u00e7\u00e3o Geogr\u00e1fica (IG) como diferencial competitivo no cen\u00e1rio global.<\/p>\n\n\n\n<p>&#8220;O <em>Connection Terroirs do Brasil<\/em> \u00e9 uma oportunidade \u00fanica para promover os caf\u00e9s do Cerrado Mineiro, fortalecer conex\u00f5es com outros produtores e parceiros comerciais, e apresentar ao p\u00fablico a singularidade dos produtos certificados. Para a RCM, que foi a primeira regi\u00e3o cafeeira do pa\u00eds a obter Denomina\u00e7\u00e3o de Origem, o evento \u00e9 um palco estrat\u00e9gico para reafirmar nossa lideran\u00e7a no setor de caf\u00e9s de origem controlada\u201d, afirma Tarabal.<\/p>\n\n\n\n<p><strong>Sobre o Connection Terroirs do Brasil<\/strong><\/p>\n\n\n\n<p>Em sua terceira edi\u00e7\u00e3o com foco nos terroirs nacionais, o <em>Connection<\/em> vai al\u00e9m da exposi\u00e7\u00e3o de produtos. A programa\u00e7\u00e3o inclui palestras, debates, experi\u00eancias gastron\u00f4micas e rodadas de neg\u00f3cios, reunindo produtores, investidores, pesquisadores e entusiastas do agroneg\u00f3cio e do turismo em um ambiente de troca e valoriza\u00e7\u00e3o da identidade brasileira.<\/p>\n","protected":false},"excerpt":{"rendered":"<p>Reconhecida mundialmente por seus caf\u00e9s especiais e por ter sido a primeira regi\u00e3o do Brasil a conquistar uma Denomina\u00e7\u00e3o de Origem (DO), a Regi\u00e3o do Cerrado Mineiro (RCM) ser\u00e1 um<\/p>\n","protected":false},"author":3,"featured_media":11243,"comment_status":"open","ping_status":"open","sticky":false,"template":"","format":"standard","meta":{"footnotes":""},"categories":[1],"tags":[],"class_list":["post-11242","post","type-post","status-publish","format-standard","has-post-thumbnail","hentry","category-noticias"],"_links":{"self":[{"href":"https:\/\/revistahubclub.com.br\/portal\/wp-json\/wp\/v2\/posts\/11242","targetHints":{"allow":["GET"]}}],"collection":[{"href":"https:\/\/revistahubclub.com.br\/portal\/wp-json\/wp\/v2\/posts"}],"about":[{"href":"https:\/\/revistahubclub.com.br\/portal\/wp-json\/wp\/v2\/types\/post"}],"author":[{"embeddable":true,"href":"https:\/\/revistahubclub.com.br\/portal\/wp-json\/wp\/v2\/users\/3"}],"replies":[{"embeddable":true,"href":"https:\/\/revistahubclub.com.br\/portal\/wp-json\/wp\/v2\/comments?post=11242"}],"version-history":[{"count":1,"href":"https:\/\/revistahubclub.com.br\/portal\/wp-json\/wp\/v2\/posts\/11242\/revisions"}],"predecessor-version":[{"id":11244,"href":"https:\/\/revistahubclub.com.br\/portal\/wp-json\/wp\/v2\/posts\/11242\/revisions\/11244"}],"wp:featuredmedia":[{"embeddable":true,"href":"https:\/\/revistahubclub.com.br\/portal\/wp-json\/wp\/v2\/media\/11243"}],"wp:attachment":[{"href":"https:\/\/revistahubclub.com.br\/portal\/wp-json\/wp\/v2\/media?parent=11242"}],"wp:term":[{"taxonomy":"category","embeddable":true,"href":"https:\/\/revistahubclub.com.br\/portal\/wp-json\/wp\/v2\/categories?post=11242"},{"taxonomy":"post_tag","embeddable":true,"href":"https:\/\/revistahubclub.com.br\/portal\/wp-json\/wp\/v2\/tags?post=11242"}],"curies":[{"name":"wp","href":"https:\/\/api.w.org\/{rel}","templated":true}]}}