{"id":11269,"date":"2025-05-29T11:01:39","date_gmt":"2025-05-29T14:01:39","guid":{"rendered":"https:\/\/revistahubclub.com.br\/portal\/?p=11269"},"modified":"2025-05-29T11:01:39","modified_gmt":"2025-05-29T14:01:39","slug":"uberlandia-sedia-26a-exposicao-especializada-do-mangalarga-marchador-entre-os-dias-29-e-31-de-maio","status":"publish","type":"post","link":"https:\/\/revistahubclub.com.br\/portal\/2025\/05\/29\/uberlandia-sedia-26a-exposicao-especializada-do-mangalarga-marchador-entre-os-dias-29-e-31-de-maio\/","title":{"rendered":"Uberl\u00e2ndia sedia 26\u00aa Exposi\u00e7\u00e3o Especializada do Mangalarga Marchador entre os dias 29 e 31 de maio"},"content":{"rendered":"\n<p>O Parque de Exposi\u00e7\u00f5es Camaru em Uberl\u00e2ndia (MG) ser\u00e1 palco de um dos eventos mais aguardados do calend\u00e1rio equestre nacional: a 26\u00aa Exposi\u00e7\u00e3o Especializada do Mangalarga Marchador, que ser\u00e1 realizada de 29 a 31 de maio, das 8 \u00e0s 18 horas. Promovido pela Associa\u00e7\u00e3o dos Criadores do Tri\u00e2ngulo, em parceria com o Sindicato Rural de Uberl\u00e2ndia, o evento promete reunir criadores, expositores e apaixonados pela ra\u00e7a que \u00e9 s\u00edmbolo de eleg\u00e2ncia, rusticidade e funcionalidade no campo.<\/p>\n\n\n\n<p>A programa\u00e7\u00e3o inclui julgamentos morfol\u00f3gicos e de andamento, com a participa\u00e7\u00e3o de jurados renomados da ra\u00e7a. Tiago de Resende Garcia ser\u00e1 o respons\u00e1vel pelo julgamento de morfologia, enquanto Wilian Alexandre Lima da C\u00f4rte julgar\u00e1 o andamento dos animais.<\/p>\n\n\n\n<p>Mais do que uma vitrine para a qualidade gen\u00e9tica dos exemplares, a exposi\u00e7\u00e3o movimenta a economia regional, fomenta neg\u00f3cios entre criadores e promove o interc\u00e2mbio t\u00e9cnico entre profissionais do setor.<\/p>\n\n\n\n<p>A imprensa est\u00e1 convidada a acompanhar de perto este encontro que une tradi\u00e7\u00e3o, excel\u00eancia e paix\u00e3o pelo Mangalarga Marchador. Uma oportunidade imperd\u00edvel para registrar imagens impressionantes e hist\u00f3rias marcantes do universo da equinocultura brasileira.<\/p>\n\n\n\n<p>Servi\u00e7o:<br>\ud83d\udccd 26\u00aa Exposi\u00e7\u00e3o Especializada do Mangalarga Marchador<br>\ud83d\uddd3\ufe0f 29 a 31 de maio de 2025<br>\ud83d\udccc Parque de Exposi\u00e7\u00f5es Camaru | Uberl\u00e2ndia \u2013 MG<\/p>\n\n\n<figure class=\"wp-block-post-featured-image\"><img loading=\"lazy\" decoding=\"async\" width=\"1024\" height=\"1280\" src=\"https:\/\/revistahubclub.com.br\/portal\/wp-content\/uploads\/2025\/05\/mangalrga.jpeg\" class=\"attachment-post-thumbnail size-post-thumbnail wp-post-image\" alt=\"\" style=\"object-fit:cover;\" srcset=\"https:\/\/revistahubclub.com.br\/portal\/wp-content\/uploads\/2025\/05\/mangalrga.jpeg 1024w, https:\/\/revistahubclub.com.br\/portal\/wp-content\/uploads\/2025\/05\/mangalrga-240x300.jpeg 240w, https:\/\/revistahubclub.com.br\/portal\/wp-content\/uploads\/2025\/05\/mangalrga-819x1024.jpeg 819w, https:\/\/revistahubclub.com.br\/portal\/wp-content\/uploads\/2025\/05\/mangalrga-768x960.jpeg 768w\" sizes=\"auto, (max-width: 1024px) 100vw, 1024px\" \/><\/figure>\n\n\n<figure class=\"wp-block-image size-large\"><img loading=\"lazy\" decoding=\"async\" width=\"723\" height=\"1024\" src=\"https:\/\/revistahubclub.com.br\/portal\/wp-content\/uploads\/2025\/05\/mangalarga-723x1024.jpeg\" alt=\"\" class=\"wp-image-11270\" srcset=\"https:\/\/revistahubclub.com.br\/portal\/wp-content\/uploads\/2025\/05\/mangalarga-723x1024.jpeg 723w, https:\/\/revistahubclub.com.br\/portal\/wp-content\/uploads\/2025\/05\/mangalarga-212x300.jpeg 212w, https:\/\/revistahubclub.com.br\/portal\/wp-content\/uploads\/2025\/05\/mangalarga-768x1087.jpeg 768w, https:\/\/revistahubclub.com.br\/portal\/wp-content\/uploads\/2025\/05\/mangalarga.jpeg 904w\" sizes=\"auto, (max-width: 723px) 100vw, 723px\" \/><\/figure>\n","protected":false},"excerpt":{"rendered":"<p>O Parque de Exposi\u00e7\u00f5es Camaru em Uberl\u00e2ndia (MG) ser\u00e1 palco de um dos eventos mais aguardados do calend\u00e1rio equestre nacional: a 26\u00aa Exposi\u00e7\u00e3o Especializada do Mangalarga Marchador, que ser\u00e1 realizada<\/p>\n","protected":false},"author":2,"featured_media":11271,"comment_status":"open","ping_status":"open","sticky":false,"template":"","format":"standard","meta":{"footnotes":""},"categories":[1],"tags":[472,471,473,27],"class_list":["post-11269","post","type-post","status-publish","format-standard","has-post-thumbnail","hentry","category-noticias","tag-cavalos","tag-exposicao","tag-mangalarga-marchador","tag-uberlandia"],"_links":{"self":[{"href":"https:\/\/revistahubclub.com.br\/portal\/wp-json\/wp\/v2\/posts\/11269","targetHints":{"allow":["GET"]}}],"collection":[{"href":"https:\/\/revistahubclub.com.br\/portal\/wp-json\/wp\/v2\/posts"}],"about":[{"href":"https:\/\/revistahubclub.com.br\/portal\/wp-json\/wp\/v2\/types\/post"}],"author":[{"embeddable":true,"href":"https:\/\/revistahubclub.com.br\/portal\/wp-json\/wp\/v2\/users\/2"}],"replies":[{"embeddable":true,"href":"https:\/\/revistahubclub.com.br\/portal\/wp-json\/wp\/v2\/comments?post=11269"}],"version-history":[{"count":1,"href":"https:\/\/revistahubclub.com.br\/portal\/wp-json\/wp\/v2\/posts\/11269\/revisions"}],"predecessor-version":[{"id":11273,"href":"https:\/\/revistahubclub.com.br\/portal\/wp-json\/wp\/v2\/posts\/11269\/revisions\/11273"}],"wp:featuredmedia":[{"embeddable":true,"href":"https:\/\/revistahubclub.com.br\/portal\/wp-json\/wp\/v2\/media\/11271"}],"wp:attachment":[{"href":"https:\/\/revistahubclub.com.br\/portal\/wp-json\/wp\/v2\/media?parent=11269"}],"wp:term":[{"taxonomy":"category","embeddable":true,"href":"https:\/\/revistahubclub.com.br\/portal\/wp-json\/wp\/v2\/categories?post=11269"},{"taxonomy":"post_tag","embeddable":true,"href":"https:\/\/revistahubclub.com.br\/portal\/wp-json\/wp\/v2\/tags?post=11269"}],"curies":[{"name":"wp","href":"https:\/\/api.w.org\/{rel}","templated":true}]}}