{"id":11309,"date":"2025-06-02T12:32:53","date_gmt":"2025-06-02T15:32:53","guid":{"rendered":"https:\/\/revistahubclub.com.br\/portal\/?p=11309"},"modified":"2025-06-02T12:32:53","modified_gmt":"2025-06-02T15:32:53","slug":"uberlandia-tem-mais-pontos-de-vacinacao-a-partir-desta-segunda-feira-2","status":"publish","type":"post","link":"https:\/\/revistahubclub.com.br\/portal\/2025\/06\/02\/uberlandia-tem-mais-pontos-de-vacinacao-a-partir-desta-segunda-feira-2\/","title":{"rendered":"Uberl\u00e2ndia tem mais pontos de vacina\u00e7\u00e3o a partir desta segunda-feira (2)"},"content":{"rendered":"\n<p>A Prefeitura de Uberl\u00e2ndia tem adotado v\u00e1rias estrat\u00e9gias de preven\u00e7\u00e3o \u00e0s S\u00edndromes Respirat\u00f3rias Aguda Grave (SRAG) para minimizar os impactos na rede municipal de sa\u00fade e garantir o atendimento \u00e0 popula\u00e7\u00e3o. Na pr\u00f3xima semana, primeira de junho, de segunda (2) a s\u00e1bado (7), a Secretaria Municipal de Sa\u00fade ampliar\u00e1 os pontos de vacina\u00e7\u00e3o na cidade a fim de acessibilizar ainda mais a vacina contra a gripe para toda a popula\u00e7\u00e3o.<\/p>\n\n\n\n<p>Al\u00e9m das 75 salas de vacina das unidades b\u00e1sicas de sa\u00fade, as equipes estar\u00e3o, de segunda (2) a s\u00e1bado (7), das 10h \u00e0s 17h, no estacionamento do Uberl\u00e2ndia Shopping (Vacim\u00f3vel estar\u00e1 no local durante o Elicer \u2013 Circuito Liter\u00e1rio de Minas Gerais 2025), e das 8h \u00e0s 17h, em dois pontos do Terminal Central: plataforma de desembarque e Cantinho da Sa\u00fade. Tamb\u00e9m estar\u00e3o, de quinta (5) a s\u00e1bado (7), das 8h \u00e0s 17h, na Pra\u00e7a Tubal Vilela, no Centro da cidade, e no s\u00e1bado (7), das 8h \u00e0s 14h, no Parque do Sabi\u00e1.<\/p>\n\n\n\n<p>As Unidades de Atendimento Integrado (UAIs) \u2013 Luizote, Planalto, S\u00e3o Jorge, Pampulha Tibery, Morumbi, Roosevelt e Martins \u2013 tamb\u00e9m estar\u00e3o com salas de vacina funcionando de segunda (2) a sexta (6), das 8h \u00e0s 21h, e no s\u00e1bado (7), das 8h \u00e0s 17h.<\/p>\n\n\n\n<p>A vacina\u00e7\u00e3o \u00e9 a forma mais eficaz de preven\u00e7\u00e3o contra as complica\u00e7\u00f5es provocadas pelas s\u00edndromes respirat\u00f3rias, principalmente nos grupos de maior risco.<\/p>\n\n\n\n<p><strong><em>Prefeitura de Uberl\u00e2ndia<\/em><\/strong><\/p>\n\n\n<figure class=\"wp-block-post-featured-image\"><img loading=\"lazy\" decoding=\"async\" width=\"2560\" height=\"1707\" src=\"https:\/\/revistahubclub.com.br\/portal\/wp-content\/uploads\/2025\/06\/vacinacao.jpg\" class=\"attachment-post-thumbnail size-post-thumbnail wp-post-image\" alt=\"\" style=\"object-fit:cover;\" srcset=\"https:\/\/revistahubclub.com.br\/portal\/wp-content\/uploads\/2025\/06\/vacinacao.jpg 2560w, https:\/\/revistahubclub.com.br\/portal\/wp-content\/uploads\/2025\/06\/vacinacao-300x200.jpg 300w, https:\/\/revistahubclub.com.br\/portal\/wp-content\/uploads\/2025\/06\/vacinacao-1024x683.jpg 1024w, https:\/\/revistahubclub.com.br\/portal\/wp-content\/uploads\/2025\/06\/vacinacao-768x512.jpg 768w, https:\/\/revistahubclub.com.br\/portal\/wp-content\/uploads\/2025\/06\/vacinacao-1536x1024.jpg 1536w, https:\/\/revistahubclub.com.br\/portal\/wp-content\/uploads\/2025\/06\/vacinacao-2048x1366.jpg 2048w, https:\/\/revistahubclub.com.br\/portal\/wp-content\/uploads\/2025\/06\/vacinacao-900x600.jpg 900w\" sizes=\"auto, (max-width: 2560px) 100vw, 2560px\" \/><\/figure>","protected":false},"excerpt":{"rendered":"<p>A Prefeitura de Uberl\u00e2ndia tem adotado v\u00e1rias estrat\u00e9gias de preven\u00e7\u00e3o \u00e0s S\u00edndromes Respirat\u00f3rias Aguda Grave (SRAG) para minimizar os impactos na rede municipal de sa\u00fade e garantir o atendimento \u00e0<\/p>\n","protected":false},"author":2,"featured_media":11310,"comment_status":"open","ping_status":"open","sticky":false,"template":"","format":"standard","meta":{"footnotes":""},"categories":[1],"tags":[427,478,420,27,332],"class_list":["post-11309","post","type-post","status-publish","format-standard","has-post-thumbnail","hentry","category-noticias","tag-gripe","tag-novos-pontos","tag-srag","tag-uberlandia","tag-vacinacao"],"_links":{"self":[{"href":"https:\/\/revistahubclub.com.br\/portal\/wp-json\/wp\/v2\/posts\/11309","targetHints":{"allow":["GET"]}}],"collection":[{"href":"https:\/\/revistahubclub.com.br\/portal\/wp-json\/wp\/v2\/posts"}],"about":[{"href":"https:\/\/revistahubclub.com.br\/portal\/wp-json\/wp\/v2\/types\/post"}],"author":[{"embeddable":true,"href":"https:\/\/revistahubclub.com.br\/portal\/wp-json\/wp\/v2\/users\/2"}],"replies":[{"embeddable":true,"href":"https:\/\/revistahubclub.com.br\/portal\/wp-json\/wp\/v2\/comments?post=11309"}],"version-history":[{"count":1,"href":"https:\/\/revistahubclub.com.br\/portal\/wp-json\/wp\/v2\/posts\/11309\/revisions"}],"predecessor-version":[{"id":11311,"href":"https:\/\/revistahubclub.com.br\/portal\/wp-json\/wp\/v2\/posts\/11309\/revisions\/11311"}],"wp:featuredmedia":[{"embeddable":true,"href":"https:\/\/revistahubclub.com.br\/portal\/wp-json\/wp\/v2\/media\/11310"}],"wp:attachment":[{"href":"https:\/\/revistahubclub.com.br\/portal\/wp-json\/wp\/v2\/media?parent=11309"}],"wp:term":[{"taxonomy":"category","embeddable":true,"href":"https:\/\/revistahubclub.com.br\/portal\/wp-json\/wp\/v2\/categories?post=11309"},{"taxonomy":"post_tag","embeddable":true,"href":"https:\/\/revistahubclub.com.br\/portal\/wp-json\/wp\/v2\/tags?post=11309"}],"curies":[{"name":"wp","href":"https:\/\/api.w.org\/{rel}","templated":true}]}}