{"id":11315,"date":"2025-06-02T15:48:00","date_gmt":"2025-06-02T18:48:00","guid":{"rendered":"https:\/\/revistahubclub.com.br\/portal\/?p=11315"},"modified":"2025-06-02T15:48:00","modified_gmt":"2025-06-02T18:48:00","slug":"com-o-apoio-da-cdl-uberlandia-prefeitura-realiza-a-semana-do-meio-ambiente","status":"publish","type":"post","link":"https:\/\/revistahubclub.com.br\/portal\/2025\/06\/02\/com-o-apoio-da-cdl-uberlandia-prefeitura-realiza-a-semana-do-meio-ambiente\/","title":{"rendered":"Com o apoio da CDL Uberl\u00e2ndia, prefeitura realiza a Semana do Meio Ambiente"},"content":{"rendered":"\n<p>Em celebra\u00e7\u00e3o ao Dia Mundial do Meio Ambiente, comemorado em 5 de junho, a Prefeitura de Uberl\u00e2ndia realiza, de hoje at\u00e9 o dia 7 de junho, a&nbsp;<strong>Semana do Meio Ambiente 2025<\/strong>&nbsp;\u2014 principal evento p\u00fablico de conscientiza\u00e7\u00e3o ambiental do munic\u00edpio.<\/p>\n\n\n\n<p>A programa\u00e7\u00e3o, que acontece ao longo de seis dias, re\u00fane mais de 40 atividades gratuitas, incluindo a\u00e7\u00f5es de limpeza em \u00c1reas de Preserva\u00e7\u00e3o Permanente (APPs), campanhas de sensibiliza\u00e7\u00e3o, atividades culturais, oficinas educativas e o lan\u00e7amento de projetos ambientais inovadores.<\/p>\n\n\n\n<p>Com o tema \u201cCuidar do presente para garantir o futuro: Uberl\u00e2ndia unida pelo meio ambiente\u201d, o evento \u00e9 promovido pela Prefeitura de Uberl\u00e2ndia, por meio da Secretaria Municipal de Gest\u00e3o Ambiental e Sustentabilidade, em parceria com o Departamento Municipal de \u00c1gua e Esgoto (Dmae) e outras secretarias, al\u00e9m do apoio de parceiros locais \u2014 como a CDL Uberl\u00e2ndia, que sediar\u00e1, nos dias 4 (quarta-feira) e 5 de junho (quinta-feira), o encontro&nbsp;<strong>TRI\u00c2NGULO + SUSTENT\u00c1VEL.<\/strong><\/p>\n\n\n\n<p>A partir das 8h30, o evento gratuito reunir\u00e1 grandes palestrantes e autoridades do setor para promover a conscientiza\u00e7\u00e3o ambiental e incentivar pr\u00e1ticas sustent\u00e1veis em nossa sociedade.<\/p>\n\n\n\n<p>A superintendente da CDL, L\u00e9cia Queiroz, esteve presente na abertura oficial, realizada na manh\u00e3 de hoje, e refor\u00e7ou a import\u00e2ncia da participa\u00e7\u00e3o de entidades e lideran\u00e7as locais na promo\u00e7\u00e3o da pauta.<\/p>\n\n\n\n<p>\u201cA sustentabilidade \u00e9 um compromisso coletivo. Empresas, poder p\u00fablico e comunidade precisam atuar juntos para promover pr\u00e1ticas respons\u00e1veis que garantam o equil\u00edbrio ambiental, o desenvolvimento econ\u00f4mico e a qualidade de vida para as pr\u00f3ximas gera\u00e7\u00f5es\u201d, afirmou L\u00e9cia.<\/p>\n\n\n\n<p>Garanta gratuitamente sua<a href=\"https:\/\/www.sympla.com.br\/evento\/semana-do-meio-ambiente-2025-02-a-07-de-junho\/2960214?referrer=www.uberlandia.mg.gov.br\" target=\"_blank\" rel=\"noreferrer noopener\">&nbsp;<\/a><strong><a href=\"https:\/\/www.sympla.com.br\/evento\/semana-do-meio-ambiente-2025-02-a-07-de-junho\/2960214?referrer=www.uberlandia.mg.gov.br\" target=\"_blank\" rel=\"noreferrer noopener\">inscri\u00e7\u00e3o aqui.<\/a><\/strong><\/p>\n\n\n<figure class=\"wp-block-post-featured-image\"><img loading=\"lazy\" decoding=\"async\" width=\"471\" height=\"375\" src=\"https:\/\/revistahubclub.com.br\/portal\/wp-content\/uploads\/2025\/06\/SEANA.jpg\" class=\"attachment-post-thumbnail size-post-thumbnail wp-post-image\" alt=\"\" style=\"object-fit:cover;\" srcset=\"https:\/\/revistahubclub.com.br\/portal\/wp-content\/uploads\/2025\/06\/SEANA.jpg 471w, https:\/\/revistahubclub.com.br\/portal\/wp-content\/uploads\/2025\/06\/SEANA-300x239.jpg 300w\" sizes=\"auto, (max-width: 471px) 100vw, 471px\" \/><\/figure>","protected":false},"excerpt":{"rendered":"<p>Em celebra\u00e7\u00e3o ao Dia Mundial do Meio Ambiente, comemorado em 5 de junho, a Prefeitura de Uberl\u00e2ndia realiza, de hoje at\u00e9 o dia 7 de junho, a&nbsp;Semana do Meio Ambiente<\/p>\n","protected":false},"author":2,"featured_media":11316,"comment_status":"open","ping_status":"open","sticky":false,"template":"","format":"standard","meta":{"footnotes":""},"categories":[1],"tags":[],"class_list":["post-11315","post","type-post","status-publish","format-standard","has-post-thumbnail","hentry","category-noticias"],"_links":{"self":[{"href":"https:\/\/revistahubclub.com.br\/portal\/wp-json\/wp\/v2\/posts\/11315","targetHints":{"allow":["GET"]}}],"collection":[{"href":"https:\/\/revistahubclub.com.br\/portal\/wp-json\/wp\/v2\/posts"}],"about":[{"href":"https:\/\/revistahubclub.com.br\/portal\/wp-json\/wp\/v2\/types\/post"}],"author":[{"embeddable":true,"href":"https:\/\/revistahubclub.com.br\/portal\/wp-json\/wp\/v2\/users\/2"}],"replies":[{"embeddable":true,"href":"https:\/\/revistahubclub.com.br\/portal\/wp-json\/wp\/v2\/comments?post=11315"}],"version-history":[{"count":1,"href":"https:\/\/revistahubclub.com.br\/portal\/wp-json\/wp\/v2\/posts\/11315\/revisions"}],"predecessor-version":[{"id":11317,"href":"https:\/\/revistahubclub.com.br\/portal\/wp-json\/wp\/v2\/posts\/11315\/revisions\/11317"}],"wp:featuredmedia":[{"embeddable":true,"href":"https:\/\/revistahubclub.com.br\/portal\/wp-json\/wp\/v2\/media\/11316"}],"wp:attachment":[{"href":"https:\/\/revistahubclub.com.br\/portal\/wp-json\/wp\/v2\/media?parent=11315"}],"wp:term":[{"taxonomy":"category","embeddable":true,"href":"https:\/\/revistahubclub.com.br\/portal\/wp-json\/wp\/v2\/categories?post=11315"},{"taxonomy":"post_tag","embeddable":true,"href":"https:\/\/revistahubclub.com.br\/portal\/wp-json\/wp\/v2\/tags?post=11315"}],"curies":[{"name":"wp","href":"https:\/\/api.w.org\/{rel}","templated":true}]}}