{"id":11332,"date":"2025-06-05T13:12:37","date_gmt":"2025-06-05T16:12:37","guid":{"rendered":"https:\/\/revistahubclub.com.br\/portal\/?p=11332"},"modified":"2025-06-05T13:43:34","modified_gmt":"2025-06-05T16:43:34","slug":"temperatura-deve-ficar-abaixo-de-10-graus-em-uberlandia","status":"publish","type":"post","link":"https:\/\/revistahubclub.com.br\/portal\/2025\/06\/05\/temperatura-deve-ficar-abaixo-de-10-graus-em-uberlandia\/","title":{"rendered":"Temperatura deve ficar perto de 10 graus em Uberl\u00e2ndia"},"content":{"rendered":"\n<p>Uma nova onda de frio no Tri\u00e2ngulo Mineiro deve ocorrer a partir deste fim de semana, com a chegada uma massa de ar polar em Minas Gerais, segundo a previs\u00e3o do Climatempo. Essa ser\u00e1 a segunda onda de frio de 2025 e deve se estender pela pr\u00f3xima semana, provocando queda nas temperaturas e mudan\u00e7as no clima em diversas regi\u00f5es do estado, incluindo Uberl\u00e2ndia, Uberaba e Patos de Minas.<\/p>\n\n\n\n<p>Uma frente fria menos intensa come\u00e7a a atuar entre quinta (5) e sexta-feira (6) no Sul do pa\u00eds. J\u00e1 a massa de ar frio que deve atingir o Sudeste e o Centro-Oeste chega a partir de domingo (8), com previs\u00e3o de queda mais acentuada nos term\u00f4metros.<\/p>\n\n\n\n<p>Na regi\u00e3o, os term\u00f4metros podem marcar m\u00ednimas de at\u00e9 15 \u00b0C em cidades como Uberl\u00e2ndia, com m\u00e1ximas que n\u00e3o devem ultrapassar os 26 \u00b0C. Ainda segundo o\u00a0<a href=\"https:\/\/www.climatempo.com.br\/noticia\/frio\/nova-onda-de-frio-a-vista\" target=\"_blank\" rel=\"noreferrer noopener\">Climatempo<\/a>, essa nova onda de frio ter\u00e1 caracter\u00edsticas um pouco diferentes da registrada no fim de maio: atingir\u00e1 uma \u00e1rea menor, com intensidade mais moderada, mas deve durar mais dias.<\/p>\n\n\n\n<p>Com base em dados do Centro Europeu de Previs\u00f5es Meteorol\u00f3gicas a M\u00e9dio Prazo, a temperatura m\u00ednima prevista para Uberl\u00e2ndia pode ficar entre 3\u00b0C e 5\u00b0C abaixo da m\u00e9dia climatol\u00f3gica, atualmente em 14,7 \u00b0C.<\/p>\n\n\n\n<p>Nas \u00e1reas rurais de Uberl\u00e2ndia, espera-se que as temperaturas mais baixas sejam registradas, enquanto no Pontal do Tri\u00e2ngulo Mineiro os term\u00f4metros podem marcar entre 9\u00b0C e 7\u00b0C, chegando a um d\u00edgito durante as madrugadas.<\/p>\n\n\n<figure class=\"wp-block-post-featured-image\"><img loading=\"lazy\" decoding=\"async\" width=\"2488\" height=\"1426\" src=\"https:\/\/revistahubclub.com.br\/portal\/wp-content\/uploads\/2025\/06\/Captura-de-Tela-2025-06-05-as-1.00.30\u202fPM.png\" class=\"attachment-post-thumbnail size-post-thumbnail wp-post-image\" alt=\"\" style=\"object-fit:cover;\" srcset=\"https:\/\/revistahubclub.com.br\/portal\/wp-content\/uploads\/2025\/06\/Captura-de-Tela-2025-06-05-as-1.00.30\u202fPM.png 2488w, https:\/\/revistahubclub.com.br\/portal\/wp-content\/uploads\/2025\/06\/Captura-de-Tela-2025-06-05-as-1.00.30\u202fPM-300x172.png 300w, https:\/\/revistahubclub.com.br\/portal\/wp-content\/uploads\/2025\/06\/Captura-de-Tela-2025-06-05-as-1.00.30\u202fPM-1024x587.png 1024w, https:\/\/revistahubclub.com.br\/portal\/wp-content\/uploads\/2025\/06\/Captura-de-Tela-2025-06-05-as-1.00.30\u202fPM-768x440.png 768w, https:\/\/revistahubclub.com.br\/portal\/wp-content\/uploads\/2025\/06\/Captura-de-Tela-2025-06-05-as-1.00.30\u202fPM-1536x880.png 1536w, https:\/\/revistahubclub.com.br\/portal\/wp-content\/uploads\/2025\/06\/Captura-de-Tela-2025-06-05-as-1.00.30\u202fPM-2048x1174.png 2048w\" sizes=\"auto, (max-width: 2488px) 100vw, 2488px\" \/><\/figure>","protected":false},"excerpt":{"rendered":"<p>Uma nova onda de frio no Tri\u00e2ngulo Mineiro deve ocorrer a partir deste fim de semana, com a chegada uma massa de ar polar em Minas Gerais, segundo a previs\u00e3o<\/p>\n","protected":false},"author":2,"featured_media":11333,"comment_status":"open","ping_status":"open","sticky":false,"template":"","format":"standard","meta":{"footnotes":""},"categories":[1],"tags":[481,27],"class_list":["post-11332","post","type-post","status-publish","format-standard","has-post-thumbnail","hentry","category-noticias","tag-cai","tag-uberlandia"],"_links":{"self":[{"href":"https:\/\/revistahubclub.com.br\/portal\/wp-json\/wp\/v2\/posts\/11332","targetHints":{"allow":["GET"]}}],"collection":[{"href":"https:\/\/revistahubclub.com.br\/portal\/wp-json\/wp\/v2\/posts"}],"about":[{"href":"https:\/\/revistahubclub.com.br\/portal\/wp-json\/wp\/v2\/types\/post"}],"author":[{"embeddable":true,"href":"https:\/\/revistahubclub.com.br\/portal\/wp-json\/wp\/v2\/users\/2"}],"replies":[{"embeddable":true,"href":"https:\/\/revistahubclub.com.br\/portal\/wp-json\/wp\/v2\/comments?post=11332"}],"version-history":[{"count":2,"href":"https:\/\/revistahubclub.com.br\/portal\/wp-json\/wp\/v2\/posts\/11332\/revisions"}],"predecessor-version":[{"id":11335,"href":"https:\/\/revistahubclub.com.br\/portal\/wp-json\/wp\/v2\/posts\/11332\/revisions\/11335"}],"wp:featuredmedia":[{"embeddable":true,"href":"https:\/\/revistahubclub.com.br\/portal\/wp-json\/wp\/v2\/media\/11333"}],"wp:attachment":[{"href":"https:\/\/revistahubclub.com.br\/portal\/wp-json\/wp\/v2\/media?parent=11332"}],"wp:term":[{"taxonomy":"category","embeddable":true,"href":"https:\/\/revistahubclub.com.br\/portal\/wp-json\/wp\/v2\/categories?post=11332"},{"taxonomy":"post_tag","embeddable":true,"href":"https:\/\/revistahubclub.com.br\/portal\/wp-json\/wp\/v2\/tags?post=11332"}],"curies":[{"name":"wp","href":"https:\/\/api.w.org\/{rel}","templated":true}]}}