{"id":11336,"date":"2025-06-09T12:08:16","date_gmt":"2025-06-09T15:08:16","guid":{"rendered":"https:\/\/revistahubclub.com.br\/portal\/?p=11336"},"modified":"2025-06-09T12:08:16","modified_gmt":"2025-06-09T15:08:16","slug":"cine-familia-na-praca-retorna-a-tupaciguara-com-historias-inspiradoras-para-toda-a-familia","status":"publish","type":"post","link":"https:\/\/revistahubclub.com.br\/portal\/2025\/06\/09\/cine-familia-na-praca-retorna-a-tupaciguara-com-historias-inspiradoras-para-toda-a-familia\/","title":{"rendered":"Cine Fam\u00edlia na Pra\u00e7a retorna a Tupaciguara com hist\u00f3rias inspiradoras para toda a fam\u00edlia"},"content":{"rendered":"\n<p><\/p>\n\n\n\n<p><em>Exibi\u00e7\u00e3o gratuita de cinco filmes acontece em 14 de junho, \u00e0s 19h, na Pra\u00e7a Jo\u00e3o de Barros Ferreira<\/em><\/p>\n\n\n\n<p>A cidade de Tupaciguara ser\u00e1 cen\u00e1rio de mais uma edi\u00e7\u00e3o do projeto itinerante Cine Fam\u00edlia na Pra\u00e7a, programado para o dia 14 de junho, na Pra\u00e7a Jo\u00e3o de Barros Ferreira. A iniciativa, que tem apoio da Prefeitura de Tupaciguara, \u00e9 realizada pela Moinho Cultural, com patroc\u00ednio da Algar Telecom, por meio da Lei Estadual de Incentivo \u00e0 Cultura de Minas Gerais.&nbsp;<\/p>\n\n\n\n<p>O evento traz uma sele\u00e7\u00e3o de cinco filmes emocionantes e inspiradores: \u201cA Menina Espantalho\u201d, \u201cBig Bang\u201d, \u201cMarina N\u00e3o Vai \u00e0 Praia\u201d, \u201cSoneca e Jupa\u201d e o grande destaque da noite, a anima\u00e7\u00e3o de aventura \u201cKayara &#8211; A Princesa Inca\u201d, que ainda n\u00e3o foi exibido em TV aberta ou por assinatura.<\/p>\n\n\n\n<p>As atividades ter\u00e3o in\u00edcio \u00e0s 19h com a exibi\u00e7\u00e3o do curta \u201cSoneca e Jupa\u201d, dirigido por Rodrigo Meirelles. A trama acompanha Jupa, que, em um momento de dificuldade, aceita o convite de um amigo de inf\u00e2ncia para uma viagem de despedida a bordo de uma Kombi. Em seguida, ser\u00e1 apresentado \u201cBig Bang\u201d, de Carlos Segundo, que narra a hist\u00f3ria de Chico, um homem de baixa estatura que trabalha consertando fornos, enfrentando a exclus\u00e3o social com muita resili\u00eancia.&nbsp;O terceiro curta da noite, \u201cA Menina Espantalho\u201d, dirigido por C\u00e1ssio Pereira dos Santos, conta a hist\u00f3ria de Luzia, uma jovem do campo que sonha em aprender a ler como o irm\u00e3o, mas precisa superar a proibi\u00e7\u00e3o do pai. Logo ap\u00f3s, ser\u00e1 exibido &#8220;Marina N\u00e3o Vai \u00e0 Praia&#8221;, tamb\u00e9m de C\u00e1ssio Pereira dos Santos, que narra a jornada de Marina, uma adolescente com S\u00edndrome de Down, que deseja conhecer o mar e busca alternativas para realizar esse sonho, mesmo sendo impedida de viajar com amigos.<\/p>\n\n\n\n<p>\u00c0s 20h come\u00e7a a exibi\u00e7\u00e3o do longa \u201cKayara &#8211; A Princesa Inca\u201d. O filme conta a hist\u00f3ria de uma jovem de 16 anos que desafia tradi\u00e7\u00f5es ao tentar se tornar a primeira mulher a integrar os Chasquis, os mensageiros do Imp\u00e9rio Inca. Durante sua jornada, ela enfrenta terrenos trai\u00e7oeiros, protege a lend\u00e1ria Cidade Dourada de perigos iminentes e luta para salvar amigos e familiares.<\/p>\n\n\n\n<p><strong>Estrutura<\/strong><\/p>\n\n\n\n<p>Para assegurar o conforto dos espectadores, ser\u00e3o oferecidas 600 cadeiras com bra\u00e7o, al\u00e9m de uma passarela com carpete vermelho e ilumina\u00e7\u00e3o especial. A estrutura tamb\u00e9m incluir\u00e1 um sistema de proje\u00e7\u00e3o a laser de alta defini\u00e7\u00e3o, com 20 mil l\u00famens, em uma tela de 40 metros quadrados. Para tornar os filmes acess\u00edveis a um p\u00fablico mais diversificado, o evento contar\u00e1 com recursos de acessibilidade, como legendas descritivas nos filmes, banheiros adaptados e uma \u00e1rea de atendimento priorit\u00e1rio destinada a pessoas com defici\u00eancia, gr\u00e1vidas, idosos e outros grupos priorit\u00e1rios.&nbsp;<\/p>\n\n\n\n<p>\u201cO Cine Fam\u00edlia na Pra\u00e7a apresenta uma programa\u00e7\u00e3o envolvente, repleta de hist\u00f3rias marcantes e promete oferecer uma noite memor\u00e1vel de cultura e lazer para toda a comunidade. O projeto tem como objetivo levar cinema de qualidade a locais onde o acesso a essa arte ainda \u00e9 restrito, promovendo momentos de conex\u00e3o e reflex\u00e3o para as fam\u00edlias. A proposta \u00e9 que cada espectador encerre a noite com a sensa\u00e7\u00e3o de ter participado de algo verdadeiramente especial\u201d, destaca Marcelo Mamede, coordenador do projeto e da produ\u00e7\u00e3o.<\/p>\n\n\n\n<p><strong>Sobre a Algar Telecom<\/strong><\/p>\n\n\n\n<p>A Algar Telecom, empresa do grupo Algar, oferece solu\u00e7\u00f5es completas de TIC (Tecnologia da Informa\u00e7\u00e3o e Comunica\u00e7\u00e3o) em 16 estados do Brasil e no Distrito Federal. Com um amplo portf\u00f3lio voltado para clientes corporativos (B2B) e do varejo (B2C), a companhia disponibiliza internet de ultravelocidade por fibra \u00f3ptica, celular de qualidade, voz e dados, servi\u00e7os de Tecnologia da Informa\u00e7\u00e3o (TI), incluindo cloud, de seguran\u00e7a de redes e sistemas de gest\u00e3o para pequenas empresas. Al\u00e9m disso, suas solu\u00e7\u00f5es em IoT podem ser aplicadas em diversas \u00e1reas, como cidades inteligentes, agroneg\u00f3cio, ind\u00fastria 4.0 e sa\u00fade.&nbsp;<\/p>\n\n\n\n<p>Com 71 anos de mercado, possui uma moderna infraestrutura, suportada por uma rede de 137 mil km de fibra \u00f3ptica que serve, atualmente, mais de 372 cidades, em 16 estados do Brasil e no Distrito Federal. Para todos esses locais, a empresa investe em um atendimento personalizado, consultivo e eficaz para entregar cada vez mais qualidade aos clientes.&nbsp;<\/p>\n\n\n\n<p>Companhia aberta, n\u00e3o listada em bolsa desde 2007, a Algar Telecom se compromete com as melhores pr\u00e1ticas de governan\u00e7a corporativa. S\u00e3o mais de 4,2 mil associados &#8211; como s\u00e3o chamados os colaboradores da empresa &#8211; comprometidos em manter um relacionamento pr\u00f3ximo com seus clientes e alta qualidade na presta\u00e7\u00e3o de servi\u00e7os, com pr\u00e1ticas sustent\u00e1veis e inovadora.<\/p>\n\n\n\n<p><strong>Sobre a Moinho Cultural<\/strong><\/p>\n\n\n\n<p>Fundada h\u00e1 20 anos, a Moinho Cultural \u00e9 uma produtora que atende empresas patrocinadoras, ag\u00eancias de Publicidade e de Rela\u00e7\u00f5es P\u00fablicas com a disponibiliza\u00e7\u00e3o de projetos pr\u00f3prios para patroc\u00ednio e tamb\u00e9m cria\u00e7\u00e3o de projetos sob medida, sempre alinhados \u00e0s estrat\u00e9gias de comunica\u00e7\u00e3o do cliente, gerando entregas de qualidade que favore\u00e7am a visibilidade, fortalecimento e reputa\u00e7\u00e3o de marca. Al\u00e9m do Cine Fam\u00edlia na Pra\u00e7a, possui em seu portf\u00f3lio projetos de sucesso como: Festival de Inverno da Serra da Canastra; Fundinho Festival \u2013 Jazz e Blues; Divers\u00e3o e Arte: M\u00fasica para Crian\u00e7as de Todas as Idades; Arax\u00e1 Festival \u2013 Jazz e Blues; e Expresso Liter\u00e1rio, totalizando 55 eventos realizados em 23 diferentes munic\u00edpios, para um p\u00fablico de cerca de 183 mil pessoas.<\/p>\n\n\n\n<p>&nbsp;<strong>Servi\u00e7o:<\/strong><\/p>\n\n\n\n<p>Cine Fam\u00edlia na Pra\u00e7a<\/p>\n\n\n\n<p>Tupaciguara \u2013 14 de junho (s\u00e1bado) \u2013 Pra\u00e7a Jo\u00e3o de Barros Ferreira<br>Abertura do espa\u00e7o &#8211; 17 horas<\/p>\n\n\n\n<p>Exibi\u00e7\u00f5es:<br>19h: Soneca e Jupa<br>19h15: Big Bang<br>19h30: A Menina Espantalho<br>19h45: Marina N\u00e3o Vai \u00e0 Praia<br>20h: Kayara &#8211; A Princesa Inca<\/p>\n\n\n\n<p>Entrada gratuita, classifica\u00e7\u00e3o livre e acess\u00edvel para todos os p\u00fablicos.&nbsp;<\/p>\n\n\n\n<p>Para mais informa\u00e7\u00f5es, acesse o site&nbsp;<a href=\"http:\/\/www.cinefamilia.com.br\/\">www.cinefamilia.com.br<\/a>&nbsp;e acompanhe as redes sociais:<br>Facebook:&nbsp;<a href=\"http:\/\/facebook.com\/cinefamilianapraca\">facebook.com\/cinefamilianapraca<\/a><br>Instagram: @cinefamilianapraca<\/p>\n\n\n\n<p><\/p>\n","protected":false},"excerpt":{"rendered":"<p>Exibi\u00e7\u00e3o gratuita de cinco filmes acontece em 14 de junho, \u00e0s 19h, na Pra\u00e7a Jo\u00e3o de Barros Ferreira A cidade de Tupaciguara ser\u00e1 cen\u00e1rio de mais uma edi\u00e7\u00e3o do projeto<\/p>\n","protected":false},"author":3,"featured_media":11337,"comment_status":"open","ping_status":"open","sticky":false,"template":"","format":"standard","meta":{"footnotes":""},"categories":[1],"tags":[],"class_list":["post-11336","post","type-post","status-publish","format-standard","has-post-thumbnail","hentry","category-noticias"],"_links":{"self":[{"href":"https:\/\/revistahubclub.com.br\/portal\/wp-json\/wp\/v2\/posts\/11336","targetHints":{"allow":["GET"]}}],"collection":[{"href":"https:\/\/revistahubclub.com.br\/portal\/wp-json\/wp\/v2\/posts"}],"about":[{"href":"https:\/\/revistahubclub.com.br\/portal\/wp-json\/wp\/v2\/types\/post"}],"author":[{"embeddable":true,"href":"https:\/\/revistahubclub.com.br\/portal\/wp-json\/wp\/v2\/users\/3"}],"replies":[{"embeddable":true,"href":"https:\/\/revistahubclub.com.br\/portal\/wp-json\/wp\/v2\/comments?post=11336"}],"version-history":[{"count":1,"href":"https:\/\/revistahubclub.com.br\/portal\/wp-json\/wp\/v2\/posts\/11336\/revisions"}],"predecessor-version":[{"id":11338,"href":"https:\/\/revistahubclub.com.br\/portal\/wp-json\/wp\/v2\/posts\/11336\/revisions\/11338"}],"wp:featuredmedia":[{"embeddable":true,"href":"https:\/\/revistahubclub.com.br\/portal\/wp-json\/wp\/v2\/media\/11337"}],"wp:attachment":[{"href":"https:\/\/revistahubclub.com.br\/portal\/wp-json\/wp\/v2\/media?parent=11336"}],"wp:term":[{"taxonomy":"category","embeddable":true,"href":"https:\/\/revistahubclub.com.br\/portal\/wp-json\/wp\/v2\/categories?post=11336"},{"taxonomy":"post_tag","embeddable":true,"href":"https:\/\/revistahubclub.com.br\/portal\/wp-json\/wp\/v2\/tags?post=11336"}],"curies":[{"name":"wp","href":"https:\/\/api.w.org\/{rel}","templated":true}]}}