{"id":11340,"date":"2025-06-09T16:20:57","date_gmt":"2025-06-09T19:20:57","guid":{"rendered":"https:\/\/revistahubclub.com.br\/portal\/?p=11340"},"modified":"2025-06-09T16:20:57","modified_gmt":"2025-06-09T19:20:57","slug":"uberlandia-recebe-6o-forum-de-criatividade-empreendedorismo-e-marketing","status":"publish","type":"post","link":"https:\/\/revistahubclub.com.br\/portal\/2025\/06\/09\/uberlandia-recebe-6o-forum-de-criatividade-empreendedorismo-e-marketing\/","title":{"rendered":"Uberl\u00e2ndia recebe 6\u00ba F\u00f3rum de Criatividade, Empreendedorismo e Marketing"},"content":{"rendered":"\n<p><\/p>\n\n\n\n<p><em>Evento <\/em><em>acontece no dia <\/em><em>25 de junho e traz reflex\u00f5<\/em><em>es estrat\u00e9<\/em><em>gicas sobre o futuro dos neg<\/em><em>\u00f3<\/em><em>cios e o papel das pessoas na era digital<\/em><\/p>\n\n\n\n<p>O mundo est\u00e1 mudando \u2014 e r\u00e1pido. Em apenas 3 segundos, uma intelig\u00eancia artificial pode criar imagens, responder perguntas complexas ou transformar a forma como nos comunicamos e consumimos. Em meio a tanta acelera\u00e7\u00e3o, o 6\u00ba F\u00f3rum de Criatividade, Empreendedorismo e Marketing prop\u00f5e uma pausa estrat\u00e9gica para reflex\u00e3o, conex\u00e3o e atualiza\u00e7\u00e3o. O evento ser\u00e1 realizado no dia 25 de junho, das 8h \u00e0s 13h30, na CDL&nbsp; Uberl\u00e2ndia, reunindo especialistas para discutir os rumos do marketing, da inova\u00e7\u00e3o e da lideran\u00e7a contempor\u00e2nea.<\/p>\n\n\n\n<p>Promovido pela APCM (Associa\u00e7\u00e3o dos Profissionais de Comunica\u00e7\u00e3o e Marketing de Uberl\u00e2ndia), em parceria com a CDL Uberl\u00e2ndia, o evento chega \u00e0 sua sexta edi\u00e7\u00e3o consolidado como um dos principais espa\u00e7os de troca de experi\u00eancias entre empres\u00e1rios, lideran\u00e7as e profissionais das \u00e1reas de comunica\u00e7\u00e3o, marketing, criatividade e inova\u00e7\u00e3o.<\/p>\n\n\n\n<p>A programa\u00e7\u00e3o traz palestras e pain\u00e9is com especialistas de diferentes setores, abordando os desafios contempor\u00e2neos da lideran\u00e7a, do posicionamento de marca, da transforma\u00e7\u00e3o digital e da sa\u00fade emocional nas organiza\u00e7\u00f5es. Tudo isso com um olhar estrat\u00e9gico voltado para o futuro \u2014 mas com os p\u00e9s no presente e o ser humano no centro das decis\u00f5es. \u201cO F\u00f3rum estimula o empreendedorismo com a troca de experi\u00eancias entre os participantes e traz conte\u00fados relevantes para que marcas e neg\u00f3cios se mantenham cada vez mais competitivos em um mercado em constante transforma\u00e7\u00e3o\u201d, destaca Toni Valente, presidente executivo da APCM.<\/p>\n\n\n\n<p>Para o diretor da entidade, Rog\u00e9rio Fonseca, o momento exige mais do que efici\u00eancia. \u201cMarcas e neg\u00f3cios precisam ser verdadeiros, sens\u00edveis ao contexto e profundamente conectados com as pessoas. O F\u00f3rum \u00e9 esse espa\u00e7o de pausa estrat\u00e9gica, onde conseguimos refletir, compartilhar viv\u00eancias e sair com ideias mais maduras sobre o que realmente importa\u201d, afirma.<\/p>\n\n\n\n<p><strong>Programa\u00e7\u00e3<\/strong><strong>o:<\/strong><\/p>\n\n\n\n<p>9h &#8211; Palestra &#8211; A Jornada do Empreendedor<br>Andr\u00e9 Patroc\u00ednio, fundador da Etus<\/p>\n\n\n\n<p>10h &#8211; Painel &#8211; Marcas Empregadoras e Sa\u00fade Mental na Era da IA<br>Como equilibrar tecnologia, bem-estar e cultura organizacional?<br>Media\u00e7\u00e3o: Raquel Garcia (Instituto Projeto de Vida)<br>Convidadas: Melissa Vogel e Patr\u00edcia Lara<\/p>\n\n\n\n<p>11h30 &#8211; Palestra &#8211; Como a I.A. pode impactar o seu neg\u00f3cio?<\/p>\n\n\n\n<p>Myrko Micali, fundador da Alfred Delivery<\/p>\n\n\n\n<p>12h30 &#8211; Painel &#8211; Futuro dos Neg\u00f3cios: Tecnologia e Marcas Humanizadas<br>Media\u00e7\u00e3o: Fabiano Alves (Secret\u00e1rio de Desenvolvimento Econ\u00f4mico e Inova\u00e7\u00e3o de Uberl\u00e2ndia)<br>Convidados: Ferdinando Kun (UberHub) e Marianna Garcia (Grupo Algar)<\/p>\n\n\n\n<p>A participa\u00e7\u00e3o no evento \u00e9 gratuita para associados da CDL Uberl\u00e2ndia, da APCM, estudantes com comprova\u00e7\u00e3o e participantes de projetos sociais apoiados por institui\u00e7\u00f5es parceiras.<\/p>\n\n\n\n<p>Para o p\u00fablico em geral, a inscri\u00e7\u00e3o individual \u00e9 R$ 300,00, com valor reduzido de R$ 200,00 por pessoa em grupos a partir de duas pessoas.<\/p>\n\n\n\n<p>Inscri\u00e7\u00f5es: <a href=\"https:\/\/forumapcm.com.br\/\">https:\/\/forumapcm.com.br<\/a><\/p>\n\n\n\n<p>Informa\u00e7\u00f5es pelo WhatsApp: (34) 99663-2022.<\/p>\n\n\n<figure class=\"wp-block-post-featured-image\"><img loading=\"lazy\" decoding=\"async\" width=\"2560\" height=\"1707\" src=\"https:\/\/revistahubclub.com.br\/portal\/wp-content\/uploads\/2025\/06\/APP_IMG_179-1-scaled-1.jpg\" class=\"attachment-post-thumbnail size-post-thumbnail wp-post-image\" alt=\"\" style=\"object-fit:cover;\" srcset=\"https:\/\/revistahubclub.com.br\/portal\/wp-content\/uploads\/2025\/06\/APP_IMG_179-1-scaled-1.jpg 2560w, https:\/\/revistahubclub.com.br\/portal\/wp-content\/uploads\/2025\/06\/APP_IMG_179-1-scaled-1-300x200.jpg 300w, https:\/\/revistahubclub.com.br\/portal\/wp-content\/uploads\/2025\/06\/APP_IMG_179-1-scaled-1-1024x683.jpg 1024w, https:\/\/revistahubclub.com.br\/portal\/wp-content\/uploads\/2025\/06\/APP_IMG_179-1-scaled-1-768x512.jpg 768w, https:\/\/revistahubclub.com.br\/portal\/wp-content\/uploads\/2025\/06\/APP_IMG_179-1-scaled-1-1536x1024.jpg 1536w, https:\/\/revistahubclub.com.br\/portal\/wp-content\/uploads\/2025\/06\/APP_IMG_179-1-scaled-1-2048x1366.jpg 2048w, https:\/\/revistahubclub.com.br\/portal\/wp-content\/uploads\/2025\/06\/APP_IMG_179-1-scaled-1-900x600.jpg 900w\" sizes=\"auto, (max-width: 2560px) 100vw, 2560px\" \/><\/figure>","protected":false},"excerpt":{"rendered":"<p>Evento acontece no dia 25 de junho e traz reflex\u00f5es estrat\u00e9gicas sobre o futuro dos neg\u00f3cios e o papel das pessoas na era digital O mundo est\u00e1 mudando \u2014 e<\/p>\n","protected":false},"author":2,"featured_media":11341,"comment_status":"open","ping_status":"open","sticky":false,"template":"","format":"standard","meta":{"footnotes":""},"categories":[1],"tags":[],"class_list":["post-11340","post","type-post","status-publish","format-standard","has-post-thumbnail","hentry","category-noticias"],"_links":{"self":[{"href":"https:\/\/revistahubclub.com.br\/portal\/wp-json\/wp\/v2\/posts\/11340","targetHints":{"allow":["GET"]}}],"collection":[{"href":"https:\/\/revistahubclub.com.br\/portal\/wp-json\/wp\/v2\/posts"}],"about":[{"href":"https:\/\/revistahubclub.com.br\/portal\/wp-json\/wp\/v2\/types\/post"}],"author":[{"embeddable":true,"href":"https:\/\/revistahubclub.com.br\/portal\/wp-json\/wp\/v2\/users\/2"}],"replies":[{"embeddable":true,"href":"https:\/\/revistahubclub.com.br\/portal\/wp-json\/wp\/v2\/comments?post=11340"}],"version-history":[{"count":1,"href":"https:\/\/revistahubclub.com.br\/portal\/wp-json\/wp\/v2\/posts\/11340\/revisions"}],"predecessor-version":[{"id":11342,"href":"https:\/\/revistahubclub.com.br\/portal\/wp-json\/wp\/v2\/posts\/11340\/revisions\/11342"}],"wp:featuredmedia":[{"embeddable":true,"href":"https:\/\/revistahubclub.com.br\/portal\/wp-json\/wp\/v2\/media\/11341"}],"wp:attachment":[{"href":"https:\/\/revistahubclub.com.br\/portal\/wp-json\/wp\/v2\/media?parent=11340"}],"wp:term":[{"taxonomy":"category","embeddable":true,"href":"https:\/\/revistahubclub.com.br\/portal\/wp-json\/wp\/v2\/categories?post=11340"},{"taxonomy":"post_tag","embeddable":true,"href":"https:\/\/revistahubclub.com.br\/portal\/wp-json\/wp\/v2\/tags?post=11340"}],"curies":[{"name":"wp","href":"https:\/\/api.w.org\/{rel}","templated":true}]}}