{"id":11346,"date":"2025-06-10T09:13:30","date_gmt":"2025-06-10T12:13:30","guid":{"rendered":"https:\/\/revistahubclub.com.br\/portal\/?p=11346"},"modified":"2025-06-10T09:13:30","modified_gmt":"2025-06-10T12:13:30","slug":"alta-qualidade-de-vida-impulsiona-o-mercado-imobiliario-em-uberlandia","status":"publish","type":"post","link":"https:\/\/revistahubclub.com.br\/portal\/2025\/06\/10\/alta-qualidade-de-vida-impulsiona-o-mercado-imobiliario-em-uberlandia\/","title":{"rendered":"Alta qualidade de vida impulsiona o mercado imobili\u00e1rio em Uberl\u00e2ndia"},"content":{"rendered":"\n<p><\/p>\n\n\n\n<p><em>Cidade ocupa a 3\u00aa posi\u00e7\u00e3o no \u00cdndice de Progresso Social, nas cidades acima de 500 mil habitantes \u2013 com exce\u00e7\u00e3o das capitais \u2013, e refor\u00e7a cen\u00e1rio positivo para planejamento urbano e desenvolvimento imobili\u00e1rio<\/em><\/p>\n\n\n\n<p>Uberl\u00e2ndia acaba de conquistar um lugar de destaque entre os munic\u00edpios brasileiros com melhores condi\u00e7\u00f5es de vida. Segundo o<a href=\"https:\/\/ipsbrasil.org.br\/pt\"> \u00cdndice de Progresso Social (IPS)<\/a>, divulgado no final de maio, o munic\u00edpio ocupa a 3\u00aa posi\u00e7\u00e3o, considerando os munic\u00edpios acima de 500 mil habitantes \u2013 com exce\u00e7\u00e3o das capitais \u2013 alcan\u00e7ando 68,53 pontos em uma escala que vai at\u00e9 100. A cidade est\u00e1 atr\u00e1s apenas de Ribeir\u00e3o Preto e Campinas, ambas em S\u00e3o Paulo.<\/p>\n\n\n\n<p>O levantamento avaliou 5.570 cidades brasileiras com base em 57 indicadores sociais e ambientais, divididos em tr\u00eas eixos principais: necessidades humanas b\u00e1sicas, fundamentos do bem-estar e oportunidades.<\/p>\n\n\n\n<p>O resultado chama aten\u00e7\u00e3o n\u00e3o apenas por posicionar Uberl\u00e2ndia entre os principais polos de qualidade de vida do Brasil, mas tamb\u00e9m por destacar o impacto direto desse progresso em setores estrat\u00e9gicos, como a constru\u00e7\u00e3o civil e o mercado imobili\u00e1rio. \u201cUberl\u00e2ndia j\u00e1 era reconhecida por seu dinamismo econ\u00f4mico e pela atratividade para novos moradores e investidores. Agora, com indicadores sociais e ambientais refor\u00e7ando essa percep\u00e7\u00e3o, vemos uma valida\u00e7\u00e3o do trabalho que vem sendo feito ao longo dos anos\u201d, avalia Rafael Batista, Diretor de Incorpora\u00e7\u00e3o da Perplan.&nbsp;<\/p>\n\n\n\n<p>A empresa atua h\u00e1 quase 25 anos no setor, desenvolvendo empreendimentos que contribuem para o crescimento, a valoriza\u00e7\u00e3o e a fluidez das regi\u00f5es em que est\u00e3o localizadas, priorizando mobilidade, infraestrutura e qualidade de vida. \u201cO crescimento planejado e sustent\u00e1vel do munic\u00edpio precisa ser um compromisso cont\u00ednuo. E atuamos nesta perspectiva com nossos empreendimentos\u201d, continua o diretor.&nbsp;<\/p>\n\n\n\n<p>Para o setor imobili\u00e1rio, esses dados s\u00e3o fundamentais na defini\u00e7\u00e3o de estrat\u00e9gias de m\u00e9dio e longo prazo. \u201cIndicadores como o IPS ajudam a orientar decis\u00f5es de investimento, escolha de localiza\u00e7\u00f5es e defini\u00e7\u00e3o de produtos mais alinhados ao perfil do morador atual. A qualidade de vida passou a ser um crit\u00e9rio fundamental tanto para quem compra quanto para quem investe\u201d, conclui Batista.<\/p>\n\n\n\n<p><strong>Sobre a Perplan<\/strong><\/p>\n\n\n\n<p>A Perplan completou 24 anos de hist\u00f3ria. Sediada em Ribeir\u00e3o Preto, com foco nos estados de S\u00e3o Paulo e Minas Gerais, construiu um portf\u00f3lio s\u00f3lido e diversificado, totalizando mais de 40 empreendimentos lan\u00e7ados e mais de 7 mil unidades entregues.<\/p>\n\n\n<figure class=\"wp-block-post-featured-image\"><img loading=\"lazy\" decoding=\"async\" width=\"279\" height=\"402\" src=\"https:\/\/revistahubclub.com.br\/portal\/wp-content\/uploads\/2025\/06\/fachadagrandversenoturnabaixa.jpg\" class=\"attachment-post-thumbnail size-post-thumbnail wp-post-image\" alt=\"\" style=\"object-fit:cover;\" srcset=\"https:\/\/revistahubclub.com.br\/portal\/wp-content\/uploads\/2025\/06\/fachadagrandversenoturnabaixa.jpg 279w, https:\/\/revistahubclub.com.br\/portal\/wp-content\/uploads\/2025\/06\/fachadagrandversenoturnabaixa-208x300.jpg 208w\" sizes=\"auto, (max-width: 279px) 100vw, 279px\" \/><\/figure>","protected":false},"excerpt":{"rendered":"<p>Cidade ocupa a 3\u00aa posi\u00e7\u00e3o no \u00cdndice de Progresso Social, nas cidades acima de 500 mil habitantes \u2013 com exce\u00e7\u00e3o das capitais \u2013, e refor\u00e7a cen\u00e1rio positivo para planejamento urbano<\/p>\n","protected":false},"author":2,"featured_media":11348,"comment_status":"open","ping_status":"open","sticky":false,"template":"","format":"standard","meta":{"footnotes":""},"categories":[1],"tags":[],"class_list":["post-11346","post","type-post","status-publish","format-standard","has-post-thumbnail","hentry","category-noticias"],"_links":{"self":[{"href":"https:\/\/revistahubclub.com.br\/portal\/wp-json\/wp\/v2\/posts\/11346","targetHints":{"allow":["GET"]}}],"collection":[{"href":"https:\/\/revistahubclub.com.br\/portal\/wp-json\/wp\/v2\/posts"}],"about":[{"href":"https:\/\/revistahubclub.com.br\/portal\/wp-json\/wp\/v2\/types\/post"}],"author":[{"embeddable":true,"href":"https:\/\/revistahubclub.com.br\/portal\/wp-json\/wp\/v2\/users\/2"}],"replies":[{"embeddable":true,"href":"https:\/\/revistahubclub.com.br\/portal\/wp-json\/wp\/v2\/comments?post=11346"}],"version-history":[{"count":1,"href":"https:\/\/revistahubclub.com.br\/portal\/wp-json\/wp\/v2\/posts\/11346\/revisions"}],"predecessor-version":[{"id":11349,"href":"https:\/\/revistahubclub.com.br\/portal\/wp-json\/wp\/v2\/posts\/11346\/revisions\/11349"}],"wp:featuredmedia":[{"embeddable":true,"href":"https:\/\/revistahubclub.com.br\/portal\/wp-json\/wp\/v2\/media\/11348"}],"wp:attachment":[{"href":"https:\/\/revistahubclub.com.br\/portal\/wp-json\/wp\/v2\/media?parent=11346"}],"wp:term":[{"taxonomy":"category","embeddable":true,"href":"https:\/\/revistahubclub.com.br\/portal\/wp-json\/wp\/v2\/categories?post=11346"},{"taxonomy":"post_tag","embeddable":true,"href":"https:\/\/revistahubclub.com.br\/portal\/wp-json\/wp\/v2\/tags?post=11346"}],"curies":[{"name":"wp","href":"https:\/\/api.w.org\/{rel}","templated":true}]}}