{"id":11356,"date":"2025-06-10T10:46:43","date_gmt":"2025-06-10T13:46:43","guid":{"rendered":"https:\/\/revistahubclub.com.br\/portal\/?p=11356"},"modified":"2025-06-10T10:46:43","modified_gmt":"2025-06-10T13:46:43","slug":"inscricoes-para-o-enem-2025-sao-prorrogadas-ate-sexta-feira-13-6","status":"publish","type":"post","link":"https:\/\/revistahubclub.com.br\/portal\/2025\/06\/10\/inscricoes-para-o-enem-2025-sao-prorrogadas-ate-sexta-feira-13-6\/","title":{"rendered":"Inscri\u00e7\u00f5es para o Enem 2025 s\u00e3o prorrogadas at\u00e9 sexta-feira (13\/6)"},"content":{"rendered":"\n<p>O Instituto Nacional de Estudos e Pesquisas Educacionais An\u00edsio Teixeira (Inep) prorrogou o prazo para as inscri\u00e7\u00f5es do Exame Nacional do Ensino M\u00e9dio (Enem) 2025. Agora, os estudantes t\u00eam at\u00e9&nbsp; exta-feira (13\/6) para se inscrever. A inscri\u00e7\u00e3o deve ser feita exclusivamente pela&nbsp;<a href=\"http:\/\/xn--pgina%20do%20participante-dcc\/\" target=\"_blank\" rel=\"noreferrer noopener\">P\u00e1gina do Participante<\/a>.<\/p>\n\n\n\n<p>Neste ano, o processo de inscri\u00e7\u00e3o est\u00e1 ainda mais simples para os alunos do 3\u00ba ano da rede p\u00fablica. Ao acessarem o sistema com CPF e data de nascimento, os dados j\u00e1 estar\u00e3o pr\u00e9-preenchidos, sendo necess\u00e1rio apenas selecionar a op\u00e7\u00e3o de l\u00edngua estrangeira (ingl\u00eas ou espanhol). A medida tem como objetivo facilitar e agilizar o cadastro de cerca de 187 mil estudantes da rede estadual mineira.<\/p>\n\n\n\n<p>Outra novidade importante \u00e9 que os estudantes que n\u00e3o solicitaram a isen\u00e7\u00e3o da taxa de inscri\u00e7\u00e3o tamb\u00e9m est\u00e3o automaticamente isentos do pagamento, conforme orienta\u00e7\u00e3o do Minist\u00e9rio da Educa\u00e7\u00e3o (MEC). Alunos do 1\u00ba e 2\u00ba anos do ensino m\u00e9dio tamb\u00e9m podem participar como \u201ctreineiros\u201d, realizando a prova sem que o resultado valha para ingresso no ensino superior.<\/p>\n\n\n\n<p>Com o objetivo de ampliar o acesso ao ensino superior, a SEE\/MG lan\u00e7ou a campanha \u201cTodos inscritos no Enem\u201d. A iniciativa mobiliza estudantes do \u00faltimo ano do ensino m\u00e9dio e da Educa\u00e7\u00e3o de Jovens e Adultos (EJA) da rede p\u00fablica a se inscreverem no Enem 2025, com o apoio das escolas por meio de a\u00e7\u00f5es de divulga\u00e7\u00e3o, rodas de conversa e uso dos laborat\u00f3rios de inform\u00e1tica.<\/p>\n\n\n\n<p>O secret\u00e1rio de Estado de&nbsp;<a href=\"https:\/\/www.educacao.mg.gov.br\/\" target=\"_blank\" rel=\"noreferrer noopener\">Educa\u00e7\u00e3o<\/a>, Igor de Alvarenga, destaca os esfor\u00e7os da rede para garantir a inscri\u00e7\u00e3o dos estudantes no Enem. \u201cOrganizamos uma longa maratona que come\u00e7a com o incentivo para que cada estudante emita o CPF. Al\u00e9m disso, temos uma extensa prepara\u00e7\u00e3o dos estudantes, com aplica\u00e7\u00e3o de simulados e aul\u00f5es ao longo do ano\u201d, pontua.<\/p>\n\n\n\n<p><strong>Apoio aos estudantes<\/strong><\/p>\n\n\n\n<p>Para auxiliar os candidatos na prepara\u00e7\u00e3o, o&nbsp;<a href=\"https:\/\/www.mg.gov.br\/\" target=\"_blank\" rel=\"noreferrer noopener\">Governo de Minas<\/a>&nbsp;oferece gratuitamente a plataforma Enem MG, desenvolvida pela Secretaria de Estado de Educa\u00e7\u00e3o de Minas Gerais (SEE\/MG) em parceria com a Editora Estudo Play. A ferramenta conta com videoaulas, simulados, trilhas de estudos personalizadas, corre\u00e7\u00e3o de reda\u00e7\u00f5es e um simulador de nota, que permite avaliar as chances de ingresso em universidades p\u00fablicas.<\/p>\n\n\n\n<p>A SEE\/MG tamb\u00e9m promove diversas a\u00e7\u00f5es ao longo do ano para apoiar os estudantes. Em maio, foi realizado o segundo teste de reda\u00e7\u00e3o no modelo do Enem, com mais de 700 mil participantes. Em abril, ocorreu o primeiro simulado oficial de 2025, e uma nova edi\u00e7\u00e3o est\u00e1 prevista para o segundo semestre, junto a novos testes e aul\u00f5es presenciais.<\/p>\n\n\n\n<p>Na \u00faltima sexta-feira (6\/6), um grande aul\u00e3o foi realizado em Paracatu, no Noroeste do estado. A programa\u00e7\u00e3o incluiu a resolu\u00e7\u00e3o de quest\u00f5es de diversas \u00e1reas do exame, din\u00e2micas interativas e atividades voltadas \u00e0 valoriza\u00e7\u00e3o do acesso ao ensino superior.<\/p>\n\n\n\n<p>Al\u00e9m disso, a Maratona Enem, com aulas ao vivo de segunda a sexta-feira, \u00e0s 14h, segue com programa\u00e7\u00e3o no canal da Educa\u00e7\u00e3o no YouTube, no canal 2 da multiprograma\u00e7\u00e3o da Rede Minas e na pr\u00f3pria plataforma Enem MG, que tamb\u00e9m pode ser acessada por aplicativo no celular.<\/p>\n\n\n\n<p><strong>Provas e certifica\u00e7\u00e3o<\/strong><\/p>\n\n\n\n<p>O Enem 2025 ser\u00e1 aplicado nos dias 9 e 16\/11, em todo o pa\u00eds. As provas incluem quatro \u00e1reas do conhecimento (Ci\u00eancias Humanas, Ci\u00eancias da Natureza, Linguagens e Matem\u00e1tica) e uma reda\u00e7\u00e3o.<\/p>\n\n\n\n<p>Al\u00e9m de garantir acesso ao ensino superior via Sisu, Prouni e Fies, o Enem tamb\u00e9m poder\u00e1 ser utilizado como forma de certifica\u00e7\u00e3o do ensino m\u00e9dio. Para isso, o participante precisa ter 18 anos completos at\u00e9 o primeiro dia de aplica\u00e7\u00e3o da prova e alcan\u00e7ar, no m\u00ednimo, 450 pontos em cada \u00e1rea e 500 pontos na reda\u00e7\u00e3o.<\/p>\n\n\n<figure class=\"wp-block-post-featured-image\"><img loading=\"lazy\" decoding=\"async\" width=\"1998\" height=\"844\" src=\"https:\/\/revistahubclub.com.br\/portal\/wp-content\/uploads\/2025\/06\/Captura-de-Tela-2025-06-10-as-10.38.10\u202fAM.png\" class=\"attachment-post-thumbnail size-post-thumbnail wp-post-image\" alt=\"\" style=\"object-fit:cover;\" srcset=\"https:\/\/revistahubclub.com.br\/portal\/wp-content\/uploads\/2025\/06\/Captura-de-Tela-2025-06-10-as-10.38.10\u202fAM.png 1998w, https:\/\/revistahubclub.com.br\/portal\/wp-content\/uploads\/2025\/06\/Captura-de-Tela-2025-06-10-as-10.38.10\u202fAM-300x127.png 300w, https:\/\/revistahubclub.com.br\/portal\/wp-content\/uploads\/2025\/06\/Captura-de-Tela-2025-06-10-as-10.38.10\u202fAM-1024x433.png 1024w, https:\/\/revistahubclub.com.br\/portal\/wp-content\/uploads\/2025\/06\/Captura-de-Tela-2025-06-10-as-10.38.10\u202fAM-768x324.png 768w, https:\/\/revistahubclub.com.br\/portal\/wp-content\/uploads\/2025\/06\/Captura-de-Tela-2025-06-10-as-10.38.10\u202fAM-1536x649.png 1536w\" sizes=\"auto, (max-width: 1998px) 100vw, 1998px\" \/><\/figure>","protected":false},"excerpt":{"rendered":"<p>O Instituto Nacional de Estudos e Pesquisas Educacionais An\u00edsio Teixeira (Inep) prorrogou o prazo para as inscri\u00e7\u00f5es do Exame Nacional do Ensino M\u00e9dio (Enem) 2025. Agora, os estudantes t\u00eam at\u00e9&nbsp;<\/p>\n","protected":false},"author":2,"featured_media":11357,"comment_status":"open","ping_status":"open","sticky":false,"template":"","format":"standard","meta":{"footnotes":""},"categories":[1],"tags":[489,457,168,488],"class_list":["post-11356","post","type-post","status-publish","format-standard","has-post-thumbnail","hentry","category-noticias","tag-dia-13","tag-enem","tag-inscricoes","tag-prorrogadas"],"_links":{"self":[{"href":"https:\/\/revistahubclub.com.br\/portal\/wp-json\/wp\/v2\/posts\/11356","targetHints":{"allow":["GET"]}}],"collection":[{"href":"https:\/\/revistahubclub.com.br\/portal\/wp-json\/wp\/v2\/posts"}],"about":[{"href":"https:\/\/revistahubclub.com.br\/portal\/wp-json\/wp\/v2\/types\/post"}],"author":[{"embeddable":true,"href":"https:\/\/revistahubclub.com.br\/portal\/wp-json\/wp\/v2\/users\/2"}],"replies":[{"embeddable":true,"href":"https:\/\/revistahubclub.com.br\/portal\/wp-json\/wp\/v2\/comments?post=11356"}],"version-history":[{"count":1,"href":"https:\/\/revistahubclub.com.br\/portal\/wp-json\/wp\/v2\/posts\/11356\/revisions"}],"predecessor-version":[{"id":11358,"href":"https:\/\/revistahubclub.com.br\/portal\/wp-json\/wp\/v2\/posts\/11356\/revisions\/11358"}],"wp:featuredmedia":[{"embeddable":true,"href":"https:\/\/revistahubclub.com.br\/portal\/wp-json\/wp\/v2\/media\/11357"}],"wp:attachment":[{"href":"https:\/\/revistahubclub.com.br\/portal\/wp-json\/wp\/v2\/media?parent=11356"}],"wp:term":[{"taxonomy":"category","embeddable":true,"href":"https:\/\/revistahubclub.com.br\/portal\/wp-json\/wp\/v2\/categories?post=11356"},{"taxonomy":"post_tag","embeddable":true,"href":"https:\/\/revistahubclub.com.br\/portal\/wp-json\/wp\/v2\/tags?post=11356"}],"curies":[{"name":"wp","href":"https:\/\/api.w.org\/{rel}","templated":true}]}}