{"id":11366,"date":"2025-06-11T10:59:36","date_gmt":"2025-06-11T13:59:36","guid":{"rendered":"https:\/\/revistahubclub.com.br\/portal\/?p=11366"},"modified":"2025-06-11T10:59:36","modified_gmt":"2025-06-11T13:59:36","slug":"prefeitura-divulga-edital-de-concurso-publico-com-mais-de-170-vagas","status":"publish","type":"post","link":"https:\/\/revistahubclub.com.br\/portal\/2025\/06\/11\/prefeitura-divulga-edital-de-concurso-publico-com-mais-de-170-vagas\/","title":{"rendered":"Prefeitura divulga edital de Concurso P\u00fablico com mais de 170 vagas"},"content":{"rendered":"\n<p>A Prefeitura de Uberl\u00e2ndia, por meio da Secretaria Municipal de Administra\u00e7\u00e3o, divulgou, nesta ter\u00e7a-feira (10), em edi\u00e7\u00e3o suplementar do Di\u00e1rio Oficial do Munic\u00edpio (DOM), o&nbsp;<a href=\"https:\/\/docs.uberlandia.mg.gov.br\/wp-content\/uploads\/2025\/06\/7123-A-1.pdf\" target=\"_blank\" rel=\"noreferrer noopener\"><strong>Edital n\u00ba 01\/2025<\/strong><\/a>&nbsp;referente ao Concurso P\u00fablico da administra\u00e7\u00e3o municipal. O an\u00fancio visa o preenchimento de 172 vagas para servidores efetivos, al\u00e9m da forma\u00e7\u00e3o de cadastro de reserva do quadro de servidores. As provas ser\u00e3o realizadas nos dias 26 de outubro e 2 de novembro de 2025 pela banca organizadora Instituto Consulplan.<\/p>\n\n\n\n<p>O concurso oferece vagas para cargos com n\u00edveis de forma\u00e7\u00e3o fundamental, m\u00e9dio, t\u00e9cnico e superior, nas modalidades de ampla concorr\u00eancia, pessoas com defici\u00eancia (PcD) e negros. Os aprovados poder\u00e3o receber vencimentos b\u00e1sicos de at\u00e9 R$ 9.838,64 e mais aux\u00edlio alimenta\u00e7\u00e3o de R$ 700,00.<\/p>\n\n\n\n<p>Ser\u00e3o contemplados&nbsp;68&nbsp;cargos com contrata\u00e7\u00f5es para ocupa\u00e7\u00e3o imediata e\/ou cadastro de reserva. Os cargos com vagas dispon\u00edveis possuem jornadas de trabalho semanais que variam de 15 at\u00e9 30 horas. (<a href=\"https:\/\/docs.uberlandia.mg.gov.br\/wp-content\/uploads\/2025\/06\/7123-A-1.pdf\" target=\"_blank\" rel=\"noreferrer noopener\">Confira a rela\u00e7\u00e3o completa de cargos no&nbsp;<strong>Edital<\/strong><\/a>.)<\/p>\n\n\n\n<p><strong>Inscri\u00e7\u00f5es<\/strong><\/p>\n\n\n\n<p>As inscri\u00e7\u00f5es devem ser feitas, exclusivamente, via internet, das 16h do dia 13 de agosto de 2025 \u00e0s 16h do dia 15 de setembro de 2025, pelo site:&nbsp;<a href=\"http:\/\/www.institutoconsulplan.org.br\/\" target=\"_blank\" rel=\"noreferrer noopener\"><strong>www.institutoconsulplan.org.br<\/strong><\/a>. Os valores das taxas de inscri\u00e7\u00e3o ser\u00e3o: R$ 43,00 para os cargos de n\u00edvel fundamental; R$ 58,00 para os cargos de n\u00edveis m\u00e9dio e t\u00e9cnico; e R$ 59,00 para aqueles de n\u00edvel superior. Para confirmar a inscri\u00e7\u00e3o, o candidato dever\u00e1 efetuar o pagamento da taxa impressa no boleto banc\u00e1rio nas ag\u00eancias da Caixa Econ\u00f4mica Federal, loterias, salas de autoatendimento e&nbsp;<em>internet banking<\/em>. Cada candidato poder\u00e1 inscrever-se para at\u00e9 quatro cargos diferentes desde que as respectivas provas sejam realizadas em dias e turnos distintos.<\/p>\n\n\n\n<p>Podem requerer isen\u00e7\u00e3o da taxa de inscri\u00e7\u00e3o, durante prazo estabelecido em edital, candidatos doadores de medula \u00f3ssea ou de sangue e pessoas inscritas no Cadastro \u00danico para Programas Sociais do Governo Federal (Cad\u00danico) e membro de fam\u00edlia de baixa renda, cuja renda familiar mensal&nbsp;<em>per capita&nbsp;<\/em>seja inferior ou igual a meio sal\u00e1rio-m\u00ednimo.<\/p>\n\n\n\n<p><strong>Provas<\/strong><\/p>\n\n\n\n<p>As provas objetivas ser\u00e3o do tipo m\u00faltipla escolha, com alternativas A, B, C e D, sendo somente uma resposta correta. O n\u00famero de quest\u00f5es e a distribui\u00e7\u00e3o de pontos varia conforme cada cargo em disputa. A aplica\u00e7\u00e3o das provas discursivas, para cargos definidos em Edital, ser\u00e1 feita no mesmo dia de realiza\u00e7\u00e3o das provas objetivas. O certame contar\u00e1, ainda, com teste de aptid\u00e3o f\u00edsica e prova pr\u00e1tica para cargos espec\u00edficos, bem como avalia\u00e7\u00e3o de t\u00edtulos para os cargos de n\u00edvel superior.<\/p>\n\n\n\n<p>O Concurso P\u00fablico ser\u00e1 realizado no munic\u00edpio de Uberl\u00e2ndia e ter\u00e1 dura\u00e7\u00e3o de: 3 horas, para cargos somente com provas objetivas; 4 horas, para cargos com provas objetiva e discursiva; e 5 horas, para o cargo de Procurador Municipal. Os conte\u00fados program\u00e1ticos podem ser conferidos no Edital.<\/p>\n\n\n<figure class=\"wp-block-post-featured-image\"><img loading=\"lazy\" decoding=\"async\" width=\"1386\" height=\"737\" src=\"https:\/\/revistahubclub.com.br\/portal\/wp-content\/uploads\/2025\/06\/Concurso-publico.jpg\" class=\"attachment-post-thumbnail size-post-thumbnail wp-post-image\" alt=\"\" style=\"object-fit:cover;\" srcset=\"https:\/\/revistahubclub.com.br\/portal\/wp-content\/uploads\/2025\/06\/Concurso-publico.jpg 1386w, https:\/\/revistahubclub.com.br\/portal\/wp-content\/uploads\/2025\/06\/Concurso-publico-300x160.jpg 300w, https:\/\/revistahubclub.com.br\/portal\/wp-content\/uploads\/2025\/06\/Concurso-publico-1024x545.jpg 1024w, https:\/\/revistahubclub.com.br\/portal\/wp-content\/uploads\/2025\/06\/Concurso-publico-768x408.jpg 768w\" sizes=\"auto, (max-width: 1386px) 100vw, 1386px\" \/><\/figure>","protected":false},"excerpt":{"rendered":"<p>A Prefeitura de Uberl\u00e2ndia, por meio da Secretaria Municipal de Administra\u00e7\u00e3o, divulgou, nesta ter\u00e7a-feira (10), em edi\u00e7\u00e3o suplementar do Di\u00e1rio Oficial do Munic\u00edpio (DOM), o&nbsp;Edital n\u00ba 01\/2025&nbsp;referente ao Concurso P\u00fablico<\/p>\n","protected":false},"author":2,"featured_media":11367,"comment_status":"open","ping_status":"open","sticky":false,"template":"","format":"standard","meta":{"footnotes":""},"categories":[1],"tags":[492,252,27],"class_list":["post-11366","post","type-post","status-publish","format-standard","has-post-thumbnail","hentry","category-noticias","tag-170-vagas","tag-concurso-publico","tag-uberlandia"],"_links":{"self":[{"href":"https:\/\/revistahubclub.com.br\/portal\/wp-json\/wp\/v2\/posts\/11366","targetHints":{"allow":["GET"]}}],"collection":[{"href":"https:\/\/revistahubclub.com.br\/portal\/wp-json\/wp\/v2\/posts"}],"about":[{"href":"https:\/\/revistahubclub.com.br\/portal\/wp-json\/wp\/v2\/types\/post"}],"author":[{"embeddable":true,"href":"https:\/\/revistahubclub.com.br\/portal\/wp-json\/wp\/v2\/users\/2"}],"replies":[{"embeddable":true,"href":"https:\/\/revistahubclub.com.br\/portal\/wp-json\/wp\/v2\/comments?post=11366"}],"version-history":[{"count":1,"href":"https:\/\/revistahubclub.com.br\/portal\/wp-json\/wp\/v2\/posts\/11366\/revisions"}],"predecessor-version":[{"id":11368,"href":"https:\/\/revistahubclub.com.br\/portal\/wp-json\/wp\/v2\/posts\/11366\/revisions\/11368"}],"wp:featuredmedia":[{"embeddable":true,"href":"https:\/\/revistahubclub.com.br\/portal\/wp-json\/wp\/v2\/media\/11367"}],"wp:attachment":[{"href":"https:\/\/revistahubclub.com.br\/portal\/wp-json\/wp\/v2\/media?parent=11366"}],"wp:term":[{"taxonomy":"category","embeddable":true,"href":"https:\/\/revistahubclub.com.br\/portal\/wp-json\/wp\/v2\/categories?post=11366"},{"taxonomy":"post_tag","embeddable":true,"href":"https:\/\/revistahubclub.com.br\/portal\/wp-json\/wp\/v2\/tags?post=11366"}],"curies":[{"name":"wp","href":"https:\/\/api.w.org\/{rel}","templated":true}]}}