{"id":11389,"date":"2025-06-17T07:33:00","date_gmt":"2025-06-17T10:33:00","guid":{"rendered":"https:\/\/revistahubclub.com.br\/portal\/?p=11389"},"modified":"2025-06-17T09:44:53","modified_gmt":"2025-06-17T12:44:53","slug":"pionerismo-uma-jornada-de-inovacao-e-adaptacao","status":"publish","type":"post","link":"https:\/\/revistahubclub.com.br\/portal\/2025\/06\/17\/pionerismo-uma-jornada-de-inovacao-e-adaptacao\/","title":{"rendered":"Pionerismo, uma jornada de inova\u00e7\u00e3o e adapta\u00e7\u00e3o"},"content":{"rendered":"\n<p>41 anos de mercado e 4 anos de revista Hub Club, um pioneiro da comunica\u00e7\u00e3o e empreendedor vision\u00e1rio de Uberl\u00e2ndia<br><\/p>\n\n\n\n<p>C\u00e9lio Cardoso \u00e9 uma refer\u00eancia no cen\u00e1rio de comunica\u00e7\u00e3o, marketing e neg\u00f3cios em Uberl\u00e2ndia e regi\u00e3o. Com mais de 40 anos de experi\u00eancia no mercado, come\u00e7ou sua trajet\u00f3ria aos 15 anos, apaixonado por comunica\u00e7\u00e3o. Ao longo de sua carreira, construiu uma s\u00f3lida reputa\u00e7\u00e3o como empreendedor, mentor e inovador, sempre pautado pelo amor pelo que faz, talento, dedica\u00e7\u00e3o e uma vis\u00e3o de futuro que acompanha as constantes transforma\u00e7\u00f5es do mercado.<\/p>\n\n\n\n<figure class=\"wp-block-gallery has-nested-images columns-default is-cropped wp-block-gallery-1 is-layout-flex wp-block-gallery-is-layout-flex\">\n<figure class=\"wp-block-image size-large\"><img loading=\"lazy\" decoding=\"async\" width=\"684\" height=\"1024\" data-id=\"11390\" src=\"https:\/\/revistahubclub.com.br\/portal\/wp-content\/uploads\/2025\/06\/Celio_Mauro_IMG_0007-1-684x1024.jpg\" alt=\"\" class=\"wp-image-11390\" srcset=\"https:\/\/revistahubclub.com.br\/portal\/wp-content\/uploads\/2025\/06\/Celio_Mauro_IMG_0007-1-684x1024.jpg 684w, https:\/\/revistahubclub.com.br\/portal\/wp-content\/uploads\/2025\/06\/Celio_Mauro_IMG_0007-1-200x300.jpg 200w, https:\/\/revistahubclub.com.br\/portal\/wp-content\/uploads\/2025\/06\/Celio_Mauro_IMG_0007-1-768x1150.jpg 768w, https:\/\/revistahubclub.com.br\/portal\/wp-content\/uploads\/2025\/06\/Celio_Mauro_IMG_0007-1-1026x1536.jpg 1026w, https:\/\/revistahubclub.com.br\/portal\/wp-content\/uploads\/2025\/06\/Celio_Mauro_IMG_0007-1-1368x2048.jpg 1368w, https:\/\/revistahubclub.com.br\/portal\/wp-content\/uploads\/2025\/06\/Celio_Mauro_IMG_0007-1-scaled.jpg 1710w\" sizes=\"auto, (max-width: 684px) 100vw, 684px\" \/><\/figure>\n<\/figure>\n\n\n\n<p>A cria\u00e7\u00e3o da Revista Hub Club<br>Uma jornada de inova\u00e7\u00e3o e adapta\u00e7\u00e3o h\u00e1 4 anos, C\u00e9lio decidiu criar a revista Hub Club, um projeto que nasceu do desejo de promover uma ponte entre o universo social e o mercado corporativo. Originalmente, a revista tinha um p\u00fablico bastante social, mas a necessidade de evoluir e acompanhar as mudan\u00e7as do mercado fez com que ela se direcionasse a um conte\u00fado mais anal\u00edtico, voltado para empresas, empres\u00e1rios e profissionais que buscam refer\u00eancias, atualidades e conte\u00fado relevante.<\/p>\n\n\n\n<p>Segundo ele, o maior desafio na implementa\u00e7\u00e3o da Hub Club foi a aceita\u00e7\u00e3o das formas de evolu\u00e7\u00e3o do mercado. A transi\u00e7\u00e3o de um p\u00fablico social para um p\u00fablico mais corporativo e anal\u00edtico exigiu maturidade, tanto do ponto de vista de conte\u00fado quanto de estrat\u00e9gia de mercado. C\u00e9lio destaca que, para se consolidar, foi fundamental adquirir maturidade, trabalhar com especialistas e colunistas de alta relev\u00e2ncia, al\u00e9m de investir em conte\u00fado autoral de qualidade, atualizado e diferenciado.<\/p>\n\n\n\n<p><strong>Vis\u00e3o de mercado<br><\/strong>Para ele, o mercado de Uberl\u00e2ndia est\u00e1 em plena transforma\u00e7\u00e3o, com surgimento de novas empresas e mentalidades, que valorizam inova\u00e7\u00e3o, tecnologia e conte\u00fado de qualidade. C\u00e9lio acredita que a chave para a sobreviv\u00eancia e crescimento \u00e9 a inova\u00e7\u00e3o constante, fazer diferente, pensar no futuro e valorizar as pessoas. Ele refor\u00e7a que, hoje, o network \u2014 a rede de contatos \u2014 \u00e9 uma das maiores riquezas de um empreendedor, sendo fundamental para gerar neg\u00f3cios de forma verdadeira, al\u00e9m de fortalecer a rela\u00e7\u00e3o com clientes, parceiros e a comunidade.<\/p>\n\n\n\n<p>Ele destaca que o sucesso est\u00e1 na compet\u00eancia, talento, trabalho duro e na capacidade de se reinventar a cada dia. O empreendedor deve atuar com otimismo, proximidade com pessoas vencedoras e estar sempre atento \u00e0s tend\u00eancias de m\u00eddia e comunica\u00e7\u00e3o, como canais digitais, podcasts, TV corporativa, entre outros.<\/p>\n\n\n\n<p><strong>Refer\u00eancias que inspiram<br><\/strong>Ao longo de sua trajet\u00f3ria, C\u00e9lio tamb\u00e9m observa e estuda os grandes nomes que marcaram a comunica\u00e7\u00e3o, o network e a cultura no Brasil. Para ele, compreender a hist\u00f3ria de quem construiu caminhos inovadores ajuda a interpretar os movimentos do presente e a inspirar futuras gera\u00e7\u00f5es.<\/p>\n\n\n\n<p><strong>Assis Chateaubriand<br><\/strong>Para C\u00e9lio Cardoso, Chateaubriand foi um vision\u00e1rio audacioso, cuja maior for\u00e7a residia na capacidade de integrar diferentes meios de comunica\u00e7\u00e3o \u2014 jornais, revistas, r\u00e1dio e televis\u00e3o \u2014 criando um verdadeiro imp\u00e9rio midi\u00e1tico. Sua vis\u00e3o inovadora e seu esp\u00edrito empreendedor o fizeram revolucionar o jornalismo brasileiro, al\u00e9m de unir comunica\u00e7\u00e3o e cultura com a\u00e7\u00f5es como a funda\u00e7\u00e3o do MASP. Sua habilidade de desafiar padr\u00f5es tradicionais e influenciar a pol\u00edtica e a sociedade consolidou sua posi\u00e7\u00e3o como um pioneiro de impacto duradouro na hist\u00f3ria do Brasil.<\/p>\n\n\n\n<p><strong>Ibrahim Sued<br><\/strong>C\u00e9lio destaca Sued como uma figura emblem\u00e1tica do jornalismo social, que possu\u00eda uma sensibilidade apurada para captar a din\u00e2mica social e pol\u00edtica de sua \u00e9poca. Sua habilidade de unir o jornalismo de alta sociedade com uma abordagem relevante, al\u00e9m de sua capacidade de dialogar com figuras nacionais e internacionais, demonstrava uma expertise em entender o funcionamento do Brasil e do mundo.<\/p>\n\n\n\n<p><strong>Jo\u00e3o Doria<br><\/strong>C\u00e9lio reconhece Doria como um empreendedor estrat\u00e9gico, cuja for\u00e7a est\u00e1 na capacidade de liderar e inovar na comunica\u00e7\u00e3o e no network. Sua habilidade de integrar diferentes plataformas de m\u00eddia e promover eventos de impacto internacional demonstra sua vis\u00e3o de expans\u00e3o e influ\u00eancia global. Doria \u00e9 visto como um l\u00edder carism\u00e1tico, que combina expertise empresarial com uma estrat\u00e9gia pol\u00edtica inovadora, consolidando sua trajet\u00f3ria como uma figura de destaque na hist\u00f3ria recente do Brasil.<\/p>\n\n\n\n<p><strong>Conselhos e dicas para novos empreendedores<br><\/strong>C\u00e9lio oferece orienta\u00e7\u00f5es valiosas para quem est\u00e1 come\u00e7ando:<\/p>\n\n\n\n<ul class=\"wp-block-list\">\n<li>Fique perto de pessoas vencedoras: construa seu network com empres\u00e1rios e profissionais que agregam valor e inspira\u00e7\u00e3o.<\/li>\n\n\n\n<li>Seja apaixonado pelo que faz: goste do seu neg\u00f3cio, invista com amor, pois \u00e9 essa paix\u00e3o que sustenta o caminho.<\/li>\n\n\n\n<li>Invista em capacita\u00e7\u00e3o e especializa\u00e7\u00e3o: conhecimento \u00e9 diferencial e ajuda a evitar erros comuns, como falta de maturidade na comunica\u00e7\u00e3o.<\/li>\n\n\n\n<li>N\u00e3o tenha medo de arriscar: A inova\u00e7\u00e3o e o diferencial v\u00eam do risco calculado. N\u00e3o espere o momento perfeito, aja com coragem.<\/li>\n\n\n\n<li>Valorize a marca local: aposte na for\u00e7a do mercado regional, valorize empresas e produtos daqui, e combata o complexo de que tudo de fora \u00e9 melhor.<\/li>\n\n\n\n<li>Invista na comunica\u00e7\u00e3o: comunica\u00e7\u00e3o efetiva \u00e9 o alicerce de qualquer neg\u00f3cio. Use ferramentas de marketing de conte\u00fado, m\u00eddias digitais e networking para fortalecer sua marca.<\/li>\n\n\n\n<li>Seja resiliente \u00e0s cr\u00edticas: desafios e cr\u00edticas construtivas s\u00e3o oportunidades de crescimento. N\u00e3o desista diante das dificuldades, aprenda com elas.<\/li>\n<\/ul>\n\n\n\n<p><strong>O futuro da Hub Club e a reinven\u00e7\u00e3o cont\u00ednua<br><\/strong>Para C\u00e9lio, o caminho da Hub Club \u00e9 de constante reinven\u00e7\u00e3o. A expans\u00e3o de canais de m\u00eddia, como TV corporativa, podcasts e conte\u00fados digitais, faz parte do plano de manter a relev\u00e2ncia e inova\u00e7\u00e3o. Ele acredita que, em um mercado em r\u00e1pida mudan\u00e7a, quem n\u00e3o se adapta fica para tr\u00e1s. Assim, o segredo \u00e9 estar sempre atento \u00e0s tend\u00eancias, ouvir o mercado e inovar.<\/p>\n\n\n\n<p><strong>Motiva\u00e7\u00e3o<br><\/strong>C\u00e9lio Cardoso refor\u00e7a que o sucesso vem do talento, trabalho \u00e1rduo, inova\u00e7\u00e3o e respeito \u00e0s pessoas. Ele desafia os jovens empreendedores a acreditarem em suas paix\u00f5es, investirem com intelig\u00eancia e nunca desistirem de seus sonhos. Para ele, a dedica\u00e7\u00e3o, o amor pelo que faz e a rede de contatos de qualidade s\u00e3o os principais ingredientes para uma trajet\u00f3ria de sucesso.<\/p>\n\n\n<figure class=\"wp-block-post-featured-image\"><img loading=\"lazy\" decoding=\"async\" width=\"2560\" height=\"1710\" src=\"https:\/\/revistahubclub.com.br\/portal\/wp-content\/uploads\/2025\/06\/Celio_Mauro_IMG_0037-scaled.jpg\" class=\"attachment-post-thumbnail size-post-thumbnail wp-post-image\" alt=\"\" style=\"object-fit:cover;\" srcset=\"https:\/\/revistahubclub.com.br\/portal\/wp-content\/uploads\/2025\/06\/Celio_Mauro_IMG_0037-scaled.jpg 2560w, https:\/\/revistahubclub.com.br\/portal\/wp-content\/uploads\/2025\/06\/Celio_Mauro_IMG_0037-300x200.jpg 300w, https:\/\/revistahubclub.com.br\/portal\/wp-content\/uploads\/2025\/06\/Celio_Mauro_IMG_0037-1024x684.jpg 1024w, https:\/\/revistahubclub.com.br\/portal\/wp-content\/uploads\/2025\/06\/Celio_Mauro_IMG_0037-768x513.jpg 768w, https:\/\/revistahubclub.com.br\/portal\/wp-content\/uploads\/2025\/06\/Celio_Mauro_IMG_0037-1536x1026.jpg 1536w, https:\/\/revistahubclub.com.br\/portal\/wp-content\/uploads\/2025\/06\/Celio_Mauro_IMG_0037-2048x1368.jpg 2048w, https:\/\/revistahubclub.com.br\/portal\/wp-content\/uploads\/2025\/06\/Celio_Mauro_IMG_0037-900x600.jpg 900w\" sizes=\"auto, (max-width: 2560px) 100vw, 2560px\" \/><\/figure>","protected":false},"excerpt":{"rendered":"<p>41 anos de mercado e 4 anos de revista Hub Club, um pioneiro da comunica\u00e7\u00e3o e empreendedor vision\u00e1rio de Uberl\u00e2ndia C\u00e9lio Cardoso \u00e9 uma refer\u00eancia no cen\u00e1rio de comunica\u00e7\u00e3o, marketing<\/p>\n","protected":false},"author":2,"featured_media":11391,"comment_status":"open","ping_status":"open","sticky":false,"template":"","format":"standard","meta":{"footnotes":""},"categories":[1],"tags":[493],"class_list":["post-11389","post","type-post","status-publish","format-standard","has-post-thumbnail","hentry","category-noticias","tag-celio-cardoso"],"_links":{"self":[{"href":"https:\/\/revistahubclub.com.br\/portal\/wp-json\/wp\/v2\/posts\/11389","targetHints":{"allow":["GET"]}}],"collection":[{"href":"https:\/\/revistahubclub.com.br\/portal\/wp-json\/wp\/v2\/posts"}],"about":[{"href":"https:\/\/revistahubclub.com.br\/portal\/wp-json\/wp\/v2\/types\/post"}],"author":[{"embeddable":true,"href":"https:\/\/revistahubclub.com.br\/portal\/wp-json\/wp\/v2\/users\/2"}],"replies":[{"embeddable":true,"href":"https:\/\/revistahubclub.com.br\/portal\/wp-json\/wp\/v2\/comments?post=11389"}],"version-history":[{"count":1,"href":"https:\/\/revistahubclub.com.br\/portal\/wp-json\/wp\/v2\/posts\/11389\/revisions"}],"predecessor-version":[{"id":11395,"href":"https:\/\/revistahubclub.com.br\/portal\/wp-json\/wp\/v2\/posts\/11389\/revisions\/11395"}],"wp:featuredmedia":[{"embeddable":true,"href":"https:\/\/revistahubclub.com.br\/portal\/wp-json\/wp\/v2\/media\/11391"}],"wp:attachment":[{"href":"https:\/\/revistahubclub.com.br\/portal\/wp-json\/wp\/v2\/media?parent=11389"}],"wp:term":[{"taxonomy":"category","embeddable":true,"href":"https:\/\/revistahubclub.com.br\/portal\/wp-json\/wp\/v2\/categories?post=11389"},{"taxonomy":"post_tag","embeddable":true,"href":"https:\/\/revistahubclub.com.br\/portal\/wp-json\/wp\/v2\/tags?post=11389"}],"curies":[{"name":"wp","href":"https:\/\/api.w.org\/{rel}","templated":true}]}}