{"id":11413,"date":"2025-06-17T12:37:14","date_gmt":"2025-06-17T15:37:14","guid":{"rendered":"https:\/\/revistahubclub.com.br\/portal\/?p=11413"},"modified":"2025-06-17T12:37:14","modified_gmt":"2025-06-17T15:37:14","slug":"grande-publico-celebra-retorno-do-cine-familia-na-praca-em-tupaciguara","status":"publish","type":"post","link":"https:\/\/revistahubclub.com.br\/portal\/2025\/06\/17\/grande-publico-celebra-retorno-do-cine-familia-na-praca-em-tupaciguara\/","title":{"rendered":"Grande p\u00fablico celebra retorno do Cine Fam\u00edlia na Pra\u00e7a em Tupaciguara"},"content":{"rendered":"\n<p><\/p>\n\n\n\n<p><em>A Pra\u00e7a Jo\u00e3o de Barros Ferreira virou cinema ao ar livre, proporcionando uma noite repleta de lazer e cultura&nbsp;gratuitas&nbsp;para toda a fam\u00edlia<\/em><\/p>\n\n\n\n<p>No \u00faltimo s\u00e1bado (14), o Cine Fam\u00edlia na Pra\u00e7a reuniu mais de 500 pessoas na Pra\u00e7a Jo\u00e3o de Barros Ferreira, em Tupaciguara. O p\u00fablico teve a oportunidade de assistir gratuitamente a cinco filmes, incluindo o longa-metragem \u201cKayara &#8211; A Princesa Inca\u201d e os curtas \u201cA Menina Espantalho\u201d, \u201cBig Bang\u201d, \u201cMarina N\u00e3o Vai \u00e0 Praia\u201d e \u201cSoneca e Jupa\u201d. O evento, que foi realizado pela Moinho Cultural, com patroc\u00ednio da Algar Telecom, por meio da Lei Estadual de Incentivo \u00e0 Cultura de Minas Gerais.<\/p>\n\n\n\n<p>&#8220;Esse evento \u00e9 uma forma de atrair o p\u00fablico para a pra\u00e7a e desenvolver a cultura, especialmente em uma cidade pequena como Tupaciguara. Foi n\u00edtido o quanto as crian\u00e7as se envolveram, e eu, como professora, acredito que \u00e9 de suma import\u00e2ncia proporcionar essa experi\u00eancia e transmitir um pouco do conhecimento sobre a nossa hist\u00f3ria, do Brasil e do mundo&#8221;, destaca Eliza Siqueira.<\/p>\n\n\n\n<p>&#8220;Eu gostei porque n\u00e3o \u00e9 sempre que acontece um evento assim. Quando tem, \u00e9 muito gostoso: podemos trazer a fam\u00edlia, nos divertir e ver a alegria dos nossos filhos. \u00c9 algo dif\u00edcil de explicar. S\u00f3 de ver o sorrisinho deles, \u00e9 uma sensa\u00e7\u00e3o inexplic\u00e1vel. Foi muito bom!\u201d, afirma Eva Aparecida.<\/p>\n\n\n\n<p>Al\u00e9m das exibi\u00e7\u00f5es, as fam\u00edlias ficaram encantadas com a grandiosidade da tela, a qualidade excepcional de imagem e som, as passarelas decoradas com tapete vermelho e a ilumina\u00e7\u00e3o c\u00eanica, que juntos transformaram o local em um aut\u00eantico cinema ao ar livre.&nbsp;&#8220;Estamos muito felizes com a recep\u00e7\u00e3o das pessoas. Nosso agradecimento \u00e0 Algar Telecom que, por meio da Lei Estadual de Incentivo \u00e0 Cultura, patrocina o evento &#8211; e tamb\u00e9m \u00e0 Prefeitura de Tupaciguara pela confian\u00e7a. A dedica\u00e7\u00e3o e carinho de toda a equipe, desde a pr\u00e9-produ\u00e7\u00e3o, quando s\u00e3o escolhidas as cidades, at\u00e9 a programa\u00e7\u00e3o e montagem da estrutura, preparada para a exibi\u00e7\u00e3o de um filme, \u00e9 que nos permite entregar ao p\u00fablico toda esta qualidade&#8221;, afirma Marcelo Mamede, coordenador do projeto e da produ\u00e7\u00e3o.<\/p>\n\n\n\n<p>&#8220;O sucesso do Cine Fam\u00edlia na Pra\u00e7a se d\u00e1 por um conjunto de estrat\u00e9gias. Trabalhamos com muita anteced\u00eancia para que tudo seja uma experi\u00eancia \u00edmpar e inesquec\u00edvel. E o resultado nos d\u00e1 muita satisfa\u00e7\u00e3o e sentimento de dever cumprido. Nosso objetivo de proporcionar uma experi\u00eancia cinematogr\u00e1fica \u00fanica a c\u00e9u aberto, totalmente gratuita, com filmes de classifica\u00e7\u00e3o indicativa livre, adequados para toda fam\u00edlia curtirem juntos, supera nossas expectativas ao ver a pra\u00e7a cheia de pessoas com olhares fixos na tela para n\u00e3o perder sequer um detalhe&#8221;, comenta Marco T\u00falio Morais, diretor de programa\u00e7\u00e3o.&nbsp;&nbsp;<\/p>\n\n\n\n<p><strong>Sobre a Algar Telecom<\/strong><\/p>\n\n\n\n<p>A Algar Telecom, empresa do grupo Algar, oferece solu\u00e7\u00f5es completas de TIC (Tecnologia da Informa\u00e7\u00e3o e Comunica\u00e7\u00e3o) em 16 estados do Brasil e no Distrito Federal. Com um amplo portf\u00f3lio voltado para clientes corporativos (B2B) e do varejo (B2C), a companhia disponibiliza internet de ultravelocidade por fibra \u00f3ptica, celular de qualidade, voz e dados, servi\u00e7os de Tecnologia da Informa\u00e7\u00e3o (TI), incluindo cloud, de seguran\u00e7a de redes e sistemas de gest\u00e3o para pequenas empresas. Al\u00e9m disso, suas solu\u00e7\u00f5es em IoT podem ser aplicadas em diversas \u00e1reas, como cidades inteligentes, agroneg\u00f3cio, ind\u00fastria 4.0 e sa\u00fade.&nbsp;<\/p>\n\n\n\n<p>Com 71 anos de mercado, possui uma moderna infraestrutura, suportada por uma rede de 137 mil km de fibra \u00f3ptica que serve, atualmente, mais de 372 cidades, em 16 estados do Brasil e no Distrito Federal. Para todos esses locais, a empresa investe em um atendimento personalizado, consultivo e eficaz para entregar cada vez mais qualidade aos clientes.&nbsp;<\/p>\n\n\n\n<p>Companhia aberta, n\u00e3o listada em bolsa desde 2007, a Algar Telecom se compromete com as melhores pr\u00e1ticas de governan\u00e7a corporativa. S\u00e3o mais de 4,2 mil associados &#8211; como s\u00e3o chamados os colaboradores da empresa &#8211; comprometidos em manter um relacionamento pr\u00f3ximo com seus clientes e alta qualidade na presta\u00e7\u00e3o de servi\u00e7os, com pr\u00e1ticas sustent\u00e1veis e inovadora.<\/p>\n\n\n\n<p><strong>Sobre a Moinho Cultural<\/strong><\/p>\n\n\n\n<p>Fundada h\u00e1 20 anos, a Moinho Cultural \u00e9 uma produtora que atende empresas patrocinadoras, ag\u00eancias de Publicidade e de Rela\u00e7\u00f5es P\u00fablicas com a disponibiliza\u00e7\u00e3o de projetos pr\u00f3prios para patroc\u00ednio e tamb\u00e9m cria\u00e7\u00e3o de projetos sob medida, sempre alinhados \u00e0s estrat\u00e9gias de comunica\u00e7\u00e3o do cliente, gerando entregas de qualidade que favore\u00e7am a visibilidade, fortalecimento e reputa\u00e7\u00e3o de marca. Al\u00e9m do Cine Fam\u00edlia na Pra\u00e7a, possui em seu portf\u00f3lio projetos de sucesso como: Festival de Inverno da Serra da Canastra; Fundinho Festival \u2013 Jazz e Blues; Divers\u00e3o e Arte: M\u00fasica para Crian\u00e7as de Todas as Idades; Arax\u00e1 Festival \u2013 Jazz e Blues; e Expresso Liter\u00e1rio, totalizando 55 eventos realizados em 23 diferentes munic\u00edpios, para um p\u00fablico de cerca de 183 mil pessoas.<\/p>\n","protected":false},"excerpt":{"rendered":"<p>A Pra\u00e7a Jo\u00e3o de Barros Ferreira virou cinema ao ar livre, proporcionando uma noite repleta de lazer e cultura&nbsp;gratuitas&nbsp;para toda a fam\u00edlia No \u00faltimo s\u00e1bado (14), o Cine Fam\u00edlia na<\/p>\n","protected":false},"author":3,"featured_media":11414,"comment_status":"open","ping_status":"open","sticky":false,"template":"","format":"standard","meta":{"footnotes":""},"categories":[1],"tags":[],"class_list":["post-11413","post","type-post","status-publish","format-standard","has-post-thumbnail","hentry","category-noticias"],"_links":{"self":[{"href":"https:\/\/revistahubclub.com.br\/portal\/wp-json\/wp\/v2\/posts\/11413","targetHints":{"allow":["GET"]}}],"collection":[{"href":"https:\/\/revistahubclub.com.br\/portal\/wp-json\/wp\/v2\/posts"}],"about":[{"href":"https:\/\/revistahubclub.com.br\/portal\/wp-json\/wp\/v2\/types\/post"}],"author":[{"embeddable":true,"href":"https:\/\/revistahubclub.com.br\/portal\/wp-json\/wp\/v2\/users\/3"}],"replies":[{"embeddable":true,"href":"https:\/\/revistahubclub.com.br\/portal\/wp-json\/wp\/v2\/comments?post=11413"}],"version-history":[{"count":1,"href":"https:\/\/revistahubclub.com.br\/portal\/wp-json\/wp\/v2\/posts\/11413\/revisions"}],"predecessor-version":[{"id":11415,"href":"https:\/\/revistahubclub.com.br\/portal\/wp-json\/wp\/v2\/posts\/11413\/revisions\/11415"}],"wp:featuredmedia":[{"embeddable":true,"href":"https:\/\/revistahubclub.com.br\/portal\/wp-json\/wp\/v2\/media\/11414"}],"wp:attachment":[{"href":"https:\/\/revistahubclub.com.br\/portal\/wp-json\/wp\/v2\/media?parent=11413"}],"wp:term":[{"taxonomy":"category","embeddable":true,"href":"https:\/\/revistahubclub.com.br\/portal\/wp-json\/wp\/v2\/categories?post=11413"},{"taxonomy":"post_tag","embeddable":true,"href":"https:\/\/revistahubclub.com.br\/portal\/wp-json\/wp\/v2\/tags?post=11413"}],"curies":[{"name":"wp","href":"https:\/\/api.w.org\/{rel}","templated":true}]}}