{"id":11425,"date":"2025-06-20T11:27:42","date_gmt":"2025-06-20T14:27:42","guid":{"rendered":"https:\/\/revistahubclub.com.br\/portal\/?p=11425"},"modified":"2025-06-20T11:27:42","modified_gmt":"2025-06-20T14:27:42","slug":"o-primeiro-residencial-fechado-em-monte-alegre-de-minas","status":"publish","type":"post","link":"https:\/\/revistahubclub.com.br\/portal\/2025\/06\/20\/o-primeiro-residencial-fechado-em-monte-alegre-de-minas\/","title":{"rendered":"O primeiro residencial fechado em Monte Alegre de Minas"},"content":{"rendered":"\n<p><strong><em>Publi Editorial | Fotos Divulga\u00e7\u00e3o<\/em><\/strong><\/p>\n\n\n\n<p>Mais que um residencial, um estilo de vida<br>No s\u00e1bado, 31 de maio, o Residencial Alto da Serra, o primeiro condom\u00ednio fechado de Monte Alegre de Minas, ao lado de Uberl\u00e2ndia, celebrou 1 ano de lan\u00e7amento junto a seus clientes e parceiros, como o cantor Leo Chaves!<\/p>\n\n\n\n<p>Com lotes a partir de 300m\u00b2, natureza exuberante e localiza\u00e7\u00e3o estrat\u00e9gica, o Alto da Serra leva ao interior o padr\u00e3o de qualidade dos residenciais<br>das grandes capitais.<\/p>\n\n\n\n<p>Uberl\u00e2ndia j\u00e1 oferece oportunidades e o<br>entorno cresce junto, com novas conex\u00f5es e possibilidades de expans\u00e3o da vida urbana,<br>com qualidade.<\/p>\n\n\n\n<p>Saiba mais no Instagram @altodaserraurbanismo e em www.sonhaalto.com.br<\/p>\n\n\n<figure class=\"wp-block-post-featured-image\"><img loading=\"lazy\" decoding=\"async\" width=\"1926\" height=\"1176\" src=\"https:\/\/revistahubclub.com.br\/portal\/wp-content\/uploads\/2025\/06\/Captura-de-Tela-2025-06-20-as-11.26.33\u202fAM.png\" class=\"attachment-post-thumbnail size-post-thumbnail wp-post-image\" alt=\"\" style=\"object-fit:cover;\" srcset=\"https:\/\/revistahubclub.com.br\/portal\/wp-content\/uploads\/2025\/06\/Captura-de-Tela-2025-06-20-as-11.26.33\u202fAM.png 1926w, https:\/\/revistahubclub.com.br\/portal\/wp-content\/uploads\/2025\/06\/Captura-de-Tela-2025-06-20-as-11.26.33\u202fAM-300x183.png 300w, https:\/\/revistahubclub.com.br\/portal\/wp-content\/uploads\/2025\/06\/Captura-de-Tela-2025-06-20-as-11.26.33\u202fAM-1024x625.png 1024w, https:\/\/revistahubclub.com.br\/portal\/wp-content\/uploads\/2025\/06\/Captura-de-Tela-2025-06-20-as-11.26.33\u202fAM-768x469.png 768w, https:\/\/revistahubclub.com.br\/portal\/wp-content\/uploads\/2025\/06\/Captura-de-Tela-2025-06-20-as-11.26.33\u202fAM-1536x938.png 1536w\" sizes=\"auto, (max-width: 1926px) 100vw, 1926px\" \/><\/figure>","protected":false},"excerpt":{"rendered":"<p>Publi Editorial | Fotos Divulga\u00e7\u00e3o Mais que um residencial, um estilo de vidaNo s\u00e1bado, 31 de maio, o Residencial Alto da Serra, o primeiro condom\u00ednio fechado de Monte Alegre de<\/p>\n","protected":false},"author":2,"featured_media":11426,"comment_status":"open","ping_status":"open","sticky":false,"template":"","format":"standard","meta":{"footnotes":""},"categories":[1],"tags":[506,507],"class_list":["post-11425","post","type-post","status-publish","format-standard","has-post-thumbnail","hentry","category-noticias","tag-monte-alegre-de-minas","tag-residencial"],"_links":{"self":[{"href":"https:\/\/revistahubclub.com.br\/portal\/wp-json\/wp\/v2\/posts\/11425","targetHints":{"allow":["GET"]}}],"collection":[{"href":"https:\/\/revistahubclub.com.br\/portal\/wp-json\/wp\/v2\/posts"}],"about":[{"href":"https:\/\/revistahubclub.com.br\/portal\/wp-json\/wp\/v2\/types\/post"}],"author":[{"embeddable":true,"href":"https:\/\/revistahubclub.com.br\/portal\/wp-json\/wp\/v2\/users\/2"}],"replies":[{"embeddable":true,"href":"https:\/\/revistahubclub.com.br\/portal\/wp-json\/wp\/v2\/comments?post=11425"}],"version-history":[{"count":1,"href":"https:\/\/revistahubclub.com.br\/portal\/wp-json\/wp\/v2\/posts\/11425\/revisions"}],"predecessor-version":[{"id":11427,"href":"https:\/\/revistahubclub.com.br\/portal\/wp-json\/wp\/v2\/posts\/11425\/revisions\/11427"}],"wp:featuredmedia":[{"embeddable":true,"href":"https:\/\/revistahubclub.com.br\/portal\/wp-json\/wp\/v2\/media\/11426"}],"wp:attachment":[{"href":"https:\/\/revistahubclub.com.br\/portal\/wp-json\/wp\/v2\/media?parent=11425"}],"wp:term":[{"taxonomy":"category","embeddable":true,"href":"https:\/\/revistahubclub.com.br\/portal\/wp-json\/wp\/v2\/categories?post=11425"},{"taxonomy":"post_tag","embeddable":true,"href":"https:\/\/revistahubclub.com.br\/portal\/wp-json\/wp\/v2\/tags?post=11425"}],"curies":[{"name":"wp","href":"https:\/\/api.w.org\/{rel}","templated":true}]}}