{"id":11492,"date":"2025-06-23T13:44:29","date_gmt":"2025-06-23T16:44:29","guid":{"rendered":"https:\/\/revistahubclub.com.br\/portal\/?p=11492"},"modified":"2025-06-23T13:44:29","modified_gmt":"2025-06-23T16:44:29","slug":"cursos-da-fundacao-cdl-uberlandia-impulsionam-carreira-e-competitividade-no-mercado","status":"publish","type":"post","link":"https:\/\/revistahubclub.com.br\/portal\/2025\/06\/23\/cursos-da-fundacao-cdl-uberlandia-impulsionam-carreira-e-competitividade-no-mercado\/","title":{"rendered":"Cursos da Funda\u00e7\u00e3o CDL Uberl\u00e2ndia impulsionam carreira e competitividade no mercado\u00a0"},"content":{"rendered":"\n<p><\/p>\n\n\n\n<p>Em um cen\u00e1rio empresarial cada vez mais din\u00e2mico e desafiador, a qualifica\u00e7\u00e3o constante tornou-se um diferencial estrat\u00e9gico para quem deseja se destacar. A Funda\u00e7\u00e3o CDL Uberl\u00e2ndia reafirma seu compromisso com o desenvolvimento profissional e empresarial ao oferecer uma s\u00e9rie de cursos que visam aprimorar habilidades t\u00e9cnicas, gerenciais e comportamentais, contribuindo diretamente para o aumento da competitividade no mercado. Confira os pr\u00f3ximos cursos que v\u00e3o at\u00e9 agosto. &nbsp;<\/p>\n\n\n\n<p><strong>Descomplicando finan\u00e7as \u2013 Fluxo de caixa e organiza\u00e7\u00e3o do controle financeiro<\/strong>&nbsp;<\/p>\n\n\n\n<p>Entre os destaques da programa\u00e7\u00e3o est\u00e1 o curso Descomplicando Finan\u00e7as \u2013 Fluxo de Caixa e Organiza\u00e7\u00e3o do Controle Financeiro, ministrado por Jurema Matinez entre os dias 23 e 25 de junho, com carga hor\u00e1ria de 9 horas. Voltado a empres\u00e1rios, gestores e profissionais da \u00e1rea, o conte\u00fado ajuda os participantes a entenderem a gest\u00e3o financeira e seus impactos na empresa, ter no\u00e7\u00f5es de contabilidade, controle dos custos; gest\u00e3o contas a pagar e a receber, elaborar demonstrativos, como fluxo de caixa, demonstrativo de resultados (DRE) e balan\u00e7o patrimonial, entre outros.&nbsp;<\/p>\n\n\n\n<p><strong>Como construir um portf\u00f3lio alinhado ao perfil do cliente<\/strong>&nbsp;<\/p>\n\n\n\n<p>Nos dias 7 a 9 de julho, Alexandre Arruk comanda o curso Como construir um portf\u00f3lio alinhado ao perfil do cliente, que orienta profissionais a definir o posicionamento de mercado, o \u201ccliente alvo\u201d, a gama de produtos x posicionamento de mercado; e muito mais.&nbsp;<\/p>\n\n\n\n<p><strong>O Segredo dos l\u00edderes que constroem equipes aut\u00f4nomas e lucrativas<\/strong>&nbsp;<\/p>\n\n\n\n<p>A constru\u00e7\u00e3o de equipes de alta performance tamb\u00e9m ganha espa\u00e7o com o curso O segredo dos l\u00edderes que constroem equipes aut\u00f4nomas e lucrativas, ministrado por Moacir Camargo de 28 a 30 de julho. A proposta \u00e9 desenvolver a lideran\u00e7a com efici\u00eancia, transformar l\u00edderes para transformar equipes, estruturar o sucesso das equipes aut\u00f4nomas&nbsp;e monitorar resultados e garantir a evolu\u00e7\u00e3o cont\u00ednua.&nbsp;&nbsp;&nbsp;&nbsp;<\/p>\n\n\n\n<p><strong>Comunica\u00e7\u00e3o n\u00e3o violenta<\/strong>&nbsp;<\/p>\n\n\n\n<p>No campo da comunica\u00e7\u00e3o interpessoal, o curso CNV \u2013 Comunica\u00e7\u00e3o n\u00e3o violenta, que ser\u00e1 ministrado por Karla Zardini entre 11 e 13 de agosto, que visa desenvolver nos participantes a habilidade de se comunicarem de forma mais emp\u00e1tica, consciente e assertiva, a partir dos princ\u00edpios da Comunica\u00e7\u00e3o N\u00e3o Violenta (CNV). O treinamento tem a proposta de transformar a forma como as pessoas se relacionam, consigo mesmas, com os outros e com os desafios, promovendo ambientes mais colaborativos, saud\u00e1veis e produtivos, tanto no contexto pessoal quanto no profissional.&nbsp;<\/p>\n\n\n\n<p><strong>Aprenda a fazer gest\u00e3o do seu estoque e Departamento Pessoal \u2013 DP <\/strong>&nbsp;<\/p>\n\n\n\n<p>Com foco na organiza\u00e7\u00e3o interna, o curso Aprenda a Fazer Gest\u00e3o do seu estoque, no dia 25 de agosto, que tem como objetivos capacitar os participantes a compreenderem e aplicar os principais conceitos, t\u00e9cnicas e ferramentas da gest\u00e3o de estoque, promovendo o controle eficiente de materiais e produtos, com foco na redu\u00e7\u00e3o de custos, otimiza\u00e7\u00e3o de recursos e melhoria dos processos. O instrutor tamb\u00e9m lidera o curso Departamento Pessoal \u2013 DP, entre os dias 8 e 12 de setembro. O educador ir\u00e1 capacitar profissionais a atuarem com seguran\u00e7a e efici\u00eancia nas rotinas do setor de Departamento Pessoal. Com uma abordagem 100% pr\u00e1tica e voltada para o mercado de trabalho, o curso explora os principais processos da \u00e1rea, como admiss\u00e3o, folha de pagamento, encargos sociais, f\u00e9rias, 13\u00ba sal\u00e1rio e rescis\u00e3o contratual. Ao longo deste curso, os participantes utilizar\u00e3o planilhas de c\u00e1lculo, simula\u00e7\u00f5es e documentos reais ou modelados, vivenciando o dia a dia do DP de forma clara e objetiva.&nbsp;<\/p>\n\n\n\n<p><strong>Transforma\u00e7\u00e3o digital no varejo e Marketing como estrat\u00e9gia de neg\u00f3cios<\/strong>&nbsp;<\/p>\n\n\n\n<p>J\u00e1 para quem busca inova\u00e7\u00e3o e adapta\u00e7\u00e3o \u00e0s novas exig\u00eancias do consumidor, Marcus Vin\u00edcius ministra dois cursos: Transforma\u00e7\u00e3o digital no varejo, de 22 a 24 de setembro. Ele ensinar\u00e1 como aplicar estrat\u00e9gias digitais que impulsionam resultados no varejo, e Marketing como estrat\u00e9gia de neg\u00f3cios, de 13 a 15 de outubro, que abordar\u00e1 como usar o marketing de forma estrat\u00e9gica para fortalecer sua marca e alavancar as vendas.&nbsp;<\/p>\n\n\n\n<p>\u201cCom uma grade diversificada e instrutores renomados, nossos cursos s\u00e3o oportunidades reais para empreendedores, colaboradores e profissionais de diferentes \u00e1reas se manterem atualizados, ganharem vantagem competitiva e ampliarem sua atua\u00e7\u00e3o no mercado. Acreditamos que a qualifica\u00e7\u00e3o \u00e9 o caminho mais eficiente para quem deseja crescer de forma estruturada e sustent\u00e1vel\u201d, disse Renata Barbosa, gerente de Solu\u00e7\u00f5es e Neg\u00f3cios da CDL Uberl\u00e2ndia.<\/p>\n\n\n\n<p>A programa\u00e7\u00e3o completa e o valor do investimento est\u00e3o no site da CDL Uberl\u00e2ndia (<a href=\"http:\/\/www.loja.cdludi.org.br\/\" target=\"_blank\" rel=\"noreferrer noopener\"><strong>www.loja.cdludi.org.br<\/strong><\/a>).&nbsp; Os cursos acontecem presencialmente na sede da Funda\u00e7\u00e3o CDL Uberl\u00e2ndia, em um ambiente moderno, com turmas reduzidas para melhor aproveitamento do conte\u00fado e networking entre os participantes.<\/p>\n\n\n<figure class=\"wp-block-post-featured-image\"><img loading=\"lazy\" decoding=\"async\" width=\"363\" height=\"282\" src=\"https:\/\/revistahubclub.com.br\/portal\/wp-content\/uploads\/2025\/06\/curso4.jpg\" class=\"attachment-post-thumbnail size-post-thumbnail wp-post-image\" alt=\"\" style=\"object-fit:cover;\" srcset=\"https:\/\/revistahubclub.com.br\/portal\/wp-content\/uploads\/2025\/06\/curso4.jpg 363w, https:\/\/revistahubclub.com.br\/portal\/wp-content\/uploads\/2025\/06\/curso4-300x233.jpg 300w\" sizes=\"auto, (max-width: 363px) 100vw, 363px\" \/><\/figure>","protected":false},"excerpt":{"rendered":"<p>Em um cen\u00e1rio empresarial cada vez mais din\u00e2mico e desafiador, a qualifica\u00e7\u00e3o constante tornou-se um diferencial estrat\u00e9gico para quem deseja se destacar. A Funda\u00e7\u00e3o CDL Uberl\u00e2ndia reafirma seu compromisso com<\/p>\n","protected":false},"author":2,"featured_media":11493,"comment_status":"open","ping_status":"open","sticky":false,"template":"","format":"standard","meta":{"footnotes":""},"categories":[1],"tags":[],"class_list":["post-11492","post","type-post","status-publish","format-standard","has-post-thumbnail","hentry","category-noticias"],"_links":{"self":[{"href":"https:\/\/revistahubclub.com.br\/portal\/wp-json\/wp\/v2\/posts\/11492","targetHints":{"allow":["GET"]}}],"collection":[{"href":"https:\/\/revistahubclub.com.br\/portal\/wp-json\/wp\/v2\/posts"}],"about":[{"href":"https:\/\/revistahubclub.com.br\/portal\/wp-json\/wp\/v2\/types\/post"}],"author":[{"embeddable":true,"href":"https:\/\/revistahubclub.com.br\/portal\/wp-json\/wp\/v2\/users\/2"}],"replies":[{"embeddable":true,"href":"https:\/\/revistahubclub.com.br\/portal\/wp-json\/wp\/v2\/comments?post=11492"}],"version-history":[{"count":1,"href":"https:\/\/revistahubclub.com.br\/portal\/wp-json\/wp\/v2\/posts\/11492\/revisions"}],"predecessor-version":[{"id":11494,"href":"https:\/\/revistahubclub.com.br\/portal\/wp-json\/wp\/v2\/posts\/11492\/revisions\/11494"}],"wp:featuredmedia":[{"embeddable":true,"href":"https:\/\/revistahubclub.com.br\/portal\/wp-json\/wp\/v2\/media\/11493"}],"wp:attachment":[{"href":"https:\/\/revistahubclub.com.br\/portal\/wp-json\/wp\/v2\/media?parent=11492"}],"wp:term":[{"taxonomy":"category","embeddable":true,"href":"https:\/\/revistahubclub.com.br\/portal\/wp-json\/wp\/v2\/categories?post=11492"},{"taxonomy":"post_tag","embeddable":true,"href":"https:\/\/revistahubclub.com.br\/portal\/wp-json\/wp\/v2\/tags?post=11492"}],"curies":[{"name":"wp","href":"https:\/\/api.w.org\/{rel}","templated":true}]}}