{"id":11511,"date":"2025-06-24T15:26:35","date_gmt":"2025-06-24T18:26:35","guid":{"rendered":"https:\/\/revistahubclub.com.br\/portal\/?p=11511"},"modified":"2025-06-24T15:26:35","modified_gmt":"2025-06-24T18:26:35","slug":"federacao-dos-cafeicultores-do-cerrado-estara-presente-no-world-food-and-agribusiness-forum-em-ribeirao-preto","status":"publish","type":"post","link":"https:\/\/revistahubclub.com.br\/portal\/2025\/06\/24\/federacao-dos-cafeicultores-do-cerrado-estara-presente-no-world-food-and-agribusiness-forum-em-ribeirao-preto\/","title":{"rendered":"Federa\u00e7\u00e3o dos Cafeicultores do Cerrado estar\u00e1 presente no World Food and Agribusiness Forum em Ribeir\u00e3o Preto"},"content":{"rendered":"\n<p><em>O diretor executivo, Juliano Tarabal, representar\u00e1 o Cerrado Mineiro no painel &#8220;Criando Vantagens Competitivas por meio de Cooperativas e Associa\u00e7\u00f5es: O Papel das A\u00e7\u00f5es Coletivas&#8221;<\/em><\/p>\n\n\n\n<p>O tradicional World Food and Agribusiness Forum, promovido pela International Food and Agribusiness Management Association (IFAMA), acontecer\u00e1 pela primeira vez no Brasil, trazendo a Ribeir\u00e3o Preto, nos dias 25 e 26 de junho, l\u00edderes globais do agroneg\u00f3cio para debater inova\u00e7\u00e3o, sustentabilidade e estrat\u00e9gias de mercado.<\/p>\n\n\n\n<p>Entre os destaques do evento est\u00e1 a participa\u00e7\u00e3o do diretor executivo da Federa\u00e7\u00e3o dos Cafeicultores do Cerrado, Juliano Tarabal, que representar\u00e1 a Regi\u00e3o do Cerrado Mineiro no painel &#8220;Criando Vantagens Competitivas por meio de Cooperativas e Associa\u00e7\u00f5es: O Papel das A\u00e7\u00f5es Coletivas&#8221;, programado para o dia 26 de junho.<\/p>\n\n\n\n<p>Tarabal, uma das principais vozes na promo\u00e7\u00e3o de caf\u00e9s especiais com certifica\u00e7\u00e3o de origem no Brasil, \u00e9 conhecido por sua lideran\u00e7a no fortalecimento da identidade global do caf\u00e9 do Cerrado Mineiro. Ele compartilhar\u00e1 as estrat\u00e9gias e o impacto das a\u00e7\u00f5es coletivas lideradas pela Federa\u00e7\u00e3o, ressaltando como cooperativas podem transformar desafios em oportunidades no competitivo mercado agroindustrial.<\/p>\n\n\n\n<p>\u201cParticipar deste f\u00f3rum \u00e9 uma oportunidade \u00fanica de levar ao cen\u00e1rio global a for\u00e7a e o exemplo do Cerrado Mineiro. Nosso modelo de organiza\u00e7\u00e3o cooperativa \u00e9 uma refer\u00eancia, e discutir essas estrat\u00e9gias ao lado de especialistas internacionais refor\u00e7a nosso compromisso com a excel\u00eancia e a inova\u00e7\u00e3o\u201d, afirma Tarabal.<\/p>\n\n\n\n<p>O painel contar\u00e1 ainda com a participa\u00e7\u00e3o de Decio Zylberstajn, professor do PENSA\/USP, especialista em sistemas agroindustriais; Brian Briggeman, diretor da Universidade Estadual do Kansas e Jos\u00e9 Antonio Rossato, membro do conselho da Coplana, cooperativa brasileira de destaque em cana-de-a\u00e7\u00facar e amendoim.<\/p>\n\n\n\n<p>O evento, que acontece no Multiplan Hall (Ribeir\u00e3o Shopping), reunir\u00e1 centenas de participantes de cerca de 40 pa\u00edses e promete ser um marco para o agroneg\u00f3cio brasileiro e mundial. A programa\u00e7\u00e3o completa e mais informa\u00e7\u00f5es est\u00e3o dispon\u00edveis no site oficial do World Food and Agribusiness Forum.<\/p>\n\n\n\n<p><\/p>\n","protected":false},"excerpt":{"rendered":"<p>O diretor executivo, Juliano Tarabal, representar\u00e1 o Cerrado Mineiro no painel &#8220;Criando Vantagens Competitivas por meio de Cooperativas e Associa\u00e7\u00f5es: O Papel das A\u00e7\u00f5es Coletivas&#8221; O tradicional World Food and<\/p>\n","protected":false},"author":3,"featured_media":11512,"comment_status":"open","ping_status":"open","sticky":false,"template":"","format":"standard","meta":{"footnotes":""},"categories":[1],"tags":[],"class_list":["post-11511","post","type-post","status-publish","format-standard","has-post-thumbnail","hentry","category-noticias"],"_links":{"self":[{"href":"https:\/\/revistahubclub.com.br\/portal\/wp-json\/wp\/v2\/posts\/11511","targetHints":{"allow":["GET"]}}],"collection":[{"href":"https:\/\/revistahubclub.com.br\/portal\/wp-json\/wp\/v2\/posts"}],"about":[{"href":"https:\/\/revistahubclub.com.br\/portal\/wp-json\/wp\/v2\/types\/post"}],"author":[{"embeddable":true,"href":"https:\/\/revistahubclub.com.br\/portal\/wp-json\/wp\/v2\/users\/3"}],"replies":[{"embeddable":true,"href":"https:\/\/revistahubclub.com.br\/portal\/wp-json\/wp\/v2\/comments?post=11511"}],"version-history":[{"count":1,"href":"https:\/\/revistahubclub.com.br\/portal\/wp-json\/wp\/v2\/posts\/11511\/revisions"}],"predecessor-version":[{"id":11513,"href":"https:\/\/revistahubclub.com.br\/portal\/wp-json\/wp\/v2\/posts\/11511\/revisions\/11513"}],"wp:featuredmedia":[{"embeddable":true,"href":"https:\/\/revistahubclub.com.br\/portal\/wp-json\/wp\/v2\/media\/11512"}],"wp:attachment":[{"href":"https:\/\/revistahubclub.com.br\/portal\/wp-json\/wp\/v2\/media?parent=11511"}],"wp:term":[{"taxonomy":"category","embeddable":true,"href":"https:\/\/revistahubclub.com.br\/portal\/wp-json\/wp\/v2\/categories?post=11511"},{"taxonomy":"post_tag","embeddable":true,"href":"https:\/\/revistahubclub.com.br\/portal\/wp-json\/wp\/v2\/tags?post=11511"}],"curies":[{"name":"wp","href":"https:\/\/api.w.org\/{rel}","templated":true}]}}