{"id":11514,"date":"2025-06-24T15:28:23","date_gmt":"2025-06-24T18:28:23","guid":{"rendered":"https:\/\/revistahubclub.com.br\/portal\/?p=11514"},"modified":"2025-06-24T15:28:23","modified_gmt":"2025-06-24T18:28:23","slug":"trip-cafezal-conexao-da-regiao-do-cerrado-mineiro-com-mercado-europeu-de-cafes-especiais","status":"publish","type":"post","link":"https:\/\/revistahubclub.com.br\/portal\/2025\/06\/24\/trip-cafezal-conexao-da-regiao-do-cerrado-mineiro-com-mercado-europeu-de-cafes-especiais\/","title":{"rendered":"Trip Cafezal: conex\u00e3o da Regi\u00e3o do Cerrado Mineiro com mercado europeu de caf\u00e9s especiais"},"content":{"rendered":"\n<p><em>Carlos Eduardo Bitencourt e a equipe da Cafezal Milano, eleita a melhor cafeteria da It\u00e1lia em 2025, compartilham conhecimentos em palestras e cursos<\/em><\/p>\n\n\n\n<p>A cidade de Patroc\u00ednio, na Regi\u00e3o do Cerrado Mineiro, ser\u00e1 palco de um evento que promete refor\u00e7ar a conex\u00e3o entre a tradi\u00e7\u00e3o cafeeira brasileira e o mercado europeu, nos dias 9 e 10 de julho. A Federa\u00e7\u00e3o dos Cafeicultores do Cerrado, em parceria com o Sebrae Minas, receber\u00e1, durante a Trip Cafezal, Carlos Eduardo Bitencourt, fundador e CEO da Cafezal Milano e sua equipe para uma s\u00e9rie de palestras e cursos abertos ao p\u00fablico e ao setor cafeeiro.<\/p>\n\n\n\n<p>A Cafezal Milano Specialty Coffee, reconhecida como Melhor Cafeteria da It\u00e1lia 2025 pelo prestigiado pr\u00eamio BarAwards, \u00e9 a maior marca independente de caf\u00e9 de especialidade do pa\u00eds em n\u00famero de lojas, destacando-se como refer\u00eancia em sustentabilidade, modelo de neg\u00f3cios inovador, excel\u00eancia em qualidade e hospitalidade. Em setembro, a Cafezal se tornar\u00e1 a primeira marca italiana de caf\u00e9 especial a expandir para outro pa\u00eds, com a inaugura\u00e7\u00e3o de uma nova loja em Lisboa.<\/p>\n\n\n\n<p>Segundo Juliano Tarabal, diretor executivo da Federa\u00e7\u00e3o dos Cafeicultores do Cerrado, este evento simboliza mais do que uma troca t\u00e9cnica: \u00e9 um passo estrat\u00e9gico para fortalecer o relacionamento da Federa\u00e7\u00e3o com o mercado europeu, um dos principais compradores de caf\u00e9s do Cerrado Mineiro.<\/p>\n\n\n\n<p>&#8220;A rela\u00e7\u00e3o com o caf\u00e9 brasileiro sempre foi essencial para a Cafezal. Iniciei visitando lavouras em 2014, e ent\u00e3o morava na Europa h\u00e1 8 anos. Desde quando abrir a empresa em 2017, trouxe do Brasil a maior parte dos caf\u00e9s que usamos em nossas lojas. Em 2024 importamos um container exclusivamente com caf\u00e9s especiais, sendo a maioria origin\u00e1ria do Cerrado Mineiro. Essa proximidade \u00e9 real e sempre foi constante no passar dos anos\u201d, afirma Carlos Eduardo Bitencourt.<\/p>\n\n\n\n<p><strong>Hist\u00f3ria e prop\u00f3sito compartilhados<\/strong><\/p>\n\n\n\n<p>A parceria entre a Federa\u00e7\u00e3o dos Cafeicultores do Cerrado Mineiro e a Cafezal Milano come\u00e7ou em 2024, quando a regi\u00e3o realizou um roadshow pela It\u00e1lia para apresentar seus pilares de qualidade e rastreabilidade. Em Mil\u00e3o, a Cafezal foi anfitri\u00e3 de um dos eventos-chave, criando uma ponte entre a hospitalidade italiana e a excel\u00eancia cafeeira do Cerrado.<\/p>\n\n\n\n<p>Agora, em julho de 2025, ocorre o movimento inverso: Carlos &#8211; que fundou a marca em 2017, ent\u00e3o a primeira torrefa\u00e7\u00e3o-cafeteria artesanal independente de Mil\u00e3o \u2014&nbsp; desembarca no Cerrado Mineiro com sua equipe para conhecer de perto as pr\u00e1ticas agr\u00edcolas, a cultura e a inova\u00e7\u00e3o da regi\u00e3o.<\/p>\n\n\n\n<p>Durante a Trip Cafezal, Carlos compartilhar\u00e1 sua trajet\u00f3ria empreendedora e o modelo de hospitalidade que consagrou a Cafezal como refer\u00eancia no mercado europeu, tornando-a um dos cases mais relevantes de crescimento sustent\u00e1vel e reposicionamento de produto no setor de hospitalidade independente; os aprendizados por tr\u00e1s da expans\u00e3o de cinco para seis lojas em Mil\u00e3o e da pr\u00f3xima abertura internacional em Lisboa e a vis\u00e3o que levou a marca a ser eleita melhor cafeteria da It\u00e1lia 2025 (BarAwards) e a figurar entre as tr\u00eas melhores cafeterias independentes da Europa (European Coffee Awards).<\/p>\n\n\n\n<p>&#8220;Acredito que os caf\u00e9s do Cerrado est\u00e3o entre os melhores produtos dispon\u00edveis hoje para a cafeteria moderna. Al\u00e9m de sua for\u00e7a produtiva e altos volumes, os perfis sensoriais \u2014 com notas de chocolate, rapadura e mela\u00e7o \u2014 s\u00e3o ideais para o que eu considero um \u00f3timo espresso e bebidas com leite, amplamente apreciadas no mundo todo. Tamb\u00e9m encontram-se caf\u00e9s com personalidade marcante, florais e frutados. Tenho certeza que este aspecto vai ser cada vez mais reconhecido internacionalmente, fazendo o Cerrado Mineiro ser reconhecido tanto quanto uma regi\u00e3o de altos volumes, mas tamb\u00e9m como uma regi\u00e3o de excel\u00eancia em caf\u00e9s de alta pontua\u00e7\u00e3o internacionalmente\u201d, ressalta Bitencourt.<\/p>\n\n\n\n<p>\u201cA Europa tem sido um dos principais destinos dos caf\u00e9s da Regi\u00e3o do Cerrado Mineiro. A It\u00e1lia, em particular, ocupa um papel central, n\u00e3o apenas como um dos maiores consumidores de caf\u00e9, mas tamb\u00e9m como um mercado que valoriza a qualidade e a origem dos produtos. Iniciativas como esta fortalecem o posicionamento da regi\u00e3o no mercado internacional e promovem a troca de conhecimentos t\u00e9cnicos e comerciais. Essa troca de experi\u00eancias fortalece a nossa miss\u00e3o de conectar, integrar e desenvolver\u201d, destaca Juliano Tarabal.<\/p>\n\n\n\n<p><strong>Sobre a Cafezal Specialty Coffee<\/strong><\/p>\n\n\n\n<p>Com cinco lojas f\u00edsicas em Mil\u00e3o e torrefa\u00e7\u00e3o pr\u00f3pria, a Cafezal Milano tamb\u00e9m se destaca pelo pioneirismo em produtos como c\u00e1psulas compost\u00e1veis, drip bags, cold brew autoral pronto para beber (RTD), al\u00e9m de contar com um laborat\u00f3rio de panifica\u00e7\u00e3o artesanal, uma academia de forma\u00e7\u00e3o de profissionais, workshops e eventos de imers\u00e3o para coffee lovers, al\u00e9m de distribui\u00e7\u00e3o B2B com rastreabilidade.<\/p>\n\n\n\n<p>Reconhecida como um dos cases mais relevantes de crescimento sustent\u00e1vel e reposicionamento de produto no setor de hospitalidade independente europeu, a Cafezal captou mais de R$ 5,4 milh\u00f5es (equivalente a \u20ac900 mil) por meio de uma opera\u00e7\u00e3o de equity crowdfunding realizada em 2024, com a ades\u00e3o de mais de 150 investidores. Atualmente, a empresa est\u00e1 em processo de certifica\u00e7\u00e3o B-Corp e de adequa\u00e7\u00e3o de pegada de carbono.<\/p>\n\n\n\n<p><strong>Servi\u00e7o:<\/strong><\/p>\n\n\n\n<p>9 de julho \u2013 Ter\u00e7a-feira<br>18h &#8211; palestra gratuita: &#8220;O mercado italiano de caf\u00e9s de alta qualidade\u201d, com Carlos Eduardo Bitencourt, fundador da Cafezal Milano<br>Local: Cooperativa Expocaccer \u2013 Patroc\u00ednio\/MG<\/p>\n\n\n\n<p>10 de julho \u2013 Quarta-feira<br>9h \u00e0s 12h<br>Minicurso: Gest\u00e3o de cafeterias e experi\u00eancia do cliente<br>Instrutor: Carlos Eduardo Bitencourt<\/p>\n\n\n\n<p>13h \u00e0s 17h<br>Minicurso: Fundamentos e t\u00e9cnicas de barismo italiano<br>Instrutores: Equipe Barista da Cafezal Specialty Coffee<br><br>Local: Centro de Excel\u00eancia do Caf\u00e9 \u2013 Patroc\u00ednio, MG<br>Mais informa\u00e7\u00f5es:&nbsp;<a href=\"https:\/\/linktr.ee\/regiaocerradomineiro\">https:\/\/linktr.ee\/regiaocerradomineiro<\/a><\/p>\n","protected":false},"excerpt":{"rendered":"<p>Carlos Eduardo Bitencourt e a equipe da Cafezal Milano, eleita a melhor cafeteria da It\u00e1lia em 2025, compartilham conhecimentos em palestras e cursos A cidade de Patroc\u00ednio, na Regi\u00e3o do<\/p>\n","protected":false},"author":3,"featured_media":11515,"comment_status":"open","ping_status":"open","sticky":false,"template":"","format":"standard","meta":{"footnotes":""},"categories":[1],"tags":[],"class_list":["post-11514","post","type-post","status-publish","format-standard","has-post-thumbnail","hentry","category-noticias"],"_links":{"self":[{"href":"https:\/\/revistahubclub.com.br\/portal\/wp-json\/wp\/v2\/posts\/11514","targetHints":{"allow":["GET"]}}],"collection":[{"href":"https:\/\/revistahubclub.com.br\/portal\/wp-json\/wp\/v2\/posts"}],"about":[{"href":"https:\/\/revistahubclub.com.br\/portal\/wp-json\/wp\/v2\/types\/post"}],"author":[{"embeddable":true,"href":"https:\/\/revistahubclub.com.br\/portal\/wp-json\/wp\/v2\/users\/3"}],"replies":[{"embeddable":true,"href":"https:\/\/revistahubclub.com.br\/portal\/wp-json\/wp\/v2\/comments?post=11514"}],"version-history":[{"count":1,"href":"https:\/\/revistahubclub.com.br\/portal\/wp-json\/wp\/v2\/posts\/11514\/revisions"}],"predecessor-version":[{"id":11516,"href":"https:\/\/revistahubclub.com.br\/portal\/wp-json\/wp\/v2\/posts\/11514\/revisions\/11516"}],"wp:featuredmedia":[{"embeddable":true,"href":"https:\/\/revistahubclub.com.br\/portal\/wp-json\/wp\/v2\/media\/11515"}],"wp:attachment":[{"href":"https:\/\/revistahubclub.com.br\/portal\/wp-json\/wp\/v2\/media?parent=11514"}],"wp:term":[{"taxonomy":"category","embeddable":true,"href":"https:\/\/revistahubclub.com.br\/portal\/wp-json\/wp\/v2\/categories?post=11514"},{"taxonomy":"post_tag","embeddable":true,"href":"https:\/\/revistahubclub.com.br\/portal\/wp-json\/wp\/v2\/tags?post=11514"}],"curies":[{"name":"wp","href":"https:\/\/api.w.org\/{rel}","templated":true}]}}