{"id":11549,"date":"2025-06-25T12:48:08","date_gmt":"2025-06-25T15:48:08","guid":{"rendered":"https:\/\/revistahubclub.com.br\/portal\/?p=11549"},"modified":"2025-06-25T12:48:08","modified_gmt":"2025-06-25T15:48:08","slug":"grupo-limapergher-avanca-nos-compromissos-sustentaveis-conquista-mais-duas-ods-e-e-convidado-para-a-cop-30","status":"publish","type":"post","link":"https:\/\/revistahubclub.com.br\/portal\/2025\/06\/25\/grupo-limapergher-avanca-nos-compromissos-sustentaveis-conquista-mais-duas-ods-e-e-convidado-para-a-cop-30\/","title":{"rendered":"Grupo Lima&amp;Pergher avan\u00e7a nos compromissos sustent\u00e1veis, conquista mais duas ODS e \u00e9 convidado para a COP 30"},"content":{"rendered":"\n<p>Na <strong>Semana do Meio Ambiente<\/strong>, que aconteceu em Uberl\u00e2ndia na primeira semana de junho, o <strong>Grupo Lima&amp;Pergher <\/strong>reafirmou seu protagonismo em sustentabilidade ao ser destaque com dois importantes cases: o da <strong>Economia Circular <\/strong>e o do<strong> Projeto Aparas<\/strong>.&nbsp;<\/p>\n\n\n\n<p>Ambos os projetos v\u00eam ganhando cada vez mais forma e escala gra\u00e7as \u00e0 dedica\u00e7\u00e3o cont\u00ednua de colaboradores, parceiros e comunidades envolvidas. Mais do que a\u00e7\u00f5es pontuais: eles representam uma transforma\u00e7\u00e3o concreta com impactos sociais e ambientais positivos.<\/p>\n\n\n\n<figure class=\"wp-block-image size-large\"><img loading=\"lazy\" decoding=\"async\" width=\"803\" height=\"1024\" src=\"https:\/\/revistahubclub.com.br\/portal\/wp-content\/uploads\/2025\/06\/Captura-de-Tela-2025-06-25-as-12.44.31\u202fPM-803x1024.png\" alt=\"\" class=\"wp-image-11550\" srcset=\"https:\/\/revistahubclub.com.br\/portal\/wp-content\/uploads\/2025\/06\/Captura-de-Tela-2025-06-25-as-12.44.31\u202fPM-803x1024.png 803w, https:\/\/revistahubclub.com.br\/portal\/wp-content\/uploads\/2025\/06\/Captura-de-Tela-2025-06-25-as-12.44.31\u202fPM-235x300.png 235w, https:\/\/revistahubclub.com.br\/portal\/wp-content\/uploads\/2025\/06\/Captura-de-Tela-2025-06-25-as-12.44.31\u202fPM-768x979.png 768w, https:\/\/revistahubclub.com.br\/portal\/wp-content\/uploads\/2025\/06\/Captura-de-Tela-2025-06-25-as-12.44.31\u202fPM.png 828w\" sizes=\"auto, (max-width: 803px) 100vw, 803px\" \/><\/figure>\n\n\n\n<p>Durante a Semana, o Grupo tamb\u00e9m celebrou conquistas marcantes: a recertifica\u00e7\u00e3o <strong>2030 Today<\/strong> e a incorpora\u00e7\u00e3o de mais dois novos <strong>Objetivos de Desenvolvimento Sustent\u00e1vel (ODS)<\/strong> em sua trajet\u00f3ria &#8211; o <strong>ODS 5: Igualdade de G\u00eanero<\/strong> e o <strong>ODS 17: Parcerias e Meios de Implementa\u00e7\u00e3o<\/strong>, somando, ao todo, um n\u00famero de 11 ODSs conquistados.<\/p>\n\n\n\n<figure class=\"wp-block-image size-large\"><img loading=\"lazy\" decoding=\"async\" width=\"1024\" height=\"560\" src=\"https:\/\/revistahubclub.com.br\/portal\/wp-content\/uploads\/2025\/06\/Captura-de-Tela-2025-06-25-as-12.45.23\u202fPM-1024x560.png\" alt=\"\" class=\"wp-image-11551\" srcset=\"https:\/\/revistahubclub.com.br\/portal\/wp-content\/uploads\/2025\/06\/Captura-de-Tela-2025-06-25-as-12.45.23\u202fPM-1024x560.png 1024w, https:\/\/revistahubclub.com.br\/portal\/wp-content\/uploads\/2025\/06\/Captura-de-Tela-2025-06-25-as-12.45.23\u202fPM-300x164.png 300w, https:\/\/revistahubclub.com.br\/portal\/wp-content\/uploads\/2025\/06\/Captura-de-Tela-2025-06-25-as-12.45.23\u202fPM-768x420.png 768w, https:\/\/revistahubclub.com.br\/portal\/wp-content\/uploads\/2025\/06\/Captura-de-Tela-2025-06-25-as-12.45.23\u202fPM.png 1120w\" sizes=\"auto, (max-width: 1024px) 100vw, 1024px\" \/><\/figure>\n\n\n\n<p>A conquista do ODS 17, em especial, alcan\u00e7ada por poucas organiza\u00e7\u00f5es, demonstra uma articula\u00e7\u00e3o e uma coopera\u00e7\u00e3o institucional robusta e estrat\u00e9gica.&nbsp;<\/p>\n\n\n\n<p>Esse objetivo visa fortalecer alian\u00e7as estrat\u00e9gicas entre governos, setor privado, sociedade civil e organismos internacionais &#8211; pilares fundamentais para ampliar o impacto das a\u00e7\u00f5es sustent\u00e1veis.<br><\/p>\n\n\n<figure class=\"wp-block-post-featured-image\"><img loading=\"lazy\" decoding=\"async\" width=\"1840\" height=\"1158\" src=\"https:\/\/revistahubclub.com.br\/portal\/wp-content\/uploads\/2025\/06\/Captura-de-Tela-2025-06-25-as-12.46.41\u202fPM.png\" class=\"attachment-post-thumbnail size-post-thumbnail wp-post-image\" alt=\"\" style=\"object-fit:cover;\" srcset=\"https:\/\/revistahubclub.com.br\/portal\/wp-content\/uploads\/2025\/06\/Captura-de-Tela-2025-06-25-as-12.46.41\u202fPM.png 1840w, https:\/\/revistahubclub.com.br\/portal\/wp-content\/uploads\/2025\/06\/Captura-de-Tela-2025-06-25-as-12.46.41\u202fPM-300x189.png 300w, https:\/\/revistahubclub.com.br\/portal\/wp-content\/uploads\/2025\/06\/Captura-de-Tela-2025-06-25-as-12.46.41\u202fPM-1024x644.png 1024w, https:\/\/revistahubclub.com.br\/portal\/wp-content\/uploads\/2025\/06\/Captura-de-Tela-2025-06-25-as-12.46.41\u202fPM-768x483.png 768w, https:\/\/revistahubclub.com.br\/portal\/wp-content\/uploads\/2025\/06\/Captura-de-Tela-2025-06-25-as-12.46.41\u202fPM-1536x967.png 1536w\" sizes=\"auto, (max-width: 1840px) 100vw, 1840px\" \/><\/figure>\n\n\n<p><strong>Convite para a COP 30<\/strong><\/p>\n\n\n\n<p>Ainda durante a Semana do Meio Ambiente, reconhecido por suas pr\u00e1ticas consistentes em prol do desenvolvimento sustent\u00e1vel e pela capacidade de mobiliza\u00e7\u00e3o em rede, o <strong>Grupo Lima&amp;Pergher <\/strong>foi convidado para participar da <strong>COP\u202f30<\/strong>, um dos mais relevantes f\u00f3runs mundiais sobre mudan\u00e7as clim\u00e1ticas, que acontecer\u00e1 em Bel\u00e9m-PA, de 10 a 21 de novembro de 2025.<br><\/p>\n\n\n\n<h3 class=\"wp-block-heading\"><strong>Agir e transformar o futuro<\/strong><\/h3>\n\n\n\n<p>Com responsabilidade, inova\u00e7\u00e3o e colabora\u00e7\u00e3o, o <strong>Grupo Lima&amp;Pergher <\/strong>segue comprometido em construir um futuro melhor e mais equilibrado &#8211; para as pessoas e para o planeta.<br><br>Conhe\u00e7a mais sobre as <a href=\"https:\/\/www.startquimica.com.br\/pt-BR\/sustentabilidade\">a\u00e7\u00f5es sustent\u00e1veis do Grupo<\/a>.<\/p>\n","protected":false},"excerpt":{"rendered":"<p>Na Semana do Meio Ambiente, que aconteceu em Uberl\u00e2ndia na primeira semana de junho, o Grupo Lima&amp;Pergher reafirmou seu protagonismo em sustentabilidade ao ser destaque com dois importantes cases: o<\/p>\n","protected":false},"author":2,"featured_media":11552,"comment_status":"open","ping_status":"open","sticky":false,"template":"","format":"standard","meta":{"footnotes":""},"categories":[1],"tags":[522],"class_list":["post-11549","post","type-post","status-publish","format-standard","has-post-thumbnail","hentry","category-noticias","tag-grupo-limapergher"],"_links":{"self":[{"href":"https:\/\/revistahubclub.com.br\/portal\/wp-json\/wp\/v2\/posts\/11549","targetHints":{"allow":["GET"]}}],"collection":[{"href":"https:\/\/revistahubclub.com.br\/portal\/wp-json\/wp\/v2\/posts"}],"about":[{"href":"https:\/\/revistahubclub.com.br\/portal\/wp-json\/wp\/v2\/types\/post"}],"author":[{"embeddable":true,"href":"https:\/\/revistahubclub.com.br\/portal\/wp-json\/wp\/v2\/users\/2"}],"replies":[{"embeddable":true,"href":"https:\/\/revistahubclub.com.br\/portal\/wp-json\/wp\/v2\/comments?post=11549"}],"version-history":[{"count":1,"href":"https:\/\/revistahubclub.com.br\/portal\/wp-json\/wp\/v2\/posts\/11549\/revisions"}],"predecessor-version":[{"id":11553,"href":"https:\/\/revistahubclub.com.br\/portal\/wp-json\/wp\/v2\/posts\/11549\/revisions\/11553"}],"wp:featuredmedia":[{"embeddable":true,"href":"https:\/\/revistahubclub.com.br\/portal\/wp-json\/wp\/v2\/media\/11552"}],"wp:attachment":[{"href":"https:\/\/revistahubclub.com.br\/portal\/wp-json\/wp\/v2\/media?parent=11549"}],"wp:term":[{"taxonomy":"category","embeddable":true,"href":"https:\/\/revistahubclub.com.br\/portal\/wp-json\/wp\/v2\/categories?post=11549"},{"taxonomy":"post_tag","embeddable":true,"href":"https:\/\/revistahubclub.com.br\/portal\/wp-json\/wp\/v2\/tags?post=11549"}],"curies":[{"name":"wp","href":"https:\/\/api.w.org\/{rel}","templated":true}]}}