{"id":11577,"date":"2025-06-26T12:22:50","date_gmt":"2025-06-26T15:22:50","guid":{"rendered":"https:\/\/revistahubclub.com.br\/portal\/?p=11577"},"modified":"2025-06-26T12:22:50","modified_gmt":"2025-06-26T15:22:50","slug":"cine-familia-na-praca-reune-mais-de-4-600-pessoas-no-interior-de-minas-gerais","status":"publish","type":"post","link":"https:\/\/revistahubclub.com.br\/portal\/2025\/06\/26\/cine-familia-na-praca-reune-mais-de-4-600-pessoas-no-interior-de-minas-gerais\/","title":{"rendered":"Cine Fam\u00edlia na Pra\u00e7a re\u00fane mais de 4.600 pessoas no interior de Minas Gerais"},"content":{"rendered":"\n<p><em>Cinema ao ar livre leva cultura e divers\u00e3o para Ibi\u00e1, Santa Vit\u00f3ria, Concei\u00e7\u00e3o das Alagoas, Delta e Tupaciguara<\/em><\/p>\n\n\n\n<p>A 9\u00aa edi\u00e7\u00e3o do Cine Fam\u00edlia na Pra\u00e7a, evento itinerante realizado pela Moinho Cultural com patroc\u00ednio da Algar Telecom, por meio da Lei Estadual de Incentivo \u00e0 Cultura de Minas Gerais, levou a magia do cinema ao ar livre para cinco cidades do interior mineiro nos meses de maio e junho.<\/p>\n\n\n\n<p>Mais de 4.600 moradores de Ibi\u00e1, Santa Vit\u00f3ria, Concei\u00e7\u00e3o das Alagoas, Delta e Tupaciguara vivenciaram a experi\u00eancia de assistir gratuitamente a uma sele\u00e7\u00e3o de filmes emocionantes e inspiradores: <em>A Menina Espantalho<\/em>, <em>Big Bang<\/em>, <em>Marina N\u00e3o Vai \u00e0 Praia<\/em>, <em>Soneca e Jupa<\/em> e o longa-metragem <em>Kayara &#8211; A Princesa Inca<\/em>.<\/p>\n\n\n\n<p>Segundo Marcelo Mamede, coordenador do projeto e da produ\u00e7\u00e3o, o cuidado na escolha dos filmes e das cidades \u00e9 uma prioridade. &#8220;Procuramos sempre trazer obras recentes, com alta qualidade art\u00edstica e classifica\u00e7\u00e3o livre, para que toda a fam\u00edlia possa aproveitar. Para muitos, essa \u00e9 a primeira experi\u00eancia com o cinema, o que torna o momento ainda mais inesquec\u00edvel&#8221;, ressalta.<\/p>\n\n\n\n<p>O evento contou com uma infraestrutura de ponta: proje\u00e7\u00e3o a laser de alta defini\u00e7\u00e3o, com 20 mil l\u00famens e tela de 40 metros quadrados. O ambiente foi cuidadosamente montado com 600 cadeiras confort\u00e1veis, passarela com carpete vermelho e ilumina\u00e7\u00e3o c\u00eanica, criando um clima acolhedor e charmoso. Para tornar o evento acess\u00edvel a um p\u00fablico diversificado, foram adotadas medidas como legendas descritivas nos filmes, banheiros adaptados e \u00e1reas priorit\u00e1rias para pessoas com defici\u00eancia, gr\u00e1vidas e idosos.<\/p>\n\n\n\n<p>Marco T\u00falio Morais, diretor de programa\u00e7\u00e3o, refor\u00e7a a proposta do projeto. &#8220;O Cine Fam\u00edlia na Pra\u00e7a \u00e9 mais do que uma sess\u00e3o de cinema; \u00e9 um convite \u00e0 conviv\u00eancia familiar em locais p\u00fablicos, cercado de arte e alegria. \u00c9 emocionante ver fam\u00edlias inteiras \u2013 m\u00e3es, pais, av\u00f3s e crian\u00e7as \u2013 chegando com cobertores e almofadas, prontas para compartilhar momentos \u00fanicos.&#8221;<\/p>\n\n\n\n<p>O evento tem o apoio das prefeituras municipais, por meio de suas secretarias de cultura, consolidando-se como uma experi\u00eancia cultural inesquec\u00edvel, vivida em fam\u00edlia, a c\u00e9u aberto, com total seguran\u00e7a e tranquilidade.<\/p>\n\n\n\n<p><strong>Sobre a Algar Telecom<\/strong><\/p>\n\n\n\n<p>A Algar Telecom, empresa do grupo Algar, oferece solu\u00e7\u00f5es completas de TIC (Tecnologia da Informa\u00e7\u00e3o e Comunica\u00e7\u00e3o) em 16 estados do Brasil e no Distrito Federal. Com um amplo portf\u00f3lio voltado para clientes corporativos (B2B) e do varejo (B2C), a companhia disponibiliza internet de ultravelocidade por fibra \u00f3ptica, celular de qualidade, voz e dados, servi\u00e7os de Tecnologia da Informa\u00e7\u00e3o (TI), incluindo cloud, de seguran\u00e7a de redes e sistemas de gest\u00e3o para pequenas empresas. Al\u00e9m disso, suas solu\u00e7\u00f5es em IoT podem ser aplicadas em diversas \u00e1reas, como cidades inteligentes, agroneg\u00f3cio, ind\u00fastria 4.0 e sa\u00fade.&nbsp;<\/p>\n\n\n\n<p>Com 71 anos de mercado, possui uma moderna infraestrutura, suportada por uma rede de 137 mil km de fibra \u00f3ptica que serve, atualmente, mais de 372 cidades, em 16 estados do Brasil e no Distrito Federal. Para todos esses locais, a empresa investe em um atendimento personalizado, consultivo e eficaz para entregar cada vez mais qualidade aos clientes.&nbsp;<\/p>\n\n\n\n<p>Companhia aberta, n\u00e3o listada em bolsa desde 2007, a Algar Telecom se compromete com as melhores pr\u00e1ticas de governan\u00e7a corporativa. S\u00e3o mais de 4,2 mil associados &#8211; como s\u00e3o chamados os colaboradores da empresa &#8211; comprometidos em manter um relacionamento pr\u00f3ximo com seus clientes e alta qualidade na presta\u00e7\u00e3o de servi\u00e7os, com pr\u00e1ticas sustent\u00e1veis e inovadora.<\/p>\n\n\n\n<p><strong>Sobre a Moinho Cultural<\/strong><\/p>\n\n\n\n<p>Fundada h\u00e1 20 anos, a Moinho Cultural \u00e9 uma produtora que atende empresas patrocinadoras, ag\u00eancias de Publicidade e de Rela\u00e7\u00f5es P\u00fablicas com a disponibiliza\u00e7\u00e3o de projetos pr\u00f3prios para patroc\u00ednio e tamb\u00e9m cria\u00e7\u00e3o de projetos sob medida, sempre alinhados \u00e0s estrat\u00e9gias de comunica\u00e7\u00e3o do cliente, gerando entregas de qualidade que favore\u00e7am a visibilidade, fortalecimento e reputa\u00e7\u00e3o de marca. Al\u00e9m do Cine Fam\u00edlia na Pra\u00e7a, possui em seu portf\u00f3lio projetos de sucesso como: Festival de Inverno da Serra da Canastra; Fundinho Festival \u2013 Jazz e Blues; Divers\u00e3o e Arte: M\u00fasica para Crian\u00e7as de Todas as Idades; Arax\u00e1 Festival \u2013 Jazz e Blues; e Expresso Liter\u00e1rio, totalizando 55 eventos realizados em 23 diferentes munic\u00edpios, para um p\u00fablico de cerca de 183 mil pessoas.<\/p>\n","protected":false},"excerpt":{"rendered":"<p>Cinema ao ar livre leva cultura e divers\u00e3o para Ibi\u00e1, Santa Vit\u00f3ria, Concei\u00e7\u00e3o das Alagoas, Delta e Tupaciguara A 9\u00aa edi\u00e7\u00e3o do Cine Fam\u00edlia na Pra\u00e7a, evento itinerante realizado pela<\/p>\n","protected":false},"author":3,"featured_media":11578,"comment_status":"open","ping_status":"open","sticky":false,"template":"","format":"standard","meta":{"footnotes":""},"categories":[1],"tags":[],"class_list":["post-11577","post","type-post","status-publish","format-standard","has-post-thumbnail","hentry","category-noticias"],"_links":{"self":[{"href":"https:\/\/revistahubclub.com.br\/portal\/wp-json\/wp\/v2\/posts\/11577","targetHints":{"allow":["GET"]}}],"collection":[{"href":"https:\/\/revistahubclub.com.br\/portal\/wp-json\/wp\/v2\/posts"}],"about":[{"href":"https:\/\/revistahubclub.com.br\/portal\/wp-json\/wp\/v2\/types\/post"}],"author":[{"embeddable":true,"href":"https:\/\/revistahubclub.com.br\/portal\/wp-json\/wp\/v2\/users\/3"}],"replies":[{"embeddable":true,"href":"https:\/\/revistahubclub.com.br\/portal\/wp-json\/wp\/v2\/comments?post=11577"}],"version-history":[{"count":1,"href":"https:\/\/revistahubclub.com.br\/portal\/wp-json\/wp\/v2\/posts\/11577\/revisions"}],"predecessor-version":[{"id":11579,"href":"https:\/\/revistahubclub.com.br\/portal\/wp-json\/wp\/v2\/posts\/11577\/revisions\/11579"}],"wp:featuredmedia":[{"embeddable":true,"href":"https:\/\/revistahubclub.com.br\/portal\/wp-json\/wp\/v2\/media\/11578"}],"wp:attachment":[{"href":"https:\/\/revistahubclub.com.br\/portal\/wp-json\/wp\/v2\/media?parent=11577"}],"wp:term":[{"taxonomy":"category","embeddable":true,"href":"https:\/\/revistahubclub.com.br\/portal\/wp-json\/wp\/v2\/categories?post=11577"},{"taxonomy":"post_tag","embeddable":true,"href":"https:\/\/revistahubclub.com.br\/portal\/wp-json\/wp\/v2\/tags?post=11577"}],"curies":[{"name":"wp","href":"https:\/\/api.w.org\/{rel}","templated":true}]}}