{"id":11597,"date":"2025-07-01T11:39:00","date_gmt":"2025-07-01T14:39:00","guid":{"rendered":"https:\/\/revistahubclub.com.br\/portal\/?p=11597"},"modified":"2025-07-01T22:55:31","modified_gmt":"2025-07-02T01:55:31","slug":"o-arquiteto-como-ceo","status":"publish","type":"post","link":"https:\/\/revistahubclub.com.br\/portal\/2025\/07\/01\/o-arquiteto-como-ceo\/","title":{"rendered":"O arquiteto como CEO"},"content":{"rendered":"\n<p>Li\u00e7\u00f5es de gest\u00e3o de grandes escrit\u00f3rios para pequenos empreendedores<\/p>\n\n\n\n<p><strong><em>La\u00edta Alves | Fotos Divulga\u00e7\u00e3o<\/em><\/strong><\/p>\n\n\n\n<p>No imagin\u00e1rio popular, o arquiteto \u00e9 o criativo solit\u00e1rio, dono de uma prancheta e muitas ideias. Mas no mundo real dos neg\u00f3cios, os profissionais que mais se destacam s\u00e3o aqueles que compreendem que talento t\u00e9cnico n\u00e3o basta: \u00e9 preciso liderar como um CEO.<\/p>\n\n\n\n<p>Grandes escrit\u00f3rios de arquitetura do Brasil e do mundo, como o FGMF, Bernardes Arquitetura ou BIG, n\u00e3o cresceram apenas por seus projetos ic\u00f4nicos, mas pela gest\u00e3o empresarial afiada. Eles operam como empresas \u2014 com planejamento estrat\u00e9gico, metas, cultura organizacional forte, posicionamento de marca e intelig\u00eancia financeira.<\/p>\n\n\n\n<p>Esse mindset \u00e9 aplic\u00e1vel tamb\u00e9m aos pequenos empreendedores. O arquiteto que deseja escalar precisa se ver como l\u00edder de um neg\u00f3cio: entender de marketing, gest\u00e3o de equipe, experi\u00eancia do cliente e, principalmente, saber delegar. Muitos permanecem presos ao operacional e n\u00e3o percebem que o crescimento exige foco no estrat\u00e9gico.<\/p>\n\n\n\n<p>Assumir o papel de CEO \u00e9 sair do est\u00fadio e entrar na sala de decis\u00f5es. \u00c9 criar processos, pensar em margem de lucro, formar times complementares e investir na autoridade da marca pessoal. Liderar um escrit\u00f3rio \u00e9 mais do que projetar edif\u00edcios \u2014 \u00e9 construir um legado.<\/p>\n\n\n\n<p>Quando o arquiteto se posiciona como gestor, ele ganha f\u00f4lego para inovar, atrair grandes clientes e ocupar seu lugar como refer\u00eancia no mercado. Afinal, t\u00e3o importante quanto criar espa\u00e7os \u00e9 saber comandar o pr\u00f3prio caminho.<\/p>\n\n\n\n<p>Esse movimento de profissionaliza\u00e7\u00e3o da arquitetura \u00e9 irrevers\u00edvel \u2014 e necess\u00e1rio. A era do \u201carquiteto artista e desorganizado\u201d ficou para tr\u00e1s. Hoje, quem lidera com vis\u00e3o empreendedora conquista espa\u00e7o, solidez e liberdade. Ser arquiteto e CEO \u00e9 unir sensibilidade est\u00e9tica \u00e0 intelig\u00eancia de neg\u00f3cios. E essa combina\u00e7\u00e3o \u00e9, sem d\u00favida, a nova forma de fazer hist\u00f3ria na profiss\u00e3o.<\/p>\n\n\n\n<p><strong>La\u00edta Alves \u00e9 arquiteta, fundadora da Cubo Arquitetura.<br>@bloguelalasouto<\/strong><\/p>\n\n\n<figure class=\"wp-block-post-featured-image\"><img loading=\"lazy\" decoding=\"async\" width=\"2346\" height=\"1100\" src=\"https:\/\/revistahubclub.com.br\/portal\/wp-content\/uploads\/2025\/07\/Captura-de-Tela-2025-07-01-as-10.40.57\u202fPM.png\" class=\"attachment-post-thumbnail size-post-thumbnail wp-post-image\" alt=\"\" style=\"object-fit:cover;\" srcset=\"https:\/\/revistahubclub.com.br\/portal\/wp-content\/uploads\/2025\/07\/Captura-de-Tela-2025-07-01-as-10.40.57\u202fPM.png 2346w, https:\/\/revistahubclub.com.br\/portal\/wp-content\/uploads\/2025\/07\/Captura-de-Tela-2025-07-01-as-10.40.57\u202fPM-300x141.png 300w, https:\/\/revistahubclub.com.br\/portal\/wp-content\/uploads\/2025\/07\/Captura-de-Tela-2025-07-01-as-10.40.57\u202fPM-1024x480.png 1024w, https:\/\/revistahubclub.com.br\/portal\/wp-content\/uploads\/2025\/07\/Captura-de-Tela-2025-07-01-as-10.40.57\u202fPM-768x360.png 768w, https:\/\/revistahubclub.com.br\/portal\/wp-content\/uploads\/2025\/07\/Captura-de-Tela-2025-07-01-as-10.40.57\u202fPM-1536x720.png 1536w, https:\/\/revistahubclub.com.br\/portal\/wp-content\/uploads\/2025\/07\/Captura-de-Tela-2025-07-01-as-10.40.57\u202fPM-2048x960.png 2048w\" sizes=\"auto, (max-width: 2346px) 100vw, 2346px\" \/><\/figure>","protected":false},"excerpt":{"rendered":"<p>Li\u00e7\u00f5es de gest\u00e3o de grandes escrit\u00f3rios para pequenos empreendedores La\u00edta Alves | Fotos Divulga\u00e7\u00e3o No imagin\u00e1rio popular, o arquiteto \u00e9 o criativo solit\u00e1rio, dono de uma prancheta e muitas ideias.<\/p>\n","protected":false},"author":2,"featured_media":11598,"comment_status":"open","ping_status":"open","sticky":false,"template":"","format":"standard","meta":{"footnotes":""},"categories":[1],"tags":[533],"class_list":["post-11597","post","type-post","status-publish","format-standard","has-post-thumbnail","hentry","category-noticias","tag-arquiteto"],"_links":{"self":[{"href":"https:\/\/revistahubclub.com.br\/portal\/wp-json\/wp\/v2\/posts\/11597","targetHints":{"allow":["GET"]}}],"collection":[{"href":"https:\/\/revistahubclub.com.br\/portal\/wp-json\/wp\/v2\/posts"}],"about":[{"href":"https:\/\/revistahubclub.com.br\/portal\/wp-json\/wp\/v2\/types\/post"}],"author":[{"embeddable":true,"href":"https:\/\/revistahubclub.com.br\/portal\/wp-json\/wp\/v2\/users\/2"}],"replies":[{"embeddable":true,"href":"https:\/\/revistahubclub.com.br\/portal\/wp-json\/wp\/v2\/comments?post=11597"}],"version-history":[{"count":1,"href":"https:\/\/revistahubclub.com.br\/portal\/wp-json\/wp\/v2\/posts\/11597\/revisions"}],"predecessor-version":[{"id":11599,"href":"https:\/\/revistahubclub.com.br\/portal\/wp-json\/wp\/v2\/posts\/11597\/revisions\/11599"}],"wp:featuredmedia":[{"embeddable":true,"href":"https:\/\/revistahubclub.com.br\/portal\/wp-json\/wp\/v2\/media\/11598"}],"wp:attachment":[{"href":"https:\/\/revistahubclub.com.br\/portal\/wp-json\/wp\/v2\/media?parent=11597"}],"wp:term":[{"taxonomy":"category","embeddable":true,"href":"https:\/\/revistahubclub.com.br\/portal\/wp-json\/wp\/v2\/categories?post=11597"},{"taxonomy":"post_tag","embeddable":true,"href":"https:\/\/revistahubclub.com.br\/portal\/wp-json\/wp\/v2\/tags?post=11597"}],"curies":[{"name":"wp","href":"https:\/\/api.w.org\/{rel}","templated":true}]}}