{"id":11809,"date":"2025-07-29T10:40:38","date_gmt":"2025-07-29T13:40:38","guid":{"rendered":"https:\/\/revistahubclub.com.br\/portal\/?p=11809"},"modified":"2025-07-29T10:40:38","modified_gmt":"2025-07-29T13:40:38","slug":"uberlandia-recebe-show-da-turne-internacional-do-saxofonista-mocambicano-ivan-mazuze-no-pre-fundinho-festival","status":"publish","type":"post","link":"https:\/\/revistahubclub.com.br\/portal\/2025\/07\/29\/uberlandia-recebe-show-da-turne-internacional-do-saxofonista-mocambicano-ivan-mazuze-no-pre-fundinho-festival\/","title":{"rendered":"Uberl\u00e2ndia recebe show da turn\u00ea internacional do saxofonista mo\u00e7ambicano Ivan Mazuze no Pr\u00e9-Fundinho Festival"},"content":{"rendered":"\n<p><em>Evento ser\u00e1 no dia 1\u00ba de agosto, no Espa\u00e7o de Eventos \u00dcBERB\u00c4U, com quatro atra\u00e7\u00f5es musicais<\/em><\/p>\n\n\n\n<p>Uberl\u00e2ndia ser\u00e1 uma das tr\u00eas cidades brasileiras a receber a turn\u00ea internacional do saxofonista mo\u00e7ambicano radicado na Noruega Ivan Mazuze, reconhecido por fundir jazz contempor\u00e2neo com ritmos africanos, \u00e1rabes e indianos. No dia 1\u00ba de agosto, ele sobe ao palco do Pr\u00e9-Fundinho Festival, ao lado de m\u00fasicos de peso como Ney Concei\u00e7\u00e3o (contrabaixo), Carlos Bala (bateria) e Tiago Martins (guitarra), em uma noite hist\u00f3rica para os amantes da boa m\u00fasica.<\/p>\n\n\n\n<p>O show, que ser\u00e1 realizado no Espa\u00e7o de Eventos \u00dcBERB\u00c4U, \u00e9 uma pr\u00e9via da 9\u00aa edi\u00e7\u00e3o do Fundinho Festival \u2014 um dos mais importantes festivais de jazz e blues do interior de Minas Gerais que neste ano acontecer\u00e1 em setembro.<\/p>\n\n\n\n<p>Mazuze promete uma apresenta\u00e7\u00e3o intensa, marcada pela improvisa\u00e7\u00e3o, troca cultural e a celebra\u00e7\u00e3o da linguagem universal da m\u00fasica. O show contar\u00e1 com repert\u00f3rio autoral, al\u00e9m de releituras que atravessam fronteiras sonoras e geogr\u00e1ficas. O seu mais recente \u00e1lbum, Penuka, vem sendo aclamado por explorar di\u00e1logos entre tradi\u00e7\u00f5es \u00e1rabes, indianas e africanas, com um toque moderno e sofisticado. Com passagens por palcos da Europa, Am\u00e9rica Latina e \u00c1frica, Ivan traz para Uberl\u00e2ndia a pot\u00eancia de sua world music, em uma apresenta\u00e7\u00e3o marcada pela conex\u00e3o entre culturas.<\/p>\n\n\n\n<p>Al\u00e9m do quarteto, o p\u00fablico poder\u00e1 curtir ainda o som do Sexteto Uberabinha, o pocket show do blues CONGADAjazz e a discotecagem de Marcus Tulius, com o groove do merece uma agulha.<\/p>\n\n\n\n<p>\u201c\u00c9 uma honra receber um artista como Ivan Mazuze em Uberl\u00e2ndia e, justamente num momento em que celebramos tamb\u00e9m a m\u00fasica instrumental de qualidade. O Pr\u00e9-Fundinho abre alas para o festival oficial e j\u00e1 chega com o p\u00e9 direito, reunindo talentos consagrados e muita diversidade sonora\u201d, destaca Marcelo Mamede, coordenador do festival.<\/p>\n\n\n\n<p>Os ingressos solid\u00e1rios podem ser adquiridos juntamente com a doa\u00e7\u00e3o de 1 kg de alimento n\u00e3o perec\u00edvel pelo Sympla: <a href=\"https:\/\/d.docs.live.net\/8d02f3302a2e5834\/Fundinho%20Festival\/2025\/Releases\/Release%2002.docx\">https:\/\/d.docs.live.net\/8d02f3302a2e5834\/Fundinho%20Festival\/2025\/Releases\/Release%2002.docx<\/a><\/p>\n\n\n\n<p><strong>Servi\u00e7o:<\/strong><\/p>\n\n\n\n<p>Pr\u00e9 Fundinho Festival Jazz e Blues<br>1\u00ba de agosto<br>Abertura da casa com discotecagem merece uma agulha 18h, encerramento \u00e0 01h<br>Espa\u00e7o de Eventos \u00dcBERB\u00c4U &#8211; Avenida Espanha 377, bairro Tibery (ao lado da f\u00e1brica)<br>Evento para maiores de 18 anos<br>Mais informa\u00e7\u00f5es: @fundinhofestival<\/p>\n","protected":false},"excerpt":{"rendered":"<p>Evento ser\u00e1 no dia 1\u00ba de agosto, no Espa\u00e7o de Eventos \u00dcBERB\u00c4U, com quatro atra\u00e7\u00f5es musicais Uberl\u00e2ndia ser\u00e1 uma das tr\u00eas cidades brasileiras a receber a turn\u00ea internacional do saxofonista<\/p>\n","protected":false},"author":3,"featured_media":11810,"comment_status":"open","ping_status":"open","sticky":false,"template":"","format":"standard","meta":{"footnotes":""},"categories":[1],"tags":[],"class_list":["post-11809","post","type-post","status-publish","format-standard","has-post-thumbnail","hentry","category-noticias"],"_links":{"self":[{"href":"https:\/\/revistahubclub.com.br\/portal\/wp-json\/wp\/v2\/posts\/11809","targetHints":{"allow":["GET"]}}],"collection":[{"href":"https:\/\/revistahubclub.com.br\/portal\/wp-json\/wp\/v2\/posts"}],"about":[{"href":"https:\/\/revistahubclub.com.br\/portal\/wp-json\/wp\/v2\/types\/post"}],"author":[{"embeddable":true,"href":"https:\/\/revistahubclub.com.br\/portal\/wp-json\/wp\/v2\/users\/3"}],"replies":[{"embeddable":true,"href":"https:\/\/revistahubclub.com.br\/portal\/wp-json\/wp\/v2\/comments?post=11809"}],"version-history":[{"count":1,"href":"https:\/\/revistahubclub.com.br\/portal\/wp-json\/wp\/v2\/posts\/11809\/revisions"}],"predecessor-version":[{"id":11811,"href":"https:\/\/revistahubclub.com.br\/portal\/wp-json\/wp\/v2\/posts\/11809\/revisions\/11811"}],"wp:featuredmedia":[{"embeddable":true,"href":"https:\/\/revistahubclub.com.br\/portal\/wp-json\/wp\/v2\/media\/11810"}],"wp:attachment":[{"href":"https:\/\/revistahubclub.com.br\/portal\/wp-json\/wp\/v2\/media?parent=11809"}],"wp:term":[{"taxonomy":"category","embeddable":true,"href":"https:\/\/revistahubclub.com.br\/portal\/wp-json\/wp\/v2\/categories?post=11809"},{"taxonomy":"post_tag","embeddable":true,"href":"https:\/\/revistahubclub.com.br\/portal\/wp-json\/wp\/v2\/tags?post=11809"}],"curies":[{"name":"wp","href":"https:\/\/api.w.org\/{rel}","templated":true}]}}