{"id":11814,"date":"2025-07-29T16:13:40","date_gmt":"2025-07-29T19:13:40","guid":{"rendered":"https:\/\/revistahubclub.com.br\/portal\/?p=11814"},"modified":"2025-07-29T16:13:40","modified_gmt":"2025-07-29T19:13:40","slug":"cdl-uberlandia-incentiva-uso-da-central-de-apoio-ao-empresario-como-canal-direto-de-dialogo-e-acao","status":"publish","type":"post","link":"https:\/\/revistahubclub.com.br\/portal\/2025\/07\/29\/cdl-uberlandia-incentiva-uso-da-central-de-apoio-ao-empresario-como-canal-direto-de-dialogo-e-acao\/","title":{"rendered":"CDL Uberl\u00e2ndia incentiva uso da Central de Apoio ao Empres\u00e1rio como canal direto de di\u00e1logo e a\u00e7\u00e3o"},"content":{"rendered":"\n<p><br><em>Plataforma oferece suporte jur\u00eddico, pol\u00edtico e institucional para associados enfrentarem desafios e promoverem melhorias coletivas<\/em>\u00a0<\/p>\n\n\n\n<p>Com o objetivo de ampliar a voz da iniciativa privada e fortalecer o setor produtivo local, a CDL Uberl\u00e2ndia disponibiliza a Central de Apoio ao Empres\u00e1rio, um canal exclusivo para associados compartilharem d\u00favidas, solicita\u00e7\u00f5es, reclama\u00e7\u00f5es e sugest\u00f5es relacionadas ao ambiente de neg\u00f3cios da cidade.&nbsp;<\/p>\n\n\n\n<p>A plataforma foi criada para oferecer acolhimento e respostas r\u00e1pidas a demandas cotidianas dos empres\u00e1rios, promovendo um espa\u00e7o de escuta ativa e atua\u00e7\u00e3o estrat\u00e9gica. A equipe t\u00e9cnica da CDL, &nbsp;com suporte jur\u00eddico, pol\u00edtico e institucional, est\u00e1 preparada para atender desde quest\u00f5es pontuais de uma empresa at\u00e9 a\u00e7\u00f5es mais amplas, como articula\u00e7\u00f5es com o poder p\u00fablico e encaminhamentos coletivos.&nbsp;<\/p>\n\n\n\n<p>\u201cA central de atendimento tem o prop\u00f3sito de trabalhar para viabilizar o debate. Acreditamos que todo esfor\u00e7o conjunto pode transformar realidades, e toda mudan\u00e7a come\u00e7a por pequenas a\u00e7\u00f5es\u201d, destaca o presidente da CDL Uberl\u00e2ndia, Paulo Vitiello.&nbsp;&nbsp;&nbsp;<\/p>\n\n\n\n<p>Segundo&nbsp;o presidente, a Central representa mais do que um canal de atendimento, \u00e9 um instrumento de mobiliza\u00e7\u00e3o e representatividade. \u201cA voz do setor produtivo aqui na CDL, que acima de tudo, existe para ecoar mudan\u00e7as e fazer com que pautas importantes para o desenvolvimento econ\u00f4mico sejam consideradas, defendidas e conquistadas\u201d, afirma Paulo.&nbsp;<\/p>\n\n\n\n<p>O acesso \u00e0 Central de Apoio ao Empres\u00e1rio \u00e9 simples: basta acessar o link <strong><a href=\"http:\/\/cdluberlandia.cdludi.org.br\/cdlcentral\" target=\"_blank\" rel=\"noreferrer noopener\">cdluberlandia.cdludi.org.br\/cdlcentral<\/a><\/strong> e preencher o formul\u00e1rio dispon\u00edvel na p\u00e1gina inicial. Todos os relatos ser\u00e3o analisados e encaminhados conforme sua natureza e complexidade.<\/p>\n\n\n<figure class=\"wp-block-post-featured-image\"><img loading=\"lazy\" decoding=\"async\" width=\"428\" height=\"333\" src=\"https:\/\/revistahubclub.com.br\/portal\/wp-content\/uploads\/2025\/07\/cae.png\" class=\"attachment-post-thumbnail size-post-thumbnail wp-post-image\" alt=\"\" style=\"object-fit:cover;\" srcset=\"https:\/\/revistahubclub.com.br\/portal\/wp-content\/uploads\/2025\/07\/cae.png 428w, https:\/\/revistahubclub.com.br\/portal\/wp-content\/uploads\/2025\/07\/cae-300x233.png 300w\" sizes=\"auto, (max-width: 428px) 100vw, 428px\" \/><\/figure>","protected":false},"excerpt":{"rendered":"<p>Plataforma oferece suporte jur\u00eddico, pol\u00edtico e institucional para associados enfrentarem desafios e promoverem melhorias coletivas\u00a0 Com o objetivo de ampliar a voz da iniciativa privada e fortalecer o setor produtivo<\/p>\n","protected":false},"author":2,"featured_media":11815,"comment_status":"open","ping_status":"open","sticky":false,"template":"","format":"standard","meta":{"footnotes":""},"categories":[1],"tags":[],"class_list":["post-11814","post","type-post","status-publish","format-standard","has-post-thumbnail","hentry","category-noticias"],"_links":{"self":[{"href":"https:\/\/revistahubclub.com.br\/portal\/wp-json\/wp\/v2\/posts\/11814","targetHints":{"allow":["GET"]}}],"collection":[{"href":"https:\/\/revistahubclub.com.br\/portal\/wp-json\/wp\/v2\/posts"}],"about":[{"href":"https:\/\/revistahubclub.com.br\/portal\/wp-json\/wp\/v2\/types\/post"}],"author":[{"embeddable":true,"href":"https:\/\/revistahubclub.com.br\/portal\/wp-json\/wp\/v2\/users\/2"}],"replies":[{"embeddable":true,"href":"https:\/\/revistahubclub.com.br\/portal\/wp-json\/wp\/v2\/comments?post=11814"}],"version-history":[{"count":1,"href":"https:\/\/revistahubclub.com.br\/portal\/wp-json\/wp\/v2\/posts\/11814\/revisions"}],"predecessor-version":[{"id":11816,"href":"https:\/\/revistahubclub.com.br\/portal\/wp-json\/wp\/v2\/posts\/11814\/revisions\/11816"}],"wp:featuredmedia":[{"embeddable":true,"href":"https:\/\/revistahubclub.com.br\/portal\/wp-json\/wp\/v2\/media\/11815"}],"wp:attachment":[{"href":"https:\/\/revistahubclub.com.br\/portal\/wp-json\/wp\/v2\/media?parent=11814"}],"wp:term":[{"taxonomy":"category","embeddable":true,"href":"https:\/\/revistahubclub.com.br\/portal\/wp-json\/wp\/v2\/categories?post=11814"},{"taxonomy":"post_tag","embeddable":true,"href":"https:\/\/revistahubclub.com.br\/portal\/wp-json\/wp\/v2\/tags?post=11814"}],"curies":[{"name":"wp","href":"https:\/\/api.w.org\/{rel}","templated":true}]}}