{"id":11839,"date":"2025-07-31T10:22:56","date_gmt":"2025-07-31T13:22:56","guid":{"rendered":"https:\/\/revistahubclub.com.br\/portal\/?p=11839"},"modified":"2025-07-31T10:22:56","modified_gmt":"2025-07-31T13:22:56","slug":"casos-de-alergias-respiratorias-exigem-mais-atencao-com-a-chegada-do-inverno","status":"publish","type":"post","link":"https:\/\/revistahubclub.com.br\/portal\/2025\/07\/31\/casos-de-alergias-respiratorias-exigem-mais-atencao-com-a-chegada-do-inverno\/","title":{"rendered":"Casos de alergias respirat\u00f3rias exigem mais aten\u00e7\u00e3o com a chegada do inverno"},"content":{"rendered":"\n<p>Especialista alerta para o impacto do clima seco e do ac\u00famulo de poeira em casa; veja dicas pr\u00e1ticas para prevenir crises<\/p>\n\n\n\n<p>O inverno chegou e, com ele, aumentam os espirros, coriza, prurido e obstru\u00e7\u00e3o nasal \u2013 sintomas que se tornam ainda mais frequentes entre pacientes com alergias respirat\u00f3rias. Segundo a alergista pedi\u00e1trica e m\u00e9dica cooperada da Unimed Uberl\u00e2ndia, Dra. Mariana Amorim, fatores como o \u00e1caro da poeira dom\u00e9stica, pelos de animais e mofo s\u00e3o os grandes vil\u00f5es dessa \u00e9poca do ano.<br>\u201cSem d\u00favida, os pacientes al\u00e9rgicos sofrem mais no inverno. Por isso, \u00e9 essencial ter um olhar especial para o ambiente dom\u00e9stico, aliado ao uso cont\u00ednuo da medica\u00e7\u00e3o prescrita pelo m\u00e9dico\u201d, refor\u00e7a a especialista. De acordo com a Dra. Mariana, algumas atitudes simples podem fazer toda a diferen\u00e7a na redu\u00e7\u00e3o de crises al\u00e9rgicas.<br>Entre as principais recomenda\u00e7\u00f5es da especialista est\u00e3o os seguintes comportamentos:<br>Manter o ambiente livre de tapetes, cortinas e bichos de pel\u00facia, que acumulam poeira e \u00e1caros.<br>Limpar a casa com pano \u00famido ou jogar \u00e1gua, evitando espanador e vassouras comuns que levantam part\u00edculas no ar.<br>Usar aspirador de p\u00f3 com filtro adequado, capaz de reter part\u00edculas menores.<br>Ventilar a casa diariamente, mantendo as janelas abertas sempre que poss\u00edvel.<br>Utilizar capas anti\u00e1caro em colch\u00f5es e travesseiros, al\u00e9m de produtos acaricidas quando recomendados.<br>Realizar a higiene nasal com dispositivos adequados para cada idade, ajudando a remover part\u00edculas, v\u00edrus e bact\u00e9rias e favorecendo o bom funcionamento das vias a\u00e9reas.<br>\u201cAmbientes bem arejados melhoram a qualidade do ar e reduzem o risco de doen\u00e7as respirat\u00f3rias como a rinite al\u00e9rgica\u201d, explica a m\u00e9dica. Ela destaca ainda que a higiene nasal deve ser parte da rotina di\u00e1ria, especialmente em per\u00edodos mais secos. \u201cPara cuidar melhor da sa\u00fade respirat\u00f3ria, n\u00e3o hesite em procurar seu m\u00e9dico. O acompanhamento \u00e9 fundamental para controle dos sintomas e qualidade de vida\u201d, conclui a Dra. Mariana Amorim.<br>A Unimed Uberl\u00e2ndia tamb\u00e9m preparou, em suas redes sociais, conte\u00fados especiais para ajudar fam\u00edlias a protegerem a sa\u00fade durante o inverno, mostrando que n\u00e3o \u00e9 poss\u00edvel controlar todos os gatilhos, mas \u00e9 poss\u00edvel transformar a pr\u00f3pria casa em um ambiente mais seguro.<\/p>\n\n\n<figure class=\"wp-block-post-featured-image\"><img loading=\"lazy\" decoding=\"async\" width=\"640\" height=\"640\" src=\"https:\/\/revistahubclub.com.br\/portal\/wp-content\/uploads\/2025\/07\/WhatsApp-Image-2025-07-25-at-12.21.37.jpeg\" class=\"attachment-post-thumbnail size-post-thumbnail wp-post-image\" alt=\"\" style=\"object-fit:cover;\" srcset=\"https:\/\/revistahubclub.com.br\/portal\/wp-content\/uploads\/2025\/07\/WhatsApp-Image-2025-07-25-at-12.21.37.jpeg 640w, https:\/\/revistahubclub.com.br\/portal\/wp-content\/uploads\/2025\/07\/WhatsApp-Image-2025-07-25-at-12.21.37-300x300.jpeg 300w, https:\/\/revistahubclub.com.br\/portal\/wp-content\/uploads\/2025\/07\/WhatsApp-Image-2025-07-25-at-12.21.37-150x150.jpeg 150w\" sizes=\"auto, (max-width: 640px) 100vw, 640px\" \/><\/figure>","protected":false},"excerpt":{"rendered":"<p>Especialista alerta para o impacto do clima seco e do ac\u00famulo de poeira em casa; veja dicas pr\u00e1ticas para prevenir crises O inverno chegou e, com ele, aumentam os espirros,<\/p>\n","protected":false},"author":2,"featured_media":11840,"comment_status":"open","ping_status":"open","sticky":false,"template":"","format":"standard","meta":{"footnotes":""},"categories":[1],"tags":[597,596],"class_list":["post-11839","post","type-post","status-publish","format-standard","has-post-thumbnail","hentry","category-noticias","tag-doencas-respiratorias","tag-frio"],"_links":{"self":[{"href":"https:\/\/revistahubclub.com.br\/portal\/wp-json\/wp\/v2\/posts\/11839","targetHints":{"allow":["GET"]}}],"collection":[{"href":"https:\/\/revistahubclub.com.br\/portal\/wp-json\/wp\/v2\/posts"}],"about":[{"href":"https:\/\/revistahubclub.com.br\/portal\/wp-json\/wp\/v2\/types\/post"}],"author":[{"embeddable":true,"href":"https:\/\/revistahubclub.com.br\/portal\/wp-json\/wp\/v2\/users\/2"}],"replies":[{"embeddable":true,"href":"https:\/\/revistahubclub.com.br\/portal\/wp-json\/wp\/v2\/comments?post=11839"}],"version-history":[{"count":1,"href":"https:\/\/revistahubclub.com.br\/portal\/wp-json\/wp\/v2\/posts\/11839\/revisions"}],"predecessor-version":[{"id":11841,"href":"https:\/\/revistahubclub.com.br\/portal\/wp-json\/wp\/v2\/posts\/11839\/revisions\/11841"}],"wp:featuredmedia":[{"embeddable":true,"href":"https:\/\/revistahubclub.com.br\/portal\/wp-json\/wp\/v2\/media\/11840"}],"wp:attachment":[{"href":"https:\/\/revistahubclub.com.br\/portal\/wp-json\/wp\/v2\/media?parent=11839"}],"wp:term":[{"taxonomy":"category","embeddable":true,"href":"https:\/\/revistahubclub.com.br\/portal\/wp-json\/wp\/v2\/categories?post=11839"},{"taxonomy":"post_tag","embeddable":true,"href":"https:\/\/revistahubclub.com.br\/portal\/wp-json\/wp\/v2\/tags?post=11839"}],"curies":[{"name":"wp","href":"https:\/\/api.w.org\/{rel}","templated":true}]}}