{"id":12074,"date":"2025-09-10T16:11:47","date_gmt":"2025-09-10T19:11:47","guid":{"rendered":"https:\/\/revistahubclub.com.br\/portal\/?p=12074"},"modified":"2025-09-10T16:11:47","modified_gmt":"2025-09-10T19:11:47","slug":"fundinho-festival-celebra-centenario-do-coreto-municipal-e-atrai-oito-mil-pessoas-em-uberlandia","status":"publish","type":"post","link":"https:\/\/revistahubclub.com.br\/portal\/2025\/09\/10\/fundinho-festival-celebra-centenario-do-coreto-municipal-e-atrai-oito-mil-pessoas-em-uberlandia\/","title":{"rendered":"Fundinho Festival celebra centen\u00e1rio do Coreto Municipal e atrai oito mil pessoas em Uberl\u00e2ndia"},"content":{"rendered":"\n<p><em>Evento gratuito de jazz e blues transformou a Pra\u00e7a Clarimundo Carneiro em ponto de encontro cultural da cidade<\/em><\/p>\n\n\n\n<p>Uberl\u00e2ndia se transformou em palco de m\u00fasica e cultura nos dias 5 e 6 de setembro com a nona edi\u00e7\u00e3o do Fundinho Festival. A programa\u00e7\u00e3o gratuita ofereceu ao p\u00fablico uma experi\u00eancia \u00fanica, reunindo artistas locais, nacionais e at\u00e9 internacionais de cidades como Rio de Janeiro, Uberaba-MG, Carmo do Parana\u00edba-MG e La Paz, na Bol\u00edvia.<\/p>\n\n\n\n<p>O evento aconteceu na Pra\u00e7a Clarimundo Carneiro, em comemora\u00e7\u00e3o ao centen\u00e1rio do Coreto Municipal Lad\u00e1rio Teixeira, um dos mais emblem\u00e1ticos cart\u00f5es postais da cidade. Durante os dois dias, o festival recebeu mais de oito mil pessoas, consolidando-se como um dos acontecimentos culturais mais importantes do calend\u00e1rio de Uberl\u00e2ndia.<\/p>\n\n\n\n<p>O Fundinho Festival \u00e9 realizado pela Moinho Cultural, com patroc\u00ednio da Bem Brasil Alimentos e do Sistema Martins, e apoio do Instituto Unimed Uberl\u00e2ndia. O evento \u00e9 executado por meio do Programa Municipal de Incentivo \u00e0 Cultura\/Prefeitura de Uberl\u00e2ndia e da Lei Estadual de Incentivo \u00e0 Cultura\/Governo de Minas Gerais.<\/p>\n\n\n\n<p>\u201cEra para conferir uma das bandas que se apresentaria na sexta, quando me dei conta atravessei todos os shows programados para a noite. No conforto de uma mesa, no calor dos amigos e na qualidade dos m\u00fasicos me vi encantada a cada m\u00fasica e combina\u00e7\u00e3o dos instrumentos. O Fundinho Festival desse ano foi um acolhimento para minha alma, me permitindo criar mem\u00f3ria, sentir saudades e j\u00e1 aguardando a pr\u00f3xima edi\u00e7\u00e3o!\u201d, ressalta a jornalista M\u00f4nica Cunha.<\/p>\n\n\n\n<p>\u201cEsta edi\u00e7\u00e3o foi muito especial porque comemoramos os 100 anos do Coreto Lad\u00e1rio Teixeira. Ver o p\u00fablico ocupando a pra\u00e7a, celebrando a cultura e interagindo com estes estilos musicais mostra que o Fundinho Festival cumpre sua miss\u00e3o de democratizar o acesso ao jazz e ao blues e valorizar o bairro fundinho, que concentra a maior parte dos patrim\u00f4nios tombados de Uberl\u00e2ndia\u201d, destaca Marcelo Mamede, coordenador do festival.<\/p>\n\n\n\n<p>\u201cNo ano de celebra\u00e7\u00e3o dos 20 anos do IAMAR e do centen\u00e1rio do coreto, temos muito orgulho em celebrar estes marcos apoiando novamente o Fundinho Festival, projeto que j\u00e1 faz parte da nossa hist\u00f3ria e \u00e9 exemplo para a economia da cultura, reunindo m\u00fasica de qualidade, produ\u00e7\u00e3o de excel\u00eancia, forma\u00e7\u00e3o de p\u00fablico e democratiza\u00e7\u00e3o de acesso. Vida longa ao Fundinho Festival!\u201d, afirma Ludmila Monteiro de Fran\u00e7a, do Instituto Alair Martins.<\/p>\n\n\n\n<p>\u201cO apoio ao Fundinho Festival expressa nosso compromisso com a valoriza\u00e7\u00e3o da cultura, da diversidade e da inclus\u00e3o como pilares de uma sociedade mais saud\u00e1vel e conectada. Acreditamos que o acesso democr\u00e1tico \u00e0 arte e \u00e0 m\u00fasica n\u00e3o apenas inspira e emociona, mas tamb\u00e9m fortalece os v\u00ednculos comunit\u00e1rios, amplia horizontes e contribui diretamente para o bem-estar das pessoas. Participar de um evento t\u00e3o significativo \u00e9 motivo de grande orgulho para n\u00f3s\u201d, enfatiza o presidente do Conselho de Administra\u00e7\u00e3o do Instituto Unimed Uberl\u00e2ndia,&nbsp; Dr. Emerson Nunes.<\/p>\n\n\n\n<p><br><strong>M\u00fasica para todos os gostos<\/strong><\/p>\n\n\n\n<p>Com 12 horas de m\u00fasica, o festival trouxe nove atra\u00e7\u00f5es que exploraram diferentes vertentes do jazz e blues, agradando a todos os p\u00fablicos. Na sexta-feira, a programa\u00e7\u00e3o come\u00e7ou \u00e0s 18h com apresenta\u00e7\u00f5es do Grupo Sax do Cerrado, Pedro Ferreira e a Udi Big Band (UDI-MG), Caru de Souza (RJ) com a Black Bone Blues Band (UDI-MG) e o trombonista Josiel Konrad (RJ).<\/p>\n\n\n\n<p>No s\u00e1bado, os shows iniciaram \u00e0s 16h, com destaque para Carolina Em\u00edlia (Uberaba-MG), Pedro Borges Quarteto (UDI-MG), Minist\u00e9rio Groove (UDI-MG), a parceria entre Gonzalo Gomes (La Paz &#8211; Bol\u00edvia) e Blenio Blues Band (Carmo do Parana\u00edba &#8211; MG), e encerramento com os consagrados Blues Et\u00edlicos (RJ).<\/p>\n\n\n\n<p>As apresenta\u00e7\u00f5es seguiram rigorosamente o hor\u00e1rio previsto, refor\u00e7ando o compromisso do festival com m\u00fasicos, p\u00fablico e vizinhan\u00e7a.<\/p>\n\n\n\n<p>Segundo Marco T\u00falio Morais,&nbsp;diretor de Programa\u00e7\u00e3o, o Fundinho Festival vem consolidando sua voca\u00e7\u00e3o de unir tradi\u00e7\u00e3o e inova\u00e7\u00e3o. \u201cA cada edi\u00e7\u00e3o, buscamos mostrar a for\u00e7a cultural de Uberl\u00e2ndia e do Bairro Fundinho, promovendo uma experi\u00eancia que vai al\u00e9m da m\u00fasica: \u00e9 tamb\u00e9m encontro, conviv\u00eancia e valoriza\u00e7\u00e3o da diversidade art\u00edstica. Essa \u00e9 a nossa contribui\u00e7\u00e3o para que a cidade seja reconhecida nacionalmente como um polo de jazz e blues\u201d, conclui.<\/p>\n\n\n\n<p>\u201cCelebrar o centen\u00e1rio do Coreto Municipal com jazz e blues na Pra\u00e7a Clarimundo Carneiro atrav\u00e9s do Fundinho Festival foi uma forma de mostrar que a cultura de Uberl\u00e2ndia pulsa no presente sem deixar de honrar sua hist\u00f3ria, ocupando os espa\u00e7os p\u00fablicos, fortalecendo la\u00e7os comunit\u00e1rios e democratizando o acesso \u00e0 arte\u201d, conclui a secret\u00e1ria de Cultura, M\u00f4nica Debs.<\/p>\n\n\n\n<p><strong>Cultura inclusiva e experi\u00eancia gastron\u00f4mica<\/strong><\/p>\n\n\n\n<p>O Fundinho Festival investiu fortemente em acessibilidade, com a cria\u00e7\u00e3o de uma \u00e1rea de atendimento priorit\u00e1rio para pessoas com defici\u00eancia, idosos, lactantes e gestantes, int\u00e9rprete de Libras no palco, audiodescri\u00e7\u00e3o ao vivo e banheiros adaptados.<\/p>\n\n\n\n<p>O p\u00fablico tamb\u00e9m p\u00f4de aproveitar a Vila Gastron\u00f4mica, com uma sele\u00e7\u00e3o de comidas e bebidas oferecida pelos parceiros do festival, ampliando a experi\u00eancia cultural com sabores locais.<\/p>\n\n\n\n<p><br><strong>Sobre a Moinho Cultural<\/strong><\/p>\n\n\n\n<p>Fundada h\u00e1&nbsp;20&nbsp;anos, a Moinho Cultural&nbsp;\u00e9&nbsp;uma produtora que atende empresas patrocinadoras, ag\u00eancias de Publicidade e de Rela\u00e7\u00f5es P\u00fablicas com a disponibiliza\u00e7\u00e3o de projetos pr\u00f3prios para patroc\u00ednio e tamb\u00e9m cria\u00e7\u00e3o de projetos sob medida, sempre alinhados&nbsp;\u00e0s estrat\u00e9gias de comunica\u00e7\u00e3o do cliente, gerando entregas de qualidade que favore\u00e7am a visibilidade, fortalecimento e reputa\u00e7\u00e3o de marca. Al\u00e9m do Fundinho Festival&nbsp;\u2013&nbsp;Jazz e Blues, possui em seu portf\u00f3lio projetos de sucesso, como:&nbsp; Cine Fam\u00edlia na Pra\u00e7a; Divers\u00e3o e Arte: M\u00fasica para Crian\u00e7as de Todas as Idades; Festival de Inverno da Serra da Canastra; Arax\u00e1&nbsp;Festival&nbsp;\u2013&nbsp;Jazz e Blues; e Expresso Liter\u00e1rio, totalizando 60 eventos realizados em 26 diferentes munic\u00edpios, para um p\u00fablico de cerca de 187 mil pessoas.<\/p>\n\n\n\n<p><strong>Sobre a Bem Brasil<\/strong><\/p>\n\n\n\n<p>A Bem Brasil \u00e9 uma ind\u00fastria 100% brasileira de batatas e outros alimentos congelados, fundada em 2006, e pioneira na atividade. S\u00e3o duas unidades fabris no Tri\u00e2ngulo Mineiro: em Arax\u00e1 e Perdizes, que geram mais de 1.300 empregos diretos e 4 mil indiretos. A marca \u00e9 l\u00edder isolada em presen\u00e7a de batata nos lares brasileiros e tem um mix com mais de 20 produtos, que contam com o reconhecimento do mercado por sua qualidade. Ao longo dos anos a empresa conquistou diversos pr\u00eamios por excel\u00eancia em seguran\u00e7a de alimentos e gest\u00e3o de pessoas e se destaca pela sua atua\u00e7\u00e3o sustent\u00e1vel e pela aplica\u00e7\u00e3o de padr\u00f5es elevados de governan\u00e7a e responsabilidade socioambiental.&nbsp;Conhe\u00e7a mais em:&nbsp;<a href=\"https:\/\/bembrasil.ind.br\/\">https:\/\/bembrasil.ind.br\/<\/a><\/p>\n\n\n\n<p><strong>Sobre o Sistema Martins<\/strong><\/p>\n\n\n\n<p>O Martins foi fundado em dezembro de 1953 e desde l\u00e1&nbsp;constru\u00edmos uma hist\u00f3ria de sucesso incompar\u00e1vel, tornando-nos uma refer\u00eancia na distribui\u00e7\u00e3o e no apoio ao desenvolvimento do varejo brasileiro. Ao longo da nossa trajet\u00f3ria e com a diversifica\u00e7\u00e3o e crescimento da atua\u00e7\u00e3o em todas as regi\u00f5es do pa\u00eds, assumimos o papel de integrador da cadeia de consumo. A partir dessa realidade, a estrat\u00e9gia do Martins foi organizar-se em um sistema&nbsp;\u2013&nbsp;o Sistema Martins (SIM)&nbsp;\u2013&nbsp;que atendesse&nbsp;\u00e0s necessidades dos pequenos empreendedores, levando para todo o pa\u00eds solu\u00e7\u00f5es e oportunidades para capacitar, desenvolver e dar competitividade a esses varejistas. Conhe\u00e7a mais em:&nbsp;<a href=\"https:\/\/www.martinsatacado.com.br\/\">https:\/\/www.martinsatacado.com.br<\/a><\/p>\n\n\n\n<p><strong>Sobre o Instituto Unimed Uberl<\/strong><strong>\u00e2ndia<\/strong><\/p>\n\n\n\n<p>O Instituto Unimed Uberl\u00e2ndia \u00e9 uma associa\u00e7\u00e3o sem fins lucrativos, que nasceu para cuidar da comunidade, promover a sustentabilidade e impulsionar o desenvolvimento humano. Seus programas dialogam com as frentes de sa\u00fade, educa\u00e7\u00e3o e voluntariado, al\u00e9m do investimento em cultura e esporte, por meio do patroc\u00ednio de projetos via leis de incentivos fiscais. Conhe\u00e7a mais em:&nbsp;<a href=\"http:\/\/www.institutounimeduberlandia.coop.br\/\">www.institutounimeduberlandia.coop.br<\/a><\/p>\n","protected":false},"excerpt":{"rendered":"<p>Evento gratuito de jazz e blues transformou a Pra\u00e7a Clarimundo Carneiro em ponto de encontro cultural da cidade Uberl\u00e2ndia se transformou em palco de m\u00fasica e cultura nos dias 5<\/p>\n","protected":false},"author":3,"featured_media":12075,"comment_status":"open","ping_status":"open","sticky":false,"template":"","format":"standard","meta":{"footnotes":""},"categories":[1],"tags":[],"class_list":["post-12074","post","type-post","status-publish","format-standard","has-post-thumbnail","hentry","category-noticias"],"_links":{"self":[{"href":"https:\/\/revistahubclub.com.br\/portal\/wp-json\/wp\/v2\/posts\/12074","targetHints":{"allow":["GET"]}}],"collection":[{"href":"https:\/\/revistahubclub.com.br\/portal\/wp-json\/wp\/v2\/posts"}],"about":[{"href":"https:\/\/revistahubclub.com.br\/portal\/wp-json\/wp\/v2\/types\/post"}],"author":[{"embeddable":true,"href":"https:\/\/revistahubclub.com.br\/portal\/wp-json\/wp\/v2\/users\/3"}],"replies":[{"embeddable":true,"href":"https:\/\/revistahubclub.com.br\/portal\/wp-json\/wp\/v2\/comments?post=12074"}],"version-history":[{"count":1,"href":"https:\/\/revistahubclub.com.br\/portal\/wp-json\/wp\/v2\/posts\/12074\/revisions"}],"predecessor-version":[{"id":12076,"href":"https:\/\/revistahubclub.com.br\/portal\/wp-json\/wp\/v2\/posts\/12074\/revisions\/12076"}],"wp:featuredmedia":[{"embeddable":true,"href":"https:\/\/revistahubclub.com.br\/portal\/wp-json\/wp\/v2\/media\/12075"}],"wp:attachment":[{"href":"https:\/\/revistahubclub.com.br\/portal\/wp-json\/wp\/v2\/media?parent=12074"}],"wp:term":[{"taxonomy":"category","embeddable":true,"href":"https:\/\/revistahubclub.com.br\/portal\/wp-json\/wp\/v2\/categories?post=12074"},{"taxonomy":"post_tag","embeddable":true,"href":"https:\/\/revistahubclub.com.br\/portal\/wp-json\/wp\/v2\/tags?post=12074"}],"curies":[{"name":"wp","href":"https:\/\/api.w.org\/{rel}","templated":true}]}}