{"id":12093,"date":"2025-09-11T17:58:12","date_gmt":"2025-09-11T20:58:12","guid":{"rendered":"https:\/\/revistahubclub.com.br\/portal\/?p=12093"},"modified":"2025-09-11T17:58:12","modified_gmt":"2025-09-11T20:58:12","slug":"volta-ao-presencial-impulsiona-demanda-por-imoveis-corporativos-em-uberlandia","status":"publish","type":"post","link":"https:\/\/revistahubclub.com.br\/portal\/2025\/09\/11\/volta-ao-presencial-impulsiona-demanda-por-imoveis-corporativos-em-uberlandia\/","title":{"rendered":"Volta ao presencial impulsiona demanda por im\u00f3veis corporativos em Uberl\u00e2ndia"},"content":{"rendered":"\n<p><em>Perplan comercializa <\/em><em>50% das unidades no lan\u00e7amento do Chronos Tower<\/em><em>, primeir<\/em><em>a torre <\/em><em>comercial da marca na cidade<\/em><\/p>\n\n\n\n<p>O mercado imobili\u00e1rio corporativo tem mostrado sua for\u00e7a desde o fim da pandemia. Pesquisa de Tend\u00eancias 2025, conduzida pela Catho, plataforma de empregos, apontou que 69% das empresas brasileiras pretendem manter o regime de trabalho 100% presencial neste ano, refor\u00e7ando um cen\u00e1rio que j\u00e1 \u00e9 realidade para 73% das organiza\u00e7\u00f5es atualmente.<\/p>\n\n\n\n<p>O especialista em Neg\u00f3cios Imobili\u00e1rios, mentor, palestrante e autor do livro <em>\u201c<\/em><em>Desvendando o Mercado Imobili\u00e1rio\u201d<\/em>, Davis Dutra, afirma que essa versatilidade realmente acompanha as mudan\u00e7as no modelo de trabalho, especialmente ap\u00f3s a perda da for\u00e7a do formato h\u00edbrido para o retorno presencial. \u201cHoje, muitas empresas est\u00e3o abolindo o sistema remoto, principalmente por n\u00e3o terem alcan\u00e7ado os resultados esperados. Durante a pandemia, acreditava-se que os neg\u00f3cios migrariam definitivamente para o ambiente digital, mas isso n\u00e3o se confirmou. O que vemos agora \u00e9 um movimento claro, onde as empresas buscam espa\u00e7os mais abertos, iluminados, com rooftops, integra\u00e7\u00e3o com \u00e1reas verdes e tecnologias que transformam o ambiente corporativo em um lugar mais funcional e inspirador\u201d, explica.<\/p>\n\n\n\n<p>Atenta a esse cen\u00e1rio e ao potencial da cidade de Uberl\u00e2ndia nesse nicho, a Perplan Incorpora\u00e7\u00e3o lan\u00e7ou recentemente o Chronos Tower, primeira torre business com estrutura premium e planta inteligente, no Morada da Colina. Para atender \u00e0s exig\u00eancias de profissionais aut\u00f4nomos, pequenos escrit\u00f3rios at\u00e9 grandes corpora\u00e7\u00f5es que buscam sedes funcionais e modernas, neste empreendimento a marca aposta em arquitetura de excel\u00eancia, plantas vers\u00e1teis e humanizadas, combinando sofistica\u00e7\u00e3o e tecnologia.<\/p>\n\n\n\n<p>Segundo Gustavo Pereira, gerente Executivo Comercial da Perplan, a comercializa\u00e7\u00e3o j\u00e1 alcan\u00e7ou metade das unidades no lan\u00e7amento. \u201cO Chronos Tower reflete a vis\u00e3o da Perplan de criar empreendimentos que acompanham as transforma\u00e7\u00f5es de comportamento. Uberl\u00e2ndia \u00e9 um polo estrat\u00e9gico e acreditamos no potencial da cidade como refer\u00eancia em neg\u00f3cios e servi\u00e7os. O resultado das vendas em t\u00e3o pouco tempo confirma a for\u00e7a desse projeto e a receptividade do mercado a espa\u00e7os modernos, funcionais e alinhados \u00e0s novas demandas corporativas.\u201d<\/p>\n\n\n\n<p><strong>Arquitetura inteligente<\/strong><\/p>\n\n\n\n<p>Para entregar um im\u00f3vel \u00e0 altura da expectativa do cliente Perplan, a Xok Arquitetos e Associados, empresa parceira da Perplan na concep\u00e7\u00e3o, comandada pelo diretor de Cria\u00e7\u00e3o Bruno Turola Felicio, elaborou um projeto para atender desde pequenas empresas at\u00e9 opera\u00e7\u00f5es de maior porte. \u201cEssa flexibilidade d\u00e1 autonomia para consult\u00f3rios, escrit\u00f3rios, opera\u00e7\u00f5es corporativas e at\u00e9 neg\u00f3cios de varejo se estabelecerem de forma adequada e funcional\u201d, explica.<\/p>\n\n\n\n<p>Bruno ainda salienta que o design foi pensado para ir al\u00e9m da funcionalidade, criando espa\u00e7os que promovam qualidade de vida e estimulam a criatividade. \u201cA presen\u00e7a de luz natural, as varandas em todas as unidades e o paisagismo integrado favorecem um ambiente saud\u00e1vel, conectado \u00e0 natureza e visualmente inspirador. Outro destaque \u00e9 o pavimento exclusivo de m\u00faltiplos usos, localizado no meio da torre, que funciona como uma \u00e1rea de descompress\u00e3o. Nele, os usu\u00e1rios encontram espa\u00e7os confort\u00e1veis para refei\u00e7\u00e3o, vesti\u00e1rios e \u00e1reas de conviv\u00eancia, possibilitando momentos de pausa e recarga de energia ao longo do dia. Esses elementos, somados ao cuidado com os detalhes de interiores, criam uma atmosfera acolhedora que inspira inova\u00e7\u00e3o, estimula a criatividade e melhora a experi\u00eancia de quem ir\u00e1 trabalhar ali\u201d, diz.<\/p>\n\n\n\n<p>A arquiteta Julhia Bernardo conta que a torre ser\u00e1 um marco arquitet\u00f4nico e tamb\u00e9m um vetor de valoriza\u00e7\u00e3o urbana e de desenvolvimento econ\u00f4mico para Uberl\u00e2ndia e regi\u00e3o. \u201cO Chronos Tower est\u00e1 localizado em uma \u00e1rea estrat\u00e9gica, na avenida Francisco Galassi, com f\u00e1cil acesso a importantes eixos de mobilidade, como a Rondon Pacheco. Sua presen\u00e7a fortalece a voca\u00e7\u00e3o da regi\u00e3o como polo de neg\u00f3cios e servi\u00e7os, ao mesmo tempo em que gera novas oportunidades de trabalho e circula\u00e7\u00e3o. O empreendimento se torna n\u00e3o apenas um marco arquitet\u00f4nico, mas tamb\u00e9m um vetor de valoriza\u00e7\u00e3o urbana e de desenvolvimento econ\u00f4mico para Uberl\u00e2ndia e regi\u00e3o.<\/p>\n\n\n<figure class=\"wp-block-post-featured-image\"><img loading=\"lazy\" decoding=\"async\" width=\"364\" height=\"390\" src=\"https:\/\/revistahubclub.com.br\/portal\/wp-content\/uploads\/2025\/09\/tower.png\" class=\"attachment-post-thumbnail size-post-thumbnail wp-post-image\" alt=\"\" style=\"object-fit:cover;\" srcset=\"https:\/\/revistahubclub.com.br\/portal\/wp-content\/uploads\/2025\/09\/tower.png 364w, https:\/\/revistahubclub.com.br\/portal\/wp-content\/uploads\/2025\/09\/tower-280x300.png 280w\" sizes=\"auto, (max-width: 364px) 100vw, 364px\" \/><\/figure>","protected":false},"excerpt":{"rendered":"<p>Perplan comercializa 50% das unidades no lan\u00e7amento do Chronos Tower, primeira torre comercial da marca na cidade O mercado imobili\u00e1rio corporativo tem mostrado sua for\u00e7a desde o fim da pandemia.<\/p>\n","protected":false},"author":2,"featured_media":12094,"comment_status":"open","ping_status":"open","sticky":false,"template":"","format":"standard","meta":{"footnotes":""},"categories":[1],"tags":[],"class_list":["post-12093","post","type-post","status-publish","format-standard","has-post-thumbnail","hentry","category-noticias"],"_links":{"self":[{"href":"https:\/\/revistahubclub.com.br\/portal\/wp-json\/wp\/v2\/posts\/12093","targetHints":{"allow":["GET"]}}],"collection":[{"href":"https:\/\/revistahubclub.com.br\/portal\/wp-json\/wp\/v2\/posts"}],"about":[{"href":"https:\/\/revistahubclub.com.br\/portal\/wp-json\/wp\/v2\/types\/post"}],"author":[{"embeddable":true,"href":"https:\/\/revistahubclub.com.br\/portal\/wp-json\/wp\/v2\/users\/2"}],"replies":[{"embeddable":true,"href":"https:\/\/revistahubclub.com.br\/portal\/wp-json\/wp\/v2\/comments?post=12093"}],"version-history":[{"count":1,"href":"https:\/\/revistahubclub.com.br\/portal\/wp-json\/wp\/v2\/posts\/12093\/revisions"}],"predecessor-version":[{"id":12095,"href":"https:\/\/revistahubclub.com.br\/portal\/wp-json\/wp\/v2\/posts\/12093\/revisions\/12095"}],"wp:featuredmedia":[{"embeddable":true,"href":"https:\/\/revistahubclub.com.br\/portal\/wp-json\/wp\/v2\/media\/12094"}],"wp:attachment":[{"href":"https:\/\/revistahubclub.com.br\/portal\/wp-json\/wp\/v2\/media?parent=12093"}],"wp:term":[{"taxonomy":"category","embeddable":true,"href":"https:\/\/revistahubclub.com.br\/portal\/wp-json\/wp\/v2\/categories?post=12093"},{"taxonomy":"post_tag","embeddable":true,"href":"https:\/\/revistahubclub.com.br\/portal\/wp-json\/wp\/v2\/tags?post=12093"}],"curies":[{"name":"wp","href":"https:\/\/api.w.org\/{rel}","templated":true}]}}