{"id":12106,"date":"2025-09-12T11:45:00","date_gmt":"2025-09-12T14:45:00","guid":{"rendered":"https:\/\/revistahubclub.com.br\/portal\/?p=12106"},"modified":"2025-09-12T12:07:42","modified_gmt":"2025-09-12T15:07:42","slug":"desenvolvimento-regional-o-crescimento-do-triangulo-mineiro-desafios-e-oportunidades","status":"publish","type":"post","link":"https:\/\/revistahubclub.com.br\/portal\/2025\/09\/12\/desenvolvimento-regional-o-crescimento-do-triangulo-mineiro-desafios-e-oportunidades\/","title":{"rendered":"Desenvolvimento Regional &#8211; O crescimento do Tri\u00e2ngulo Mineiro: desafios e oportunidades"},"content":{"rendered":"\n<p><strong><em>Carolina Barros | Fotos: Divulga\u00e7\u00e3o<\/em><\/strong><\/p>\n\n\n<figure class=\"wp-block-post-featured-image\"><img loading=\"lazy\" decoding=\"async\" width=\"1996\" height=\"1127\" src=\"https:\/\/revistahubclub.com.br\/portal\/wp-content\/uploads\/2025\/03\/Uberlandia-Reproducao-Prefeitura-Municipal-e1672317777402.jpg\" class=\"attachment-post-thumbnail size-post-thumbnail wp-post-image\" alt=\"\" style=\"object-fit:cover;\" srcset=\"https:\/\/revistahubclub.com.br\/portal\/wp-content\/uploads\/2025\/03\/Uberlandia-Reproducao-Prefeitura-Municipal-e1672317777402.jpg 1996w, https:\/\/revistahubclub.com.br\/portal\/wp-content\/uploads\/2025\/03\/Uberlandia-Reproducao-Prefeitura-Municipal-e1672317777402-300x169.jpg 300w, https:\/\/revistahubclub.com.br\/portal\/wp-content\/uploads\/2025\/03\/Uberlandia-Reproducao-Prefeitura-Municipal-e1672317777402-1024x578.jpg 1024w, https:\/\/revistahubclub.com.br\/portal\/wp-content\/uploads\/2025\/03\/Uberlandia-Reproducao-Prefeitura-Municipal-e1672317777402-768x434.jpg 768w, https:\/\/revistahubclub.com.br\/portal\/wp-content\/uploads\/2025\/03\/Uberlandia-Reproducao-Prefeitura-Municipal-e1672317777402-1536x867.jpg 1536w\" sizes=\"auto, (max-width: 1996px) 100vw, 1996px\" \/><\/figure>\n\n\n<p>O Tri\u00e2ngulo Mineiro \u00e9 uma regi\u00e3o crucial para a economia de Minas Gerais. Conhecida por sua economia diversificada e crescimento urbano, tem se destacado quando o assunto \u00e9 inova\u00e7\u00e3o e tecnologia, abertura de novos neg\u00f3cios. Possui forte economia agroindustrial e infraestrutura log\u00edstica. Destaca-se como o maior produtor de cereais do Estado e l\u00edder nos setores de a\u00e7\u00facar e \u00e1lcool, processamento da maioria da produ\u00e7\u00e3o estadual. Al\u00e9m disso, abriga o maior rebanho bovino do Estado e a segunda maior colheita de caf\u00e9. A regi\u00e3o tamb\u00e9m \u00e9 sede do principal polo de produ\u00e7\u00e3o de fertilizantes fosfatados do Brasil, localizado em Uberaba. Uberl\u00e2ndia se destaca como um importante centro atacadista e log\u00edstico, devido \u00e0 sua posi\u00e7\u00e3o geogr\u00e1fica estrat\u00e9gica. Esses fatores contribuem significativamente para o desenvolvimento econ\u00f4mico do Estado<\/p>\n\n\n\n<p><strong>Os principais munic\u00edpios investidores da regi\u00e3o s\u00e3o:<\/strong><\/p>\n\n\n\n<p><strong>Uberl\u00e2ndia<\/strong>: Destaca-se pela diversidade econ\u00f4mica, com atua\u00e7\u00e3o relevante em com\u00e9rcio, tecnologia, log\u00edstica e servi\u00e7os. \u00c9 um dos principais polos econ\u00f4micos do Estado, com um dos maiores PIBs de Minas Gerais.<br><strong>Uberaba<\/strong>: Possui forte atividade agropecu\u00e1ria, com produ\u00e7\u00e3o de gr\u00e3os, cana-de-a\u00e7\u00facar e melhoramento gen\u00e9tico do gado zebu. A ind\u00fastria local inclui fertilizantes, agroind\u00fastria e biotecnologia, al\u00e9m de iniciativas recentes voltadas \u00e0 inova\u00e7\u00e3o tecnol\u00f3gica e \u00e0 exporta\u00e7\u00e3o. A cidade abriga a Expozebu, uma das principais feiras agropecu\u00e1rias do pa\u00eds.<br><strong>Araguari<\/strong>: Destaca-se por sua posi\u00e7\u00e3o estrat\u00e9gica como entroncamento ferrovi\u00e1rio e rodovi\u00e1rio. O munic\u00edpio tem relev\u00e2ncia na cafeicultura regional, al\u00e9m de abrigar setores voltados principalmente \u00e0 agroind\u00fastria e log\u00edstica.<br><strong>Ituiutaba<\/strong>: \u00c9 voltada \u00e0 agricultura, com \u00eanfase em soja, milho e pecu\u00e1ria, e possui ind\u00fastrias dedicadas ao etanol e processamento de gr\u00e3os. A cidade tamb\u00e9m abriga a Expopec, uma importante feira de agroneg\u00f3cios.<br><strong>Iturama e Frutal:<\/strong> Concentram-se na produ\u00e7\u00e3o de gr\u00e3os, frutas e no setor sucroalcooleiro.<\/p>\n\n\n\n<p>A regi\u00e3o do Tri\u00e2ngulo Mineiro tamb\u00e9m se destaca por sua infraestrutura log\u00edstica, com:<br>Rodovias: A regi\u00e3o \u00e9 conectada por importantes rodovias federais e estaduais, como a BR-050, BR-153, BR-262, BR-365 e BR-452.<br>Aeroportos: Os principais aeroportos da regi\u00e3o s\u00e3o o Aeroporto Tenente Coronel Aviador C\u00e9sar Bombonato (Uberl\u00e2ndia) e o Aeroporto M\u00e1rio de Almeida Franco (Uberaba).<br>Ferrovias: A regi\u00e3o \u00e9 servida pela Ferrovia Centro-Atl\u00e2ntica (FCA), que opera no transporte de produtos agr\u00edcolas e minerais.<\/p>\n\n\n\n<p>Esses fatores contribuem para que o Tri\u00e2ngulo Mineiro seja uma das regi\u00f5es mais pr\u00f3speras de Minas Gerais.<\/p>\n\n\n\n<p><strong>Dados gerais<br><\/strong>As popula\u00e7\u00f5es estimadas para os munic\u00edpios de Uberl\u00e2ndia, Ituiutaba, Monte Alegre de Minas, Monte Carmelo e Araguari s\u00e3o:<\/p>\n\n\n\n<ul class=\"wp-block-list\">\n<li>Uberl\u00e2ndia: 761.835 habitantes<\/li>\n\n\n\n<li>Ituiutaba: 106.775 habitantes<\/li>\n\n\n\n<li>Monte Alegre de Minas: 20.666 habitantes<\/li>\n\n\n\n<li>Monte Carmelo: 49.354 habitantes<\/li>\n\n\n\n<li>Araguari: 122.874 habitantes<\/li>\n<\/ul>\n\n\n\n<p>Considerando o entorno de abrang\u00eancia desses munic\u00edpios, podemos estimar que a regi\u00e3o do Tri\u00e2ngulo Mineiro, que inclui essas cidades, tem uma popula\u00e7\u00e3o de aproximadamente 2 milh\u00f5es de habitantes, conforme dados do Censo de 2022 do IBGE. Essa regi\u00e3o \u00e9 composta por 35 munic\u00edpios e \u00e9 uma das mais pr\u00f3speras de Minas Gerais, com um forte setor agroindustrial e uma economia diversificada.<\/p>\n\n\n\n<p>Essas cidades s\u00e3o importantes centros econ\u00f4micos e contribuem significativamente para o desenvolvimento da regi\u00e3o. A popula\u00e7\u00e3o beneficiada pelo desenvolvimento econ\u00f4mico dessas cidades pode ser estimada em milh\u00f5es de pessoas, considerando a regi\u00e3o como um todo. Al\u00e9m disso, a Regi\u00e3o Geogr\u00e1fica Intermedi\u00e1ria de Uberl\u00e2ndia, que inclui Uberl\u00e2ndia e outros 23 munic\u00edpios, tem uma grande influ\u00eancia socioecon\u00f4mica na regi\u00e3o<\/p>\n\n\n\n<p><br><strong>UBERL\u00c2NDIA<br>Polo de crescimento econ\u00f4mico no Tri\u00e2ngulo Mineiro<\/strong><\/p>\n\n\n\n<figure class=\"wp-block-image size-large\"><img loading=\"lazy\" decoding=\"async\" width=\"1024\" height=\"682\" src=\"https:\/\/revistahubclub.com.br\/portal\/wp-content\/uploads\/2025\/09\/WhatsApp-Image-2025-07-25-at-17.11.08-1024x682.jpeg\" alt=\"\" class=\"wp-image-12107\" srcset=\"https:\/\/revistahubclub.com.br\/portal\/wp-content\/uploads\/2025\/09\/WhatsApp-Image-2025-07-25-at-17.11.08-1024x682.jpeg 1024w, https:\/\/revistahubclub.com.br\/portal\/wp-content\/uploads\/2025\/09\/WhatsApp-Image-2025-07-25-at-17.11.08-300x200.jpeg 300w, https:\/\/revistahubclub.com.br\/portal\/wp-content\/uploads\/2025\/09\/WhatsApp-Image-2025-07-25-at-17.11.08-768x512.jpeg 768w, https:\/\/revistahubclub.com.br\/portal\/wp-content\/uploads\/2025\/09\/WhatsApp-Image-2025-07-25-at-17.11.08-1536x1023.jpeg 1536w, https:\/\/revistahubclub.com.br\/portal\/wp-content\/uploads\/2025\/09\/WhatsApp-Image-2025-07-25-at-17.11.08-900x600.jpeg 900w, https:\/\/revistahubclub.com.br\/portal\/wp-content\/uploads\/2025\/09\/WhatsApp-Image-2025-07-25-at-17.11.08.jpeg 1600w\" sizes=\"auto, (max-width: 1024px) 100vw, 1024px\" \/><\/figure>\n\n\n\n<p>Reconhecida como a \u201cCapital do Tri\u00e2ngulo Mineiro\u201d, Uberl\u00e2ndia vive um momento de forte desenvolvimento econ\u00f4mico e urbano, consolidando-se como uma das principais regi\u00f5es de neg\u00f3cios em Minas Gerais. Com uma popula\u00e7\u00e3o de aproximadamente 755 mil habitantes, \u00e9 a segunda maior cidade do estado e a 27\u00aa do Brasil, impulsionando um PIB superior a R$ 61 bilh\u00f5es e um potencial de consumo recorde de R$ 34,1 bilh\u00f5es em 2024.<\/p>\n\n\n\n<p>O dinamismo da cidade se reflete na gera\u00e7\u00e3o de empregos, com mais de 4.400 novas vagas nos primeiros seis meses do ano, especialmente em tecnologia, servi\u00e7os e ind\u00fastria. Investidores de peso, como a RT-One, est\u00e3o apostando em Uberl\u00e2ndia, com a instala\u00e7\u00e3o do primeiro Data Center com Intelig\u00eancia Artificial na regi\u00e3o Sudeste, previsto para gerar 2 mil empregos permanentes e um investimento de R$ 6 bilh\u00f5es.<\/p>\n\n\n\n<p>Setores estrat\u00e9gicos como l\u00e1cteo, citrus e produ\u00e7\u00e3o de cal tamb\u00e9m est\u00e3o em expans\u00e3o, com investimentos de milh\u00f5es de reais. Al\u00e9m disso, a infraestrutura \u00e9 robusta, com rodovias bem conectadas, o Aeroporto Tenente-Coronel C\u00e9sar Bombonato em moderniza\u00e7\u00e3o e projetos de amplia\u00e7\u00e3o de energia el\u00e9trica pela Cemig.<\/p>\n\n\n\n<p>A cidade tamb\u00e9m se destaca por sua sustentabilidade, figurando entre as 10 mais sustent\u00e1veis do Brasil. O prefeito Paulo S\u00e9rgio enaltece o desenvolvimento da cidade. \u201cCom uma gest\u00e3o focada em inova\u00e7\u00e3o, qualidade de vida e atra\u00e7\u00e3o de novos neg\u00f3cios, Uberl\u00e2ndia oferece um ambiente prop\u00edcio para investidores que buscam crescimento s\u00f3lido e oportunidades de longo prazo na regi\u00e3o Sudeste\u201d, disse.<\/p>\n\n\n\n<p><strong>A Start, do Grupo Lima &amp; Pergher,<\/strong> \u00e9 refer\u00eancia nacional em inova\u00e7\u00e3o industrial, tecnologia avan\u00e7ada e pr\u00e1ticas sustent\u00e1veis, com mais de 40 anos de hist\u00f3ria. Sua atua\u00e7\u00e3o destaca-se na transforma\u00e7\u00e3o da ind\u00fastria brasileira e no desenvolvimento de solu\u00e7\u00f5es que enfrentam desafios globais. No segmento de Oral Care, inaugurou uma planta moderna, com tecnologia de ponta e conformidade internacional, refor\u00e7ando seu compromisso com produtos de alta qualidade e competitividade global.<\/p>\n\n\n\n<p>O grupo pioneiro no Brasil ao implementar um modelo completo de Economia Circular, por meio das empresas Start Qu\u00edmica, Repet Embalagens e Revalor Reciclagem, transforma res\u00edduos industriais em resina reciclada, utilizada na fabrica\u00e7\u00e3o de embalagens com cerca de 35% de material reciclado. Essa inova\u00e7\u00e3o foi reconhecida pela certificadora SGS e rendeu convite para apresentar o case na COP 30, em Bel\u00e9m do Par\u00e1.<\/p>\n\n\n\n<p>Al\u00e9m disso, a Start participa do projeto Aparas, em parceria com a Rede Cataminas, que transforma res\u00edduos recicl\u00e1veis em novos insumos, promovendo a inclus\u00e3o social e a gera\u00e7\u00e3o de renda para catadores. O compromisso com a educa\u00e7\u00e3o circular tamb\u00e9m \u00e9 destaque, com o Projeto de Educa\u00e7\u00e3o Circular, que capacitou mais de mil alunos do 9\u00ba ano em Uberl\u00e2ndia, incentivando h\u00e1bitos sustent\u00e1veis na juventude.<\/p>\n\n\n\n<p>A empresa tamb\u00e9m marcar\u00e1 um avan\u00e7o hist\u00f3rico ao sediar o 1\u00ba Polo Cloroqu\u00edmico fora do litoral no Brasil, fortalecendo a produ\u00e7\u00e3o industrial no interior do pa\u00eds. Essas a\u00e7\u00f5es demonstram a integra\u00e7\u00e3o de tecnologia, sustentabilidade e educa\u00e7\u00e3o, moldando uma ind\u00fastria mais inovadora e respons\u00e1vel, inspirando um futuro sustent\u00e1vel para o Brasil.<\/p>\n\n\n\n<p><strong>ITUIUTABA<br>Desenvolvimento, Inova\u00e7\u00e3o e uma economia que cresce em todos os segmentos de mercado Novo Polo de Desenvolvimento no Tri\u00e2ngulo Mineiro<\/strong><\/p>\n\n\n\n<figure class=\"wp-block-image size-large\"><img loading=\"lazy\" decoding=\"async\" width=\"728\" height=\"1024\" src=\"https:\/\/revistahubclub.com.br\/portal\/wp-content\/uploads\/2025\/09\/WhatsApp-Image-2025-07-21-at-11.50.54-728x1024.jpeg\" alt=\"\" class=\"wp-image-12108\" srcset=\"https:\/\/revistahubclub.com.br\/portal\/wp-content\/uploads\/2025\/09\/WhatsApp-Image-2025-07-21-at-11.50.54-728x1024.jpeg 728w, https:\/\/revistahubclub.com.br\/portal\/wp-content\/uploads\/2025\/09\/WhatsApp-Image-2025-07-21-at-11.50.54-213x300.jpeg 213w, https:\/\/revistahubclub.com.br\/portal\/wp-content\/uploads\/2025\/09\/WhatsApp-Image-2025-07-21-at-11.50.54-768x1080.jpeg 768w, https:\/\/revistahubclub.com.br\/portal\/wp-content\/uploads\/2025\/09\/WhatsApp-Image-2025-07-21-at-11.50.54.jpeg 1079w\" sizes=\"auto, (max-width: 728px) 100vw, 728px\" \/><\/figure>\n\n\n\n<p>No cora\u00e7\u00e3o do Pontal Mineiro, Ituiutaba vive uma fase de crescimento econ\u00f4mico, moderniza\u00e7\u00e3o administrativa e fortalecimento da iniciativa privada, liderada pela prefeita Leandra Guedes, a primeira mulher eleita e reeleita com mais de 60% dos votos em 2024. O munic\u00edpio tem se destacado como destino promissor para investidores em Minas Gerais, impulsionado por pol\u00edticas como o programa Investe Ituiutaba, criado em 2022, que oferece incentivos fiscais, doa\u00e7\u00e3o de terrenos e obras de infraestrutura para atrair ind\u00fastrias, como JBS, Nestl\u00e9, BP Bunge Bioenergia e Canto de Minas. Entre 2021 e 2025 foram gerados mais de 44 mil empregos, com quase 4 mil novas vagas, refletindo a forte atua\u00e7\u00e3o do SINE.<\/p>\n\n\n\n<p>A implanta\u00e7\u00e3o da Liberdade Econ\u00f4mica, por decreto municipal, reduziu burocracias, facilitando o empreendedorismo. A Sala Mineira do Empreendedor atendeu mais de 1.300 pessoas no primeiro semestre de 2025, formalizando 885 empresas e apoiando micro e pequenos neg\u00f3cios. O munic\u00edpio tamb\u00e9m promove o empreendedorismo feminino por meio do CRAMI \u00c1urea Guedes, que atendeu mais de 1.600 mulheres vulner\u00e1veis, oferecendo capacita\u00e7\u00e3o. A infraestrutura avan\u00e7ou com a regulariza\u00e7\u00e3o do Aeroporto Tito Teixeira, cria\u00e7\u00e3o de distrito log\u00edstico, instala\u00e7\u00e3o de uma nova subesta\u00e7\u00e3o el\u00e9trica e redu\u00e7\u00e3o do tempo de licenciamento ambiental. Parcerias p\u00fablico-privadas fortalecem setores como cer\u00e2mica e gest\u00e3o de res\u00edduos. O transporte p\u00fablico gratuito, melhorias na infraestrutura rodovi\u00e1ria, expans\u00e3o do polo educacional com mais de 40 cursos, incluindo Medicina, e o fortalecimento do agroneg\u00f3cio consolidam o cen\u00e1rio de progresso.<\/p>\n\n\n\n<p>Leandra Guedes falou sobre o compromisso de colocar a economia da cidade em destaque. \u201cCriamos um ambiente de oportunidades e seguimos trabalhando para tornar Ituiutaba cada vez mais atrativa a investimentos, com incentivos e moderniza\u00e7\u00f5es. Estamos preparados para o presente e para um futuro muito promissor no campo do desenvolvimento, pensando sempre no melhor cen\u00e1rio para nossa popula\u00e7\u00e3o\u201d afirma.<br>*Colaborou: Wilson Rodrigues<\/p>\n\n\n\n<p><strong>MONTE ALEGRE DE MINAS<\/strong><\/p>\n\n\n\n<figure class=\"wp-block-image size-large\"><img loading=\"lazy\" decoding=\"async\" width=\"759\" height=\"1024\" src=\"https:\/\/revistahubclub.com.br\/portal\/wp-content\/uploads\/2025\/09\/Captura-de-Tela-2025-09-12-as-12.02.48-PM-759x1024.png\" alt=\"\" class=\"wp-image-12109\" srcset=\"https:\/\/revistahubclub.com.br\/portal\/wp-content\/uploads\/2025\/09\/Captura-de-Tela-2025-09-12-as-12.02.48-PM-759x1024.png 759w, https:\/\/revistahubclub.com.br\/portal\/wp-content\/uploads\/2025\/09\/Captura-de-Tela-2025-09-12-as-12.02.48-PM-222x300.png 222w, https:\/\/revistahubclub.com.br\/portal\/wp-content\/uploads\/2025\/09\/Captura-de-Tela-2025-09-12-as-12.02.48-PM-768x1037.png 768w, https:\/\/revistahubclub.com.br\/portal\/wp-content\/uploads\/2025\/09\/Captura-de-Tela-2025-09-12-as-12.02.48-PM.png 932w\" sizes=\"auto, (max-width: 759px) 100vw, 759px\" \/><\/figure>\n\n\n\n<p><strong><br><\/strong>Com aproximadamente 20 mil habitantes, apresenta forte potencial de crescimento econ\u00f4mico, impulsionado por sua base diversificada e localiza\u00e7\u00e3o estrat\u00e9gica. Com um PIB estimado em R$ 612 milh\u00f5es, o munic\u00edpio destaca-se pelo setor agropecu\u00e1rio, respons\u00e1vel por 52,3% do valor adicionado, liderado pela produ\u00e7\u00e3o de abacaxi e cana-de-a\u00e7\u00facar, que o posiciona entre os principais polos nacionais dessas culturas.<\/p>\n\n\n\n<p>O setor de servi\u00e7os representa 28,3% da economia, refletindo um com\u00e9rcio ativo e competitivo, com destaque para postos de combust\u00edveis, supermercados e lojas de varejo, respons\u00e1veis por 19% do emprego formal. Em 2025, o munic\u00edpio abriu 21 novas empresas, incluindo neg\u00f3cios digitais, e mant\u00e9m um saldo positivo de empregos.<\/p>\n\n\n\n<p>A infraestrutura log\u00edstica, cortada pelas rodovias BR-153 e BR-365, favorece a atra\u00e7\u00e3o de investimentos e facilita a distribui\u00e7\u00e3o de produtos. O programa \u201cAvan\u00e7a Monte Alegre\u201d, criado pela Lei n\u00ba 3.159\/2023, oferece terrenos na Zona Industrial para estimular novas empresas e fortalecer o setor produtivo.<\/p>\n\n\n\n<p>Investimentos em educa\u00e7\u00e3o, sustentabilidade e tecnologia refor\u00e7am o compromisso municipal com o desenvolvimento sustent\u00e1vel e inova\u00e7\u00e3o. Projetos de energia limpa, pr\u00e1ticas agr\u00edcolas regenerativas e moderniza\u00e7\u00e3o urbana complementam a estrat\u00e9gia de crescimento respons\u00e1vel.<\/p>\n\n\n\n<p>Segundo o prefeito Rodrigo de Alvim Mendon\u00e7a, Monte Alegre de Minas une tradi\u00e7\u00e3o e modernidade para gerar oportunidades, promovendo qualidade de vida e orgulho local. O munic\u00edpio se apresenta como um ambiente promissor para neg\u00f3cios que desejam expandir em um contexto de potencial agroindustrial, log\u00edstica e inova\u00e7\u00e3o.<\/p>\n\n\n\n<p><br><strong>MONTE CARMELO 137 anos<br><\/strong><\/p>\n\n\n\n<figure class=\"wp-block-image size-large\"><img loading=\"lazy\" decoding=\"async\" width=\"1024\" height=\"683\" src=\"https:\/\/revistahubclub.com.br\/portal\/wp-content\/uploads\/2025\/09\/Prefeito-Monte-Carmelo-1024x683.jpg\" alt=\"\" class=\"wp-image-12110\" srcset=\"https:\/\/revistahubclub.com.br\/portal\/wp-content\/uploads\/2025\/09\/Prefeito-Monte-Carmelo-1024x683.jpg 1024w, https:\/\/revistahubclub.com.br\/portal\/wp-content\/uploads\/2025\/09\/Prefeito-Monte-Carmelo-300x200.jpg 300w, https:\/\/revistahubclub.com.br\/portal\/wp-content\/uploads\/2025\/09\/Prefeito-Monte-Carmelo-768x512.jpg 768w, https:\/\/revistahubclub.com.br\/portal\/wp-content\/uploads\/2025\/09\/Prefeito-Monte-Carmelo-1536x1024.jpg 1536w, https:\/\/revistahubclub.com.br\/portal\/wp-content\/uploads\/2025\/09\/Prefeito-Monte-Carmelo-2048x1365.jpg 2048w, https:\/\/revistahubclub.com.br\/portal\/wp-content\/uploads\/2025\/09\/Prefeito-Monte-Carmelo-900x600.jpg 900w\" sizes=\"auto, (max-width: 1024px) 100vw, 1024px\" \/><\/figure>\n\n\n\n<p>Monte Carmelo tamb\u00e9m \u00e9 ativa no desenvolvimento regional. Segundo a Prefeitura, 10 munic\u00edpios vizinhos se beneficiam direta ou indiretamente, e aproximadamente 80 mil moradores da regi\u00e3o s\u00e3o impactados com os investimentos realizados. Com uma popula\u00e7\u00e3o de 49.354, possui 6.903 CNPJs ativos, o que demonstra cen\u00e1rio favor\u00e1vel para abertura de neg\u00f3cios.<\/p>\n\n\n\n<p>No campo produtivo, Monte Carmelo j\u00e1 se firma como refer\u00eancia t\u00eaxtil: duas ind\u00fastrias rec\u00e9m-instaladas empregam mais de 150 pessoas. A economia local est\u00e1 estruturada em tr\u00eas pilares \u2014 agroneg\u00f3cio, servi\u00e7os e com\u00e9rcio \u2014, cada um representando cerca de 33%; por\u00e9m, a alta de pre\u00e7os no agroneg\u00f3cio tende a aumentar sua participa\u00e7\u00e3o no PIB municipal, que ultrapassa R$ 1,5 bilh\u00e3o.<\/p>\n\n\n\n<p>O munic\u00edpio investe em educa\u00e7\u00e3o e inova\u00e7\u00e3o: or\u00e7amento que ultrapassa o m\u00ednimo constitucional de 25% em educa\u00e7\u00e3o, parcerias com SENAI, SENAC, UFU e UNIFUCAMP, e o aplicativo Conecta Monte para servi\u00e7os da prefeitura. Projetos como Cora\u00e7\u00e3o do Cerrado e RIDES promovem impacto regional, com comit\u00eas de fomento, agroneg\u00f3cio, turismo e inova\u00e7\u00e3o. Projetos como Coleta Seletiva, Plantando o Futuro, Quintais Produtivos, Um P\u00e9 no Parque, Caf\u00e9 Produtor de \u00c1gua, Laborat\u00f3rio M\u00f3vel de Irriga\u00e7\u00e3o e +Coop fortalecem a regi\u00e3o. De acordo com o prefeito municipal, Ricardo Ferreira, a perspectiva mais pr\u00f3xima para o desenvolvimento \u00e9 investir no plano estrat\u00e9gico para fortalecer o turismo religioso, caf\u00e9, queijo, o que mant\u00e9m Monte Carmelo no eixo log\u00edstico do Tri\u00e2ngulo Mineiro.<\/p>\n\n\n\n<p>\u201cInvestimos no presente para construir um futuro ainda melhor para todos. O progresso est\u00e1 em cada obra, servi\u00e7o e oportunidade. Monte Carmelo est\u00e1 em constante desenvolvimento e \u00e9 com orgulho e gratid\u00e3o que seguimos trabalhando por uma cidade mais justa, moderna e acolhedora\u201d, diz Ricardo Ferreira.<\/p>\n\n\n\n<p><strong>\u00c9vora Urbanismo<br>Mercado Imobili\u00e1rio cresce a cada dia<\/strong><\/p>\n\n\n\n<figure class=\"wp-block-image size-large\"><img loading=\"lazy\" decoding=\"async\" width=\"1024\" height=\"684\" src=\"https:\/\/revistahubclub.com.br\/portal\/wp-content\/uploads\/2025\/09\/Imagem-empreendimento-1024x684.jpg\" alt=\"\" class=\"wp-image-12112\" srcset=\"https:\/\/revistahubclub.com.br\/portal\/wp-content\/uploads\/2025\/09\/Imagem-empreendimento-1024x684.jpg 1024w, https:\/\/revistahubclub.com.br\/portal\/wp-content\/uploads\/2025\/09\/Imagem-empreendimento-300x200.jpg 300w, https:\/\/revistahubclub.com.br\/portal\/wp-content\/uploads\/2025\/09\/Imagem-empreendimento-768x513.jpg 768w, https:\/\/revistahubclub.com.br\/portal\/wp-content\/uploads\/2025\/09\/Imagem-empreendimento-1536x1025.jpg 1536w, https:\/\/revistahubclub.com.br\/portal\/wp-content\/uploads\/2025\/09\/Imagem-empreendimento-900x600.jpg 900w, https:\/\/revistahubclub.com.br\/portal\/wp-content\/uploads\/2025\/09\/Imagem-empreendimento.jpg 1600w\" sizes=\"auto, (max-width: 1024px) 100vw, 1024px\" \/><\/figure>\n\n\n\n<p>Monte Carmelo recebe novos investimentos no setor imobili\u00e1rio, com destaque para o Bairro Parque das \u00c1rvores, da \u00c9vora Urbanismo. O empreendimento aposta em inova\u00e7\u00e3o, qualidade de vida e desenvolvimento sustent\u00e1vel, reunindo ruas cuidadas, setores bem definidos e infraestrutura completa. As obras come\u00e7aram em agosto de 2025 e incluem o Solaris Home &amp; Resort, moradia integrada \u00e0 natureza e ao bem estar.<\/p>\n\n\n\n<p>A decis\u00e3o de investir na cidade est\u00e1 no constante amadurecimento do setor imobili\u00e1rio e sua expans\u00e3o: um crescimento econ\u00f4mico de 109,7% na \u00faltima d\u00e9cada e 50,2% nos \u00faltimos cinco anos. A for\u00e7a do agroindustrial, aliada ao polo universit\u00e1rio com UFU e UNIFUCAMP, impulsiona a demanda por im\u00f3veis residenciais, comerciais e infraestrutura urbana.<\/p>\n\n\n\n<p>A \u00c9vora v\u00ea Monte Carmelo como motor de Minas, com voca\u00e7\u00e3o para viver bem. Por tudo isso decidiu oferecer a melhor op\u00e7\u00e3o em moradia com o Parque das \u00c1rvores, um bairro planejado com vis\u00e3o de longo prazo. O local promete seguran\u00e7a, conviv\u00eancia e valoriza\u00e7\u00e3o patrimonial, posicionando a cidade no radar de urbanismo moderno do interior.<\/p>\n\n\n\n<p>Quem conhece a proposta entende que se trata de um empreendimento com alma, com prop\u00f3sito e com potencial de valoriza\u00e7\u00e3o acima da m\u00e9dia. \u201c\u00c9 raro encontrar, especialmente em cidades do interior, projetos com esse n\u00edvel de cuidado e de vis\u00e3o estrat\u00e9gica. Por isso, quem escolhe viver ou investir aqui, escolhe fazer parte de um novo cap\u00edtulo da cidade \u2014 e essa \u00e9 uma oportunidade que, com o tempo, tende a se tornar ainda mais especial\u201d. (Leo Chaves)<\/p>\n\n\n\n<p><strong>ARAGUARI<br><\/strong><\/p>\n\n\n\n<figure class=\"wp-block-image size-large\"><img loading=\"lazy\" decoding=\"async\" width=\"968\" height=\"1024\" src=\"https:\/\/revistahubclub.com.br\/portal\/wp-content\/uploads\/2025\/09\/Renato-968x1024.png\" alt=\"\" class=\"wp-image-12111\" srcset=\"https:\/\/revistahubclub.com.br\/portal\/wp-content\/uploads\/2025\/09\/Renato-968x1024.png 968w, https:\/\/revistahubclub.com.br\/portal\/wp-content\/uploads\/2025\/09\/Renato-284x300.png 284w, https:\/\/revistahubclub.com.br\/portal\/wp-content\/uploads\/2025\/09\/Renato-768x812.png 768w, https:\/\/revistahubclub.com.br\/portal\/wp-content\/uploads\/2025\/09\/Renato-1452x1536.png 1452w, https:\/\/revistahubclub.com.br\/portal\/wp-content\/uploads\/2025\/09\/Renato-1936x2048.png 1936w\" sizes=\"auto, (max-width: 968px) 100vw, 968px\" \/><\/figure>\n\n\n\n<p>Cidade estrat\u00e9gica no Tri\u00e2ngulo Mineiro, destaca-se pelo seu desenvolvimento econ\u00f4mico robusto e diversificado, impulsionado por investimentos em infraestrutura, log\u00edstica e inova\u00e7\u00e3o. Com uma economia equilibrada entre agricultura, ind\u00fastria e servi\u00e7os, a cidade ocupa a 18\u00aa posi\u00e7\u00e3o em Minas Gerais, oferecendo oportunidades atrativas para neg\u00f3cios de diversos setores.<\/p>\n\n\n\n<p>Recentemente, Araguari investiu R$ 300 milh\u00f5es na recupera\u00e7\u00e3o de rodovias e aprimorou sua gest\u00e3o do Distrito Industrial, atraindo grandes empreendimentos como a LD Celulose S.A., que representa um investimento de US$ 1,38 bilh\u00e3o e gera 1.400 empregos diretos. A pol\u00edtica de incentivos fiscais, que oferece at\u00e9 50% de desconto em im\u00f3veis p\u00fablicos para empresas que investem acima de R$ 200 milh\u00f5es e geram ao menos 350 empregos, refor\u00e7a sua atratividade.<\/p>\n\n\n\n<p>Al\u00e9m disso, a\u00e7\u00f5es conjuntas com munic\u00edpios vizinhos, como a participa\u00e7\u00e3o na AMVAP e na IGR Rota do Tri\u00e2ngulo, fortalecem a integra\u00e7\u00e3o regional. Projetos de infraestrutura, como a pavimenta\u00e7\u00e3o da MG 414 e o Parque Linear, elevam a qualidade de vida e ampliam o potencial tur\u00edstico, beneficiando toda a regi\u00e3o.<\/p>\n\n\n\n<p>Para o futuro, a cidade planeja expandir seu parque industrial, aprofundar a\u00e7\u00f5es sustent\u00e1veis e explorar novas cadeias produtivas, consolidando seu papel de polo regional e contribuindo para o crescimento do Tri\u00e2ngulo Mineiro no cen\u00e1rio nacional.<\/p>\n\n\n\n<p>\u201cCom uma gest\u00e3o focada na inova\u00e7\u00e3o, Araguari \u00e9 um ambiente promissor para neg\u00f3cios e investimentos de alto valor agregado\u201d, afirma o prefeito Renato Carvalho.<\/p>\n","protected":false},"excerpt":{"rendered":"<p>Carolina Barros | Fotos: Divulga\u00e7\u00e3o O Tri\u00e2ngulo Mineiro \u00e9 uma regi\u00e3o crucial para a economia de Minas Gerais. Conhecida por sua economia diversificada e crescimento urbano, tem se destacado quando<\/p>\n","protected":false},"author":2,"featured_media":10677,"comment_status":"open","ping_status":"open","sticky":false,"template":"","format":"standard","meta":{"footnotes":""},"categories":[1],"tags":[377,674,673,397,506,24,27],"class_list":["post-12106","post","type-post","status-publish","format-standard","has-post-thumbnail","hentry","category-noticias","tag-araguari","tag-cidades","tag-desenvolvimento-regional","tag-ituiutaba","tag-monte-alegre-de-minas","tag-monte-carmelo","tag-uberlandia"],"_links":{"self":[{"href":"https:\/\/revistahubclub.com.br\/portal\/wp-json\/wp\/v2\/posts\/12106","targetHints":{"allow":["GET"]}}],"collection":[{"href":"https:\/\/revistahubclub.com.br\/portal\/wp-json\/wp\/v2\/posts"}],"about":[{"href":"https:\/\/revistahubclub.com.br\/portal\/wp-json\/wp\/v2\/types\/post"}],"author":[{"embeddable":true,"href":"https:\/\/revistahubclub.com.br\/portal\/wp-json\/wp\/v2\/users\/2"}],"replies":[{"embeddable":true,"href":"https:\/\/revistahubclub.com.br\/portal\/wp-json\/wp\/v2\/comments?post=12106"}],"version-history":[{"count":1,"href":"https:\/\/revistahubclub.com.br\/portal\/wp-json\/wp\/v2\/posts\/12106\/revisions"}],"predecessor-version":[{"id":12113,"href":"https:\/\/revistahubclub.com.br\/portal\/wp-json\/wp\/v2\/posts\/12106\/revisions\/12113"}],"wp:featuredmedia":[{"embeddable":true,"href":"https:\/\/revistahubclub.com.br\/portal\/wp-json\/wp\/v2\/media\/10677"}],"wp:attachment":[{"href":"https:\/\/revistahubclub.com.br\/portal\/wp-json\/wp\/v2\/media?parent=12106"}],"wp:term":[{"taxonomy":"category","embeddable":true,"href":"https:\/\/revistahubclub.com.br\/portal\/wp-json\/wp\/v2\/categories?post=12106"},{"taxonomy":"post_tag","embeddable":true,"href":"https:\/\/revistahubclub.com.br\/portal\/wp-json\/wp\/v2\/tags?post=12106"}],"curies":[{"name":"wp","href":"https:\/\/api.w.org\/{rel}","templated":true}]}}