{"id":12123,"date":"2025-09-15T10:15:48","date_gmt":"2025-09-15T13:15:48","guid":{"rendered":"https:\/\/revistahubclub.com.br\/portal\/?p=12123"},"modified":"2025-09-15T10:15:48","modified_gmt":"2025-09-15T13:15:48","slug":"25-anos-de-tradicao-fatra-se-transforma-em-unifatra-e-inicia-trajetoria-como-centro-universitario","status":"publish","type":"post","link":"https:\/\/revistahubclub.com.br\/portal\/2025\/09\/15\/25-anos-de-tradicao-fatra-se-transforma-em-unifatra-e-inicia-trajetoria-como-centro-universitario\/","title":{"rendered":"25 anos de tradi\u00e7\u00e3o &#8211; FATRA se transforma em UNIFATRA e inicia trajet\u00f3ria como Centro Universit\u00e1rio"},"content":{"rendered":"\n<p>Publi Editorial | Fotos Conecta Comunica\u00e7\u00e3o Estrat\u00e9gica<\/p>\n\n\n\n<p>Institui\u00e7\u00e3o celebra trajet\u00f3ria de expans\u00e3o no ensino superior em Uberl\u00e2ndia e consolida posi\u00e7\u00e3o de refer\u00eancia regional em educa\u00e7\u00e3o<\/p>\n\n\n\n<p>Ao completar 25 anos de atua\u00e7\u00e3o em Uberl\u00e2ndia, o Grupo Unifatra refor\u00e7a sua hist\u00f3ria de inova\u00e7\u00e3o e crescimento no setor educacional. Fundada em 2000, a institui\u00e7\u00e3o iniciou sua trajet\u00f3ria com a Faculdade do Trabalho, voltada \u00e0 forma\u00e7\u00e3o profissional de qualidade, e desde ent\u00e3o ampliou sua presen\u00e7a com novos cursos, unidades e projetos, sempre alinhados \u00e0s demandas do mercado e da sociedade.<\/p>\n\n\n\n<figure class=\"wp-block-image size-large\"><img loading=\"lazy\" decoding=\"async\" width=\"1024\" height=\"812\" src=\"https:\/\/revistahubclub.com.br\/portal\/wp-content\/uploads\/2025\/09\/Captura-de-Tela-2025-09-15-as-10.13.05-AM-1024x812.png\" alt=\"\" class=\"wp-image-12126\" srcset=\"https:\/\/revistahubclub.com.br\/portal\/wp-content\/uploads\/2025\/09\/Captura-de-Tela-2025-09-15-as-10.13.05-AM-1024x812.png 1024w, https:\/\/revistahubclub.com.br\/portal\/wp-content\/uploads\/2025\/09\/Captura-de-Tela-2025-09-15-as-10.13.05-AM-300x238.png 300w, https:\/\/revistahubclub.com.br\/portal\/wp-content\/uploads\/2025\/09\/Captura-de-Tela-2025-09-15-as-10.13.05-AM-768x609.png 768w, https:\/\/revistahubclub.com.br\/portal\/wp-content\/uploads\/2025\/09\/Captura-de-Tela-2025-09-15-as-10.13.05-AM.png 1148w\" sizes=\"auto, (max-width: 1024px) 100vw, 1024px\" \/><\/figure>\n\n\n\n<p>Um dos marcos mais relevantes dessa trajet\u00f3ria foi a cria\u00e7\u00e3o da Faculdade de Medicina de Uberl\u00e2ndia, em 2022. A iniciativa ampliou a contribui\u00e7\u00e3o do grupo para a \u00e1rea da sa\u00fade e respondeu a uma demanda hist\u00f3rica da regi\u00e3o, oferecendo forma\u00e7\u00e3o de excel\u00eancia e estrutura moderna para futuros profissionais m\u00e9dicos. Em pouco tempo, o curso tornou-se refer\u00eancia pela qualidade do corpo docente e pelo impacto positivo na comunidade.<\/p>\n\n\n\n<p>Agora, em 2025, ano em que celebra seu jubileu de prata, a institui\u00e7\u00e3o d\u00e1 mais um passo decisivo em sua trajet\u00f3ria: a transi\u00e7\u00e3o para Centro Universit\u00e1rio. O novo status reflete a maturidade acad\u00eamica conquistada ao longo de duas d\u00e9cadas e meia, com investimentos cont\u00ednuos em infraestrutura, inova\u00e7\u00e3o pedag\u00f3gica, pesquisa e extens\u00e3o.<\/p>\n\n\n\n<p>O reconhecimento como Centro Universit\u00e1rio traz benef\u00edcios diretos para a comunidade acad\u00eamica, como maior autonomia na cria\u00e7\u00e3o de cursos, fortalecimento da produ\u00e7\u00e3o cient\u00edfica e amplia\u00e7\u00e3o das parcerias institucionais. Para os estudantes, isso significa acesso a uma forma\u00e7\u00e3o ainda mais conectada \u00e0s necessidades do mercado e \u00e0s transforma\u00e7\u00f5es sociais.<\/p>\n\n\n\n<p>Al\u00e9m da evolu\u00e7\u00e3o acad\u00eamica, o grupo tem investido de forma cont\u00ednua na moderniza\u00e7\u00e3o de seus campi, com laborat\u00f3rios equipados, bibliotecas atualizadas e ambientes voltados para metodologias ativas de ensino. Essas iniciativas refor\u00e7am o compromisso com a qualidade e colocam os alunos em contato com pr\u00e1ticas alinhadas \u00e0s exig\u00eancias contempor\u00e2neas do mercado de trabalho.<\/p>\n\n\n\n<figure class=\"wp-block-image size-large\"><img loading=\"lazy\" decoding=\"async\" width=\"1024\" height=\"806\" src=\"https:\/\/revistahubclub.com.br\/portal\/wp-content\/uploads\/2025\/09\/Captura-de-Tela-2025-09-15-as-10.12.45-AM-1024x806.png\" alt=\"\" class=\"wp-image-12125\" srcset=\"https:\/\/revistahubclub.com.br\/portal\/wp-content\/uploads\/2025\/09\/Captura-de-Tela-2025-09-15-as-10.12.45-AM-1024x806.png 1024w, https:\/\/revistahubclub.com.br\/portal\/wp-content\/uploads\/2025\/09\/Captura-de-Tela-2025-09-15-as-10.12.45-AM-300x236.png 300w, https:\/\/revistahubclub.com.br\/portal\/wp-content\/uploads\/2025\/09\/Captura-de-Tela-2025-09-15-as-10.12.45-AM-768x605.png 768w, https:\/\/revistahubclub.com.br\/portal\/wp-content\/uploads\/2025\/09\/Captura-de-Tela-2025-09-15-as-10.12.45-AM.png 1156w\" sizes=\"auto, (max-width: 1024px) 100vw, 1024px\" \/><\/figure>\n\n\n\n<p>Outro ponto de destaque \u00e9 a atua\u00e7\u00e3o da institui\u00e7\u00e3o em projetos de extens\u00e3o, que aproximam a academia da comunidade. Atrav\u00e9s de a\u00e7\u00f5es sociais, atendimentos e parcerias locais, o Unifatra fortalece seu papel como agente de transforma\u00e7\u00e3o, contribuindo para o desenvolvimento humano, social e econ\u00f4mico da regi\u00e3o.<\/p>\n\n\n\n<p>Com tradi\u00e7\u00e3o, credibilidade e capacidade de renova\u00e7\u00e3o, o Grupo Unifatra reafirma seu compromisso em transformar vidas por meio da educa\u00e7\u00e3o. Ao celebrar 25 anos, a institui\u00e7\u00e3o olha para o futuro mantendo sua ess\u00eancia: formar profissionais preparados, \u00e9ticos e comprometidos com o desenvolvimento de Uberl\u00e2ndia e da regi\u00e3o.<\/p>\n\n\n<figure class=\"wp-block-post-featured-image\"><img loading=\"lazy\" decoding=\"async\" width=\"1580\" height=\"1050\" src=\"https:\/\/revistahubclub.com.br\/portal\/wp-content\/uploads\/2025\/09\/Captura-de-Tela-2025-09-15-as-10.10.48-AM.png\" class=\"attachment-post-thumbnail size-post-thumbnail wp-post-image\" alt=\"\" style=\"object-fit:cover;\" srcset=\"https:\/\/revistahubclub.com.br\/portal\/wp-content\/uploads\/2025\/09\/Captura-de-Tela-2025-09-15-as-10.10.48-AM.png 1580w, https:\/\/revistahubclub.com.br\/portal\/wp-content\/uploads\/2025\/09\/Captura-de-Tela-2025-09-15-as-10.10.48-AM-300x199.png 300w, https:\/\/revistahubclub.com.br\/portal\/wp-content\/uploads\/2025\/09\/Captura-de-Tela-2025-09-15-as-10.10.48-AM-1024x681.png 1024w, https:\/\/revistahubclub.com.br\/portal\/wp-content\/uploads\/2025\/09\/Captura-de-Tela-2025-09-15-as-10.10.48-AM-768x510.png 768w, https:\/\/revistahubclub.com.br\/portal\/wp-content\/uploads\/2025\/09\/Captura-de-Tela-2025-09-15-as-10.10.48-AM-1536x1021.png 1536w\" sizes=\"auto, (max-width: 1580px) 100vw, 1580px\" \/><\/figure>","protected":false},"excerpt":{"rendered":"<p>Publi Editorial | Fotos Conecta Comunica\u00e7\u00e3o Estrat\u00e9gica Institui\u00e7\u00e3o celebra trajet\u00f3ria de expans\u00e3o no ensino superior em Uberl\u00e2ndia e consolida posi\u00e7\u00e3o de refer\u00eancia regional em educa\u00e7\u00e3o Ao completar 25 anos de<\/p>\n","protected":false},"author":2,"featured_media":12124,"comment_status":"open","ping_status":"open","sticky":false,"template":"","format":"standard","meta":{"footnotes":""},"categories":[1],"tags":[680,27,679],"class_list":["post-12123","post","type-post","status-publish","format-standard","has-post-thumbnail","hentry","category-noticias","tag-faculdade-de-medicina","tag-uberlandia","tag-unifatra"],"_links":{"self":[{"href":"https:\/\/revistahubclub.com.br\/portal\/wp-json\/wp\/v2\/posts\/12123","targetHints":{"allow":["GET"]}}],"collection":[{"href":"https:\/\/revistahubclub.com.br\/portal\/wp-json\/wp\/v2\/posts"}],"about":[{"href":"https:\/\/revistahubclub.com.br\/portal\/wp-json\/wp\/v2\/types\/post"}],"author":[{"embeddable":true,"href":"https:\/\/revistahubclub.com.br\/portal\/wp-json\/wp\/v2\/users\/2"}],"replies":[{"embeddable":true,"href":"https:\/\/revistahubclub.com.br\/portal\/wp-json\/wp\/v2\/comments?post=12123"}],"version-history":[{"count":1,"href":"https:\/\/revistahubclub.com.br\/portal\/wp-json\/wp\/v2\/posts\/12123\/revisions"}],"predecessor-version":[{"id":12127,"href":"https:\/\/revistahubclub.com.br\/portal\/wp-json\/wp\/v2\/posts\/12123\/revisions\/12127"}],"wp:featuredmedia":[{"embeddable":true,"href":"https:\/\/revistahubclub.com.br\/portal\/wp-json\/wp\/v2\/media\/12124"}],"wp:attachment":[{"href":"https:\/\/revistahubclub.com.br\/portal\/wp-json\/wp\/v2\/media?parent=12123"}],"wp:term":[{"taxonomy":"category","embeddable":true,"href":"https:\/\/revistahubclub.com.br\/portal\/wp-json\/wp\/v2\/categories?post=12123"},{"taxonomy":"post_tag","embeddable":true,"href":"https:\/\/revistahubclub.com.br\/portal\/wp-json\/wp\/v2\/tags?post=12123"}],"curies":[{"name":"wp","href":"https:\/\/api.w.org\/{rel}","templated":true}]}}