{"id":12131,"date":"2025-09-15T15:00:04","date_gmt":"2025-09-15T18:00:04","guid":{"rendered":"https:\/\/revistahubclub.com.br\/portal\/?p=12131"},"modified":"2025-09-15T15:00:04","modified_gmt":"2025-09-15T18:00:04","slug":"fundacao-cdl-oferece-cursos-para-fortalecer-negocios-e-impulsionar-carreiras-em-uberlandia","status":"publish","type":"post","link":"https:\/\/revistahubclub.com.br\/portal\/2025\/09\/15\/fundacao-cdl-oferece-cursos-para-fortalecer-negocios-e-impulsionar-carreiras-em-uberlandia\/","title":{"rendered":"Funda\u00e7\u00e3o CDL oferece cursos para fortalecer neg\u00f3cios e impulsionar carreiras em Uberl\u00e2ndia"},"content":{"rendered":"\n<p><\/p>\n\n\n\n<p><em>As inscri\u00e7\u00f5es para os cursos Transforma\u00e7\u00e3o Digital no Varejo e Marketing como Estrat\u00e9gia de Neg\u00f3cios est\u00e3o abertas <\/em>&nbsp;<\/p>\n\n\n\n<p>A Funda\u00e7\u00e3o CDL Uberl\u00e2ndia em colabora\u00e7\u00e3o com os macrodesafios do projeto Pacto pela Inova\u00e7\u00e3o,&nbsp;segue refor\u00e7ando sua miss\u00e3o de fomentar o desenvolvimento profissional e empresarial, oferecendo cursos que unem teoria e pr\u00e1tica para preparar empreendedores, gestores e colaboradores diante dos novos desafios do mercado. Entre setembro e outubro, a entidade promove capacita\u00e7\u00f5es que abordam temas estrat\u00e9gicos e atuais, como transforma\u00e7\u00e3o digital e marketing.&nbsp;<\/p>\n\n\n\n<p>De 22 a 24 de setembro, ser\u00e1 realizado o curso \u201cTransforma\u00e7\u00e3o Digital no Varejo\u201d, que tem como foco mostrar como a tecnologia vem impactando o comportamento do consumidor e quais ferramentas os pequenos neg\u00f3cios podem utilizar para conquistar espa\u00e7o no ambiente online. O conte\u00fado inclui desde seguran\u00e7a digital e prote\u00e7\u00e3o de dados at\u00e9 estrat\u00e9gias para humanizar o atendimento e criar v\u00ednculos de confian\u00e7a com os clientes.&nbsp;<\/p>\n\n\n\n<p>Na sequ\u00eancia, entre os dias 13 e 15 de outubro, a Funda\u00e7\u00e3o CDL promove o curso \u201cMarketing como Estrat\u00e9gia de Neg\u00f3cios\u201d, voltado a empres\u00e1rios e profissionais que desejam compreender melhor o papel do marketing na constru\u00e7\u00e3o de marcas s\u00f3lidas e competitivas. O programa ir\u00e1 abordar m\u00e9todos de an\u00e1lise de mercado, constru\u00e7\u00e3o de identidade, uso de novas tecnologias e estrat\u00e9gias audiovisuais para engajamento, al\u00e9m de ferramentas essenciais como SWOT, personas e jornada do cliente. Os cursos acontecer\u00e3o na CDL Uberl\u00e2ndia, das 19h \u00e0s 22h.&nbsp;<\/p>\n\n\n\n<p>Ambos os cursos ser\u00e3o conduzidos pelo instrutor Marcus Vinicius, graduado em Marketing e com MBA em Gest\u00e3o Empresarial, que acumula mais de sete anos de experi\u00eancia ajudando empresas a fortalecer suas marcas e conquistar resultados consistentes. Propriet\u00e1rio e fundador da Alume Marketing, Marcus traz na bagagem especializa\u00e7\u00f5es em marketing digital, branding e comunica\u00e7\u00e3o estrat\u00e9gica.&nbsp;<\/p>\n\n\n\n<p>De acordo com presidente da Funda\u00e7\u00e3o CDL, Mauro Lucio Rodrigues,&nbsp;com essa iniciativa a Funda\u00e7\u00e3o CDL Uberl\u00e2ndia reafirma seu papel como parceira no desenvolvimento da economia local, capacitando profissionais e empresas para se destacarem em um cen\u00e1rio cada vez mais competitivo e inovador.&nbsp;<\/p>\n\n\n\n<p>Informa\u00e7\u00f5es sobre inscri\u00e7\u00f5es e investimento no <a href=\"https:\/\/loja.cdludi.org.br\/\" target=\"_blank\" rel=\"noreferrer noopener\">https:\/\/loja.cdludi.org.br\/<\/a><\/p>\n\n\n<figure class=\"wp-block-post-featured-image\"><img loading=\"lazy\" decoding=\"async\" width=\"416\" height=\"333\" src=\"https:\/\/revistahubclub.com.br\/portal\/wp-content\/uploads\/2025\/09\/curso.png\" class=\"attachment-post-thumbnail size-post-thumbnail wp-post-image\" alt=\"\" style=\"object-fit:cover;\" srcset=\"https:\/\/revistahubclub.com.br\/portal\/wp-content\/uploads\/2025\/09\/curso.png 416w, https:\/\/revistahubclub.com.br\/portal\/wp-content\/uploads\/2025\/09\/curso-300x240.png 300w\" sizes=\"auto, (max-width: 416px) 100vw, 416px\" \/><\/figure>","protected":false},"excerpt":{"rendered":"<p>As inscri\u00e7\u00f5es para os cursos Transforma\u00e7\u00e3o Digital no Varejo e Marketing como Estrat\u00e9gia de Neg\u00f3cios est\u00e3o abertas &nbsp; A Funda\u00e7\u00e3o CDL Uberl\u00e2ndia em colabora\u00e7\u00e3o com os macrodesafios do projeto Pacto<\/p>\n","protected":false},"author":2,"featured_media":12132,"comment_status":"open","ping_status":"open","sticky":false,"template":"","format":"standard","meta":{"footnotes":""},"categories":[1],"tags":[],"class_list":["post-12131","post","type-post","status-publish","format-standard","has-post-thumbnail","hentry","category-noticias"],"_links":{"self":[{"href":"https:\/\/revistahubclub.com.br\/portal\/wp-json\/wp\/v2\/posts\/12131","targetHints":{"allow":["GET"]}}],"collection":[{"href":"https:\/\/revistahubclub.com.br\/portal\/wp-json\/wp\/v2\/posts"}],"about":[{"href":"https:\/\/revistahubclub.com.br\/portal\/wp-json\/wp\/v2\/types\/post"}],"author":[{"embeddable":true,"href":"https:\/\/revistahubclub.com.br\/portal\/wp-json\/wp\/v2\/users\/2"}],"replies":[{"embeddable":true,"href":"https:\/\/revistahubclub.com.br\/portal\/wp-json\/wp\/v2\/comments?post=12131"}],"version-history":[{"count":1,"href":"https:\/\/revistahubclub.com.br\/portal\/wp-json\/wp\/v2\/posts\/12131\/revisions"}],"predecessor-version":[{"id":12133,"href":"https:\/\/revistahubclub.com.br\/portal\/wp-json\/wp\/v2\/posts\/12131\/revisions\/12133"}],"wp:featuredmedia":[{"embeddable":true,"href":"https:\/\/revistahubclub.com.br\/portal\/wp-json\/wp\/v2\/media\/12132"}],"wp:attachment":[{"href":"https:\/\/revistahubclub.com.br\/portal\/wp-json\/wp\/v2\/media?parent=12131"}],"wp:term":[{"taxonomy":"category","embeddable":true,"href":"https:\/\/revistahubclub.com.br\/portal\/wp-json\/wp\/v2\/categories?post=12131"},{"taxonomy":"post_tag","embeddable":true,"href":"https:\/\/revistahubclub.com.br\/portal\/wp-json\/wp\/v2\/tags?post=12131"}],"curies":[{"name":"wp","href":"https:\/\/api.w.org\/{rel}","templated":true}]}}