{"id":12584,"date":"2025-12-08T09:03:50","date_gmt":"2025-12-08T12:03:50","guid":{"rendered":"https:\/\/revistahubclub.com.br\/portal\/?p=12584"},"modified":"2025-12-08T09:04:20","modified_gmt":"2025-12-08T12:04:20","slug":"beleza-consciente-impacto-positivo-no-bem-estar-e-em-um-planeta-sustentavel","status":"publish","type":"post","link":"https:\/\/revistahubclub.com.br\/portal\/2025\/12\/08\/beleza-consciente-impacto-positivo-no-bem-estar-e-em-um-planeta-sustentavel\/","title":{"rendered":"Beleza consciente &#8211; Impacto positivo no bem-estar e em um planeta sustent\u00e1vel"},"content":{"rendered":"\n<p><strong><em>Publi Editorial | Fotos: Divulga\u00e7\u00e3o<\/em><\/strong><\/p>\n\n\n\n<p>Ap\u00f3s mais de tr\u00eas d\u00e9cadas firmando la\u00e7os s\u00f3lidos com clientes e profissionais, o Evidence Cabelo &amp; Imagem, inicia uma nova etapa ao unir-se ao Grupo Laces e ao projeto Bioma, trazendo um know-how valioso em cosm\u00e9ticos naturais e pr\u00e1ticas sustent\u00e1veis para nossa cidade. O resultado \u00e9 a concep\u00e7\u00e3o do BIOMA EVIDENCE Hair Spa, que combina servi\u00e7os cl\u00e1ssicos de sal\u00e3o de beleza com produtos naturais, pr\u00e1ticas sustent\u00e1veis, sa\u00fade capilar, diagn\u00f3sticos personalizados e bemestar. <\/p>\n\n\n\n<p>A chegada da marca Laces em Uberl\u00e2ndia concretiza um sonho: unir nossa experi\u00eancia t\u00e9cnica e reconhecida excel\u00eancia em atendimento com a utiliza\u00e7\u00e3o de cosm\u00e9ticos mais limpos e conscientes, realizar novos servi\u00e7os e pr\u00e1ticas mais saud\u00e1veis para os cabelos, pessoas e planeta. A nova oferta inclui linhas formuladas com at\u00e9 98% de ingredientes vegetais, org\u00e2nicos, menos qu\u00edmicos e embalagens que reduzem o impacto ambiental. Os ativos cosm\u00e9ticos bioid\u00eanticos, proporcionam resultados superiores aos cosm\u00e9ticos sint\u00e9ticos e respeitam a sa\u00fade de forma integrativa. <\/p>\n\n\n\n<figure class=\"wp-block-image size-large\"><img loading=\"lazy\" decoding=\"async\" width=\"1024\" height=\"753\" src=\"https:\/\/revistahubclub.com.br\/portal\/wp-content\/uploads\/2025\/12\/Captura-de-Tela-2025-12-08-as-9.01.40-AM-1024x753.png\" alt=\"\" class=\"wp-image-12586\" srcset=\"https:\/\/revistahubclub.com.br\/portal\/wp-content\/uploads\/2025\/12\/Captura-de-Tela-2025-12-08-as-9.01.40-AM-1024x753.png 1024w, https:\/\/revistahubclub.com.br\/portal\/wp-content\/uploads\/2025\/12\/Captura-de-Tela-2025-12-08-as-9.01.40-AM-300x221.png 300w, https:\/\/revistahubclub.com.br\/portal\/wp-content\/uploads\/2025\/12\/Captura-de-Tela-2025-12-08-as-9.01.40-AM-768x565.png 768w, https:\/\/revistahubclub.com.br\/portal\/wp-content\/uploads\/2025\/12\/Captura-de-Tela-2025-12-08-as-9.01.40-AM.png 1178w\" sizes=\"auto, (max-width: 1024px) 100vw, 1024px\" \/><\/figure>\n\n\n\n<p>A marca contempla tratamentos especialistas em cabelos crespos, cacheados, multitexturas, redutores de frizz, ressecados, descama\u00e7\u00f5es de couro cabeludo, excesso de oleosidade, queda e afinamento dos fios e ainda conta com colora\u00e7\u00f5es formuladas com 80% de ingredientes naturais, diminuindo fatores alergenos e garantindo a cobertura dos fios brancos. <\/p>\n\n\n\n<p>Iniciativas em parceria com o Projeto Bioma se dedicam \u00e0 valoriza\u00e7\u00e3o das mat\u00e9rias-primas dos biomas brasileiros, \u00e0 promo\u00e7\u00e3o de pr\u00e1ticas de cultivo sustent\u00e1vel, a a\u00e7\u00f5es de compensa\u00e7\u00e3o de carbono, campanhas de conscientiza\u00e7\u00e3o sobre descarte adequado de res\u00edduos, embalagens Ecogreen e compromissos sociais como: \u201ccapacita\u00e7\u00e3o profissional\u201d \u201cBem Querer Mulher\u201d e outros. <\/p>\n\n\n\n<p>Para nossos clientes, isso significa acesso a tratamentos que harmonizam est\u00e9tica e sa\u00fade, com r\u00f3tulos transparentes, op\u00e7\u00f5es sustent\u00e1veis e retorno \u00e0 sociedade. No sal\u00e3o, servi\u00e7os tradicionais s\u00e3o enriquecidos com protocolos de atendimento humanizados e produtos de origem natural. Al\u00e9m de um portf\u00f3lio diversificado, nossa meta \u00e9 fortalecer a economia local enquanto nos posicionamos como refer\u00eancia em beleza consciente. <\/p>\n\n\n\n<figure class=\"wp-block-image size-large\"><img loading=\"lazy\" decoding=\"async\" width=\"916\" height=\"1024\" src=\"https:\/\/revistahubclub.com.br\/portal\/wp-content\/uploads\/2025\/12\/Captura-de-Tela-2025-12-08-as-9.02.01-AM-916x1024.png\" alt=\"\" class=\"wp-image-12587\" srcset=\"https:\/\/revistahubclub.com.br\/portal\/wp-content\/uploads\/2025\/12\/Captura-de-Tela-2025-12-08-as-9.02.01-AM-916x1024.png 916w, https:\/\/revistahubclub.com.br\/portal\/wp-content\/uploads\/2025\/12\/Captura-de-Tela-2025-12-08-as-9.02.01-AM-268x300.png 268w, https:\/\/revistahubclub.com.br\/portal\/wp-content\/uploads\/2025\/12\/Captura-de-Tela-2025-12-08-as-9.02.01-AM-768x858.png 768w, https:\/\/revistahubclub.com.br\/portal\/wp-content\/uploads\/2025\/12\/Captura-de-Tela-2025-12-08-as-9.02.01-AM.png 1138w\" sizes=\"auto, (max-width: 916px) 100vw, 916px\" \/><\/figure>\n\n\n\n<p>O BIOMA EVIDENCE oferece um espa\u00e7o projetado para promover a experi\u00eancia de rituais de cuidados, bem-estar e conex\u00e3o com a natureza, atendendo apenas com hora marcada. \u201cUnimos tradi\u00e7\u00e3o e prop\u00f3sito: desejamos oferecer a Uberl\u00e2ndia uma beleza que faz bem \u2014 para as pessoas e para o planeta.\u201d<\/p>\n\n\n\n<figure class=\"wp-block-image size-full is-resized\"><img loading=\"lazy\" decoding=\"async\" width=\"984\" height=\"426\" src=\"https:\/\/revistahubclub.com.br\/portal\/wp-content\/uploads\/2025\/12\/Captura-de-Tela-2025-12-08-as-9.02.25-AM.png\" alt=\"\" class=\"wp-image-12588\" style=\"aspect-ratio:2.3098736787831915;width:686px;height:auto\" srcset=\"https:\/\/revistahubclub.com.br\/portal\/wp-content\/uploads\/2025\/12\/Captura-de-Tela-2025-12-08-as-9.02.25-AM.png 984w, https:\/\/revistahubclub.com.br\/portal\/wp-content\/uploads\/2025\/12\/Captura-de-Tela-2025-12-08-as-9.02.25-AM-300x130.png 300w, https:\/\/revistahubclub.com.br\/portal\/wp-content\/uploads\/2025\/12\/Captura-de-Tela-2025-12-08-as-9.02.25-AM-768x332.png 768w\" sizes=\"auto, (max-width: 984px) 100vw, 984px\" \/><\/figure>\n\n\n<figure class=\"wp-block-post-featured-image\"><img loading=\"lazy\" decoding=\"async\" width=\"982\" height=\"1058\" src=\"https:\/\/revistahubclub.com.br\/portal\/wp-content\/uploads\/2025\/12\/Captura-de-Tela-2025-12-08-as-9.01.21-AM.png\" class=\"attachment-post-thumbnail size-post-thumbnail wp-post-image\" alt=\"\" style=\"object-fit:cover;\" srcset=\"https:\/\/revistahubclub.com.br\/portal\/wp-content\/uploads\/2025\/12\/Captura-de-Tela-2025-12-08-as-9.01.21-AM.png 982w, https:\/\/revistahubclub.com.br\/portal\/wp-content\/uploads\/2025\/12\/Captura-de-Tela-2025-12-08-as-9.01.21-AM-278x300.png 278w, https:\/\/revistahubclub.com.br\/portal\/wp-content\/uploads\/2025\/12\/Captura-de-Tela-2025-12-08-as-9.01.21-AM-950x1024.png 950w, https:\/\/revistahubclub.com.br\/portal\/wp-content\/uploads\/2025\/12\/Captura-de-Tela-2025-12-08-as-9.01.21-AM-768x827.png 768w\" sizes=\"auto, (max-width: 982px) 100vw, 982px\" \/><\/figure>","protected":false},"excerpt":{"rendered":"<p>Publi Editorial | Fotos: Divulga\u00e7\u00e3o Ap\u00f3s mais de tr\u00eas d\u00e9cadas firmando la\u00e7os s\u00f3lidos com clientes e profissionais, o Evidence Cabelo &amp; Imagem, inicia uma nova etapa ao unir-se ao Grupo<\/p>\n","protected":false},"author":2,"featured_media":12585,"comment_status":"open","ping_status":"open","sticky":false,"template":"","format":"standard","meta":{"footnotes":""},"categories":[1],"tags":[783,700,697,703,782],"class_list":["post-12584","post","type-post","status-publish","format-standard","has-post-thumbnail","hentry","category-noticias","tag-bioma","tag-cabelo","tag-estetica","tag-evidence","tag-salao-de-cabeleireiros"],"_links":{"self":[{"href":"https:\/\/revistahubclub.com.br\/portal\/wp-json\/wp\/v2\/posts\/12584","targetHints":{"allow":["GET"]}}],"collection":[{"href":"https:\/\/revistahubclub.com.br\/portal\/wp-json\/wp\/v2\/posts"}],"about":[{"href":"https:\/\/revistahubclub.com.br\/portal\/wp-json\/wp\/v2\/types\/post"}],"author":[{"embeddable":true,"href":"https:\/\/revistahubclub.com.br\/portal\/wp-json\/wp\/v2\/users\/2"}],"replies":[{"embeddable":true,"href":"https:\/\/revistahubclub.com.br\/portal\/wp-json\/wp\/v2\/comments?post=12584"}],"version-history":[{"count":1,"href":"https:\/\/revistahubclub.com.br\/portal\/wp-json\/wp\/v2\/posts\/12584\/revisions"}],"predecessor-version":[{"id":12589,"href":"https:\/\/revistahubclub.com.br\/portal\/wp-json\/wp\/v2\/posts\/12584\/revisions\/12589"}],"wp:featuredmedia":[{"embeddable":true,"href":"https:\/\/revistahubclub.com.br\/portal\/wp-json\/wp\/v2\/media\/12585"}],"wp:attachment":[{"href":"https:\/\/revistahubclub.com.br\/portal\/wp-json\/wp\/v2\/media?parent=12584"}],"wp:term":[{"taxonomy":"category","embeddable":true,"href":"https:\/\/revistahubclub.com.br\/portal\/wp-json\/wp\/v2\/categories?post=12584"},{"taxonomy":"post_tag","embeddable":true,"href":"https:\/\/revistahubclub.com.br\/portal\/wp-json\/wp\/v2\/tags?post=12584"}],"curies":[{"name":"wp","href":"https:\/\/api.w.org\/{rel}","templated":true}]}}