{"id":12602,"date":"2025-12-08T15:37:27","date_gmt":"2025-12-08T18:37:27","guid":{"rendered":"https:\/\/revistahubclub.com.br\/portal\/?p=12602"},"modified":"2025-12-08T15:37:27","modified_gmt":"2025-12-08T18:37:27","slug":"uberlandia-se-prepara-para-receber-novo-marco-urbano-com-investimento-bilionario","status":"publish","type":"post","link":"https:\/\/revistahubclub.com.br\/portal\/2025\/12\/08\/uberlandia-se-prepara-para-receber-novo-marco-urbano-com-investimento-bilionario\/","title":{"rendered":"Uberl\u00e2ndia se prepara para receber novo marco urbano com investimento bilion\u00e1rio"},"content":{"rendered":"\n<p><\/p>\n\n\n\n<p><em>Cidade Jardim anuncia Al<\/em>\u2019<em>dora City e d\u00e1 in\u00ed<\/em><em>cio a investimento de R$ 12,1 bilh\u00f5es<\/em><\/p>\n\n\n\n<p>Com um potencial econ\u00f4mico estimado em R$ 12,1 bilh\u00f5es ao longo das fases do projeto, sendo R$ 6,8 bilh\u00f5es em Valor Geral de Vendas (VGV), o masterplan Al\u2019dora City, apresentado pela Cidade Jardim Empreendimentos, inaugura um novo ciclo de expans\u00e3o imobili\u00e1ria e desenvolvimento urbano, consolidando um novo vetor de desenvolvimento na Zona Sul de Uberl\u00e2ndia.<\/p>\n\n\n\n<p>A iniciativa representa o maior passo da empresa em quase 50 anos de atua\u00e7\u00e3o na cidade, onde j\u00e1 empreendeu mais de 5 milh\u00f5es de metros quadrados, e inaugura a aplica\u00e7\u00e3o pr\u00e1tica de um m\u00e9todo pr\u00f3prio, o Urbanismo Next Level, que integra ci\u00eancia, mobilidade inteligente, governan\u00e7a e desenho urbano contempor\u00e2neo para criar espa\u00e7os duradouros, inclusivos e economicamente sustent\u00e1veis.<\/p>\n\n\n\n<p><strong>Uma nova centralidade<\/strong><\/p>\n\n\n\n<p>Localizado na Zona Sul na regi\u00e3o dos Jardins, o projeto ser\u00e1 implantado em m\u00faltiplas etapas e dever\u00e1 gerar mais de 170 mil empregos diretos e indiretos ao longo de sua execu\u00e7\u00e3o, impulsionando setores como constru\u00e7\u00e3o civil, varejo, servi\u00e7os, inova\u00e7\u00e3o e mobilidade urbana.<\/p>\n\n\n\n<p>Al\u00e9m da dimens\u00e3o econ\u00f4mica, o Al\u2019dora City se destaca pelo impacto estrutural planejado para a regi\u00e3o. O masterplan prop\u00f5e um modelo de bairro conectado e sustent\u00e1vel e foi concebido como um ecossistema urbano integrado, composto por bairros complementares, parques, hubs de inova\u00e7\u00e3o e novas centralidades de com\u00e9rcio e servi\u00e7os. A malha urbana prop\u00f5e um modelo de cidade de 15 minutos, com moradia, trabalho, lazer e conveni\u00eancia pr\u00f3ximos e acess\u00edveis por mobilidade ativa, incluindo cerca de 10 km de ciclovias conectadas a vias arteriais que estruturam o crescimento urbano planejado da regi\u00e3o.<\/p>\n\n\n\n<p>O projeto tamb\u00e9m prev\u00ea 487 mil m\u00b2 de \u00e1reas verdes, incluindo a revitaliza\u00e7\u00e3o de 287 mil m\u00b2 de APPs e cria\u00e7\u00e3o de 200 mil m\u00b2 de novos n\u00facleos verdes, refor\u00e7ando corredores ecol\u00f3gicos e contribuindo para o controle clim\u00e1tico e h\u00eddrico da Zona Sul.<\/p>\n\n\n\n<p>Segundo a empresa, o Al\u2019dora City deve beneficiar diretamente 112 mil pessoas em seu entorno imediato, ampliando oportunidades econ\u00f4micas e a qualidade de vida. \u201cO que estamos desenvolvendo \u00e9 mais do que urbaniza\u00e7\u00e3o: \u00e9 um territ\u00f3rio que j\u00e1 nasce preparado para o futuro. O objetivo \u00e9 criar um vetor positivo para Uberl\u00e2ndia: uma centralidade conectada, orientada ao futuro, que fortale\u00e7a a economia e devolva tempo e bem-estar \u00e0s pessoas\u201d, destaca.<\/p>\n\n\n\n<p>Com a entrega do masterplan, inicia-se a fase de desdobramento dos primeiros produtos imobili\u00e1rios, como distritos residenciais, eixo corporativo, centralidades de com\u00e9rcio e parques lineares, configurando o pr\u00f3ximo cap\u00edtulo do desenvolvimento da Zona Sul.<\/p>\n\n\n\n<p>A fase inicial contempla a implanta\u00e7\u00e3o de uma nova centralidade urbana, que reunir\u00e1 moradia, servi\u00e7os e conviv\u00eancia, distribu\u00edda em 10 a 15 torres conectadas por rotas de 10 minutos. Essa etapa tamb\u00e9m traz o primeiro n\u00facleo econ\u00f4mico do projeto, voltado a neg\u00f3cios, inova\u00e7\u00e3o e moradia inteligente, com infraestrutura digital preparada para novas empresas. J\u00e1 os distritos residenciais de baixa e m\u00e9dia densidade ser\u00e3o estruturados no entorno dos parques urbanos, formando uma malha equilibrada entre vida residencial, mobilidade ativa e paisagem.<\/p>\n\n\n\n<p>\u201cAcreditamos que grandes projetos deixam grandes legados. Al\u2019dora City \u00e9 a nossa contribui\u00e7\u00e3o para o futuro de Uberl\u00e2ndia.&#8221;<\/p>\n\n\n\n<p><strong>Al<\/strong>\u2019<strong>dora City em n\u00fa<\/strong><strong>meros<\/strong><\/p>\n\n\n\n<p>\u2022 R$ 12,1 bilh\u00f5es de impacto econ\u00f4mico total<br>\u2022 R$ 6,8 bilh\u00f5es em VGV<br>\u2022 170 mil empregos diretos e indiretos<br>\u2022 487 mil m\u00b2 de \u00e1reas verdes<br>\u2022 287 mil m\u00b2 de APPs revitalizadas<br>\u2022 200 mil m\u00b2 de novos n\u00facleos verdes<br>\u2022 \u2248 10 km de ciclovias e ciclofaixas<br>\u2022 10 a 15 torres na primeira centralidade urbana<br>\u2022 112 mil pessoas beneficiadas na \u00e1rea de influ\u00eancia<\/p>\n\n\n\n<p><strong>Sobre a Cidade Jardim Empreendimentos<\/strong><\/p>\n\n\n\n<p>Fundada em 1977, a Cidade Jardim Empreendimentos \u00e9 respons\u00e1vel por alguns dos bairros mais estruturados de Uberl\u00e2ndia, edif\u00edcios emblem\u00e1ticos e condom\u00ednios que redefiniram padr\u00f5es urban\u00edsticos na cidade como Jardins Barcelona, Jardins Roma, Jardins G\u00eanova e Jardim Versailles. Ao longo de sua trajet\u00f3ria de quase 50 anos, construiu uma trajet\u00f3ria marcada por inova\u00e7\u00e3o e pioneirismo, consolidou-se como refer\u00eancia em urbanismo, planejamento e respeito ao territ\u00f3rio, somando mais de 5 milh\u00f5es de m\u00b2 empreendidos.<\/p>\n\n\n\n<figure class=\"wp-block-image size-large\"><img loading=\"lazy\" decoding=\"async\" width=\"1024\" height=\"649\" src=\"https:\/\/revistahubclub.com.br\/portal\/wp-content\/uploads\/2025\/12\/CENA-01-GERAL-1024x649.jpg\" alt=\"\" class=\"wp-image-12603\" srcset=\"https:\/\/revistahubclub.com.br\/portal\/wp-content\/uploads\/2025\/12\/CENA-01-GERAL-1024x649.jpg 1024w, https:\/\/revistahubclub.com.br\/portal\/wp-content\/uploads\/2025\/12\/CENA-01-GERAL-300x190.jpg 300w, https:\/\/revistahubclub.com.br\/portal\/wp-content\/uploads\/2025\/12\/CENA-01-GERAL-768x487.jpg 768w, https:\/\/revistahubclub.com.br\/portal\/wp-content\/uploads\/2025\/12\/CENA-01-GERAL-1536x974.jpg 1536w, https:\/\/revistahubclub.com.br\/portal\/wp-content\/uploads\/2025\/12\/CENA-01-GERAL-2048x1298.jpg 2048w\" sizes=\"auto, (max-width: 1024px) 100vw, 1024px\" \/><\/figure>\n","protected":false},"excerpt":{"rendered":"<p>Cidade Jardim anuncia Al\u2019dora City e d\u00e1 in\u00edcio a investimento de R$ 12,1 bilh\u00f5es Com um potencial econ\u00f4mico estimado em R$ 12,1 bilh\u00f5es ao longo das fases do projeto, sendo<\/p>\n","protected":false},"author":2,"featured_media":0,"comment_status":"open","ping_status":"open","sticky":false,"template":"","format":"standard","meta":{"footnotes":""},"categories":[1],"tags":[],"class_list":["post-12602","post","type-post","status-publish","format-standard","hentry","category-noticias"],"_links":{"self":[{"href":"https:\/\/revistahubclub.com.br\/portal\/wp-json\/wp\/v2\/posts\/12602","targetHints":{"allow":["GET"]}}],"collection":[{"href":"https:\/\/revistahubclub.com.br\/portal\/wp-json\/wp\/v2\/posts"}],"about":[{"href":"https:\/\/revistahubclub.com.br\/portal\/wp-json\/wp\/v2\/types\/post"}],"author":[{"embeddable":true,"href":"https:\/\/revistahubclub.com.br\/portal\/wp-json\/wp\/v2\/users\/2"}],"replies":[{"embeddable":true,"href":"https:\/\/revistahubclub.com.br\/portal\/wp-json\/wp\/v2\/comments?post=12602"}],"version-history":[{"count":1,"href":"https:\/\/revistahubclub.com.br\/portal\/wp-json\/wp\/v2\/posts\/12602\/revisions"}],"predecessor-version":[{"id":12604,"href":"https:\/\/revistahubclub.com.br\/portal\/wp-json\/wp\/v2\/posts\/12602\/revisions\/12604"}],"wp:attachment":[{"href":"https:\/\/revistahubclub.com.br\/portal\/wp-json\/wp\/v2\/media?parent=12602"}],"wp:term":[{"taxonomy":"category","embeddable":true,"href":"https:\/\/revistahubclub.com.br\/portal\/wp-json\/wp\/v2\/categories?post=12602"},{"taxonomy":"post_tag","embeddable":true,"href":"https:\/\/revistahubclub.com.br\/portal\/wp-json\/wp\/v2\/tags?post=12602"}],"curies":[{"name":"wp","href":"https:\/\/api.w.org\/{rel}","templated":true}]}}