{"id":12605,"date":"2025-12-08T16:25:37","date_gmt":"2025-12-08T19:25:37","guid":{"rendered":"https:\/\/revistahubclub.com.br\/portal\/?p=12605"},"modified":"2025-12-08T16:25:37","modified_gmt":"2025-12-08T19:25:37","slug":"4o-seminario-sindicalismo-e-associativismo-moderno-reune-liderancas-e-entidades-em-uberlandia","status":"publish","type":"post","link":"https:\/\/revistahubclub.com.br\/portal\/2025\/12\/08\/4o-seminario-sindicalismo-e-associativismo-moderno-reune-liderancas-e-entidades-em-uberlandia\/","title":{"rendered":"4\u00ba Semin\u00e1rio Sindicalismo e Associativismo Moderno re\u00fane lideran\u00e7as e entidades em Uberl\u00e2ndia"},"content":{"rendered":"\n<p><\/p>\n\n\n\n<p>Uberl\u00e2ndia recebeu, no dia 4 de dezembro de 2025, no Audit\u00f3rio da OAB Uberl\u00e2ndia, o 4\u00ba Semin\u00e1rio Sindicalismo e Associativismo Moderno, realizado pela Federa\u00e7\u00e3o Brasileira de Hospedagem e Alimenta\u00e7\u00e3o (FBHA) em parceria com o Sindtur Uberl\u00e2ndia. O encontro reuniu lideran\u00e7as sindicais, empresariais e representantes de entidades p\u00fablicas e privadas, reafirmando o Semin\u00e1rio como uma das principais plataformas de di\u00e1logo sobre governan\u00e7a e desenvolvimento institucional em Minas Gerais.<\/p>\n\n\n\n<p>A abertura contou com a presen\u00e7a do presidente da FBHA e coordenador do Conselho Empresarial de Turismo e Hospitalidade da CNC, Alexandre Sampaio, acompanhado de dirigentes parceiros. Compuseram a mesa oficial: F\u00e1bio Luiz Bertolucci (Sindtur Uberl\u00e2ndia), Robson Batista (Sindicom\u00e9rcio Uberl\u00e2ndia), Luciano de Salles Monteiro (OAB Uberl\u00e2ndia), Roberto Moraes Rezende (CDL Uberl\u00e2ndia), Pedro Paulo Schwindt (Visite Uberl\u00e2ndia), Jorge Tadeu Meirelles (FIEMG Regional Vale do Parana\u00edba), L\u00e1zaro C\u00e2ndido de Sousa J\u00fanior (Secretaria Municipal de Cultura e Turismo) e Fillipe Brito (Secretaria Municipal de Desenvolvimento Econ\u00f4mico e Inova\u00e7\u00e3o).<\/p>\n\n\n\n<p>Ao longo da programa\u00e7\u00e3o, especialistas apresentaram pain\u00e9is e palestras com reflex\u00f5es e experi\u00eancias que fortalecem o associativismo, a representatividade e os setores de turismo, hotelaria e gastronomia. Entre os destaques, Alexandre Sampaio abordou o tema \u201cPrograma Vai Turismo \u2013 Rumo ao Futuro: Estimulando Pol\u00edticas P\u00fablicas para o Turismo Sustent\u00e1vel\u201d; Fernando Junqueira, diretor do Praia Clube, apresentou \u201cO Papel do Praia Clube na Valoriza\u00e7\u00e3o do Turismo e da Economia de Uberl\u00e2ndia\u201d; Luiz Carlos Braga, superintendente do Mercado Central de Belo Horizonte, exp\u00f4s o \u201cSistema de Governan\u00e7a do 3\u00ba Melhor Mercado do Mundo\u201d; Teresa Lemos, presidente da FECITUR, discutiu \u201cComo as IGRs Podem Impulsionar o Desenvolvimento Regional por meio das PPPs\u201d; Giuliano Almada, primeiro secret\u00e1rio da Caixa de Assist\u00eancia dos Advogados de Minas Gerais \u2013 OAB\/MG, trouxe uma vis\u00e3o sobre o \u201cJAM \u2013 O Maior Evento Jur\u00eddico-Esportivo do Mundo\u201d; e Cristiano Lopes, professor, jornalista e estrategista de marketing, apresentou \u201cLideran\u00e7a Transformadora e Protagonismo Associativo: Inspira\u00e7\u00e3o, Educa\u00e7\u00e3o e Inova\u00e7\u00e3o para Fortalecer o Setor de Turismo e Hospitalidade\u201d. As apresenta\u00e7\u00f5es evidenciaram tend\u00eancias, boas pr\u00e1ticas e modelos de gest\u00e3o que impulsionam inova\u00e7\u00e3o, produtividade e desenvolvimento sustent\u00e1vel.<\/p>\n\n\n\n<p>O evento refor\u00e7ou, ainda, a escolha estrat\u00e9gica de Uberl\u00e2ndia, cidade reconhecida por sua infraestrutura robusta, conectividade, forte rede de servi\u00e7os e ecossistema associativo atuante, fatores que sustentam seu protagonismo no turismo de neg\u00f3cios e eventos.<\/p>\n\n\n\n<p>A realiza\u00e7\u00e3o contou com o patroc\u00ednio da Confedera\u00e7\u00e3o Nacional do Com\u00e9rcio de Bens, Servi\u00e7os e Turismo \u2013 CNC, o apoio institucional da OAB Uberl\u00e2ndia, Sindicom\u00e9rcio de Uberl\u00e2ndia, CDL Uberl\u00e2ndia, Visite Uberl\u00e2ndia, FIEMG Regional Vale do Parana\u00edba, Abrasel e Praia Clube, al\u00e9m do apoio cont\u00ednuo da Central dos Benef\u00edcios, presente nas tr\u00eas \u00faltimas edi\u00e7\u00f5es do Semin\u00e1rio. O Hotel Dan Inn Uberl\u00e2ndia pela hospitalidade oferecida aos nossos convidados, refor\u00e7ando a reconhecida tradi\u00e7\u00e3o mineira de bem receber.<\/p>\n\n\n\n<p>Ao encerrar a programa\u00e7\u00e3o, o presidente da FBHA, Alexandre Sampaio, agradeceu a participa\u00e7\u00e3o de todas as lideran\u00e7as, entidades e profissionais que contribu\u00edram para o \u00eaxito do evento, reafirmando o compromisso conjunto com a inova\u00e7\u00e3o, a governan\u00e7a e o fortalecimento da representa\u00e7\u00e3o institucional em Minas Gerais. Em sua fala, anunciou a continuidade do Semin\u00e1rio, assegurando recursos para a realiza\u00e7\u00e3o da 5\u00aa edi\u00e7\u00e3o em 2026, em cidade mineira ainda a ser definida.<\/p>\n\n\n\n<figure class=\"wp-block-image size-large\"><img loading=\"lazy\" decoding=\"async\" width=\"768\" height=\"1024\" src=\"https:\/\/revistahubclub.com.br\/portal\/wp-content\/uploads\/2025\/12\/semin3-768x1024.jpeg\" alt=\"\" class=\"wp-image-12606\" srcset=\"https:\/\/revistahubclub.com.br\/portal\/wp-content\/uploads\/2025\/12\/semin3-768x1024.jpeg 768w, https:\/\/revistahubclub.com.br\/portal\/wp-content\/uploads\/2025\/12\/semin3-225x300.jpeg 225w, https:\/\/revistahubclub.com.br\/portal\/wp-content\/uploads\/2025\/12\/semin3-1152x1536.jpeg 1152w, https:\/\/revistahubclub.com.br\/portal\/wp-content\/uploads\/2025\/12\/semin3.jpeg 1200w\" sizes=\"auto, (max-width: 768px) 100vw, 768px\" \/><\/figure>\n","protected":false},"excerpt":{"rendered":"<p>Uberl\u00e2ndia recebeu, no dia 4 de dezembro de 2025, no Audit\u00f3rio da OAB Uberl\u00e2ndia, o 4\u00ba Semin\u00e1rio Sindicalismo e Associativismo Moderno, realizado pela Federa\u00e7\u00e3o Brasileira de Hospedagem e Alimenta\u00e7\u00e3o (FBHA)<\/p>\n","protected":false},"author":2,"featured_media":0,"comment_status":"open","ping_status":"open","sticky":false,"template":"","format":"standard","meta":{"footnotes":""},"categories":[1],"tags":[],"class_list":["post-12605","post","type-post","status-publish","format-standard","hentry","category-noticias"],"_links":{"self":[{"href":"https:\/\/revistahubclub.com.br\/portal\/wp-json\/wp\/v2\/posts\/12605","targetHints":{"allow":["GET"]}}],"collection":[{"href":"https:\/\/revistahubclub.com.br\/portal\/wp-json\/wp\/v2\/posts"}],"about":[{"href":"https:\/\/revistahubclub.com.br\/portal\/wp-json\/wp\/v2\/types\/post"}],"author":[{"embeddable":true,"href":"https:\/\/revistahubclub.com.br\/portal\/wp-json\/wp\/v2\/users\/2"}],"replies":[{"embeddable":true,"href":"https:\/\/revistahubclub.com.br\/portal\/wp-json\/wp\/v2\/comments?post=12605"}],"version-history":[{"count":1,"href":"https:\/\/revistahubclub.com.br\/portal\/wp-json\/wp\/v2\/posts\/12605\/revisions"}],"predecessor-version":[{"id":12607,"href":"https:\/\/revistahubclub.com.br\/portal\/wp-json\/wp\/v2\/posts\/12605\/revisions\/12607"}],"wp:attachment":[{"href":"https:\/\/revistahubclub.com.br\/portal\/wp-json\/wp\/v2\/media?parent=12605"}],"wp:term":[{"taxonomy":"category","embeddable":true,"href":"https:\/\/revistahubclub.com.br\/portal\/wp-json\/wp\/v2\/categories?post=12605"},{"taxonomy":"post_tag","embeddable":true,"href":"https:\/\/revistahubclub.com.br\/portal\/wp-json\/wp\/v2\/tags?post=12605"}],"curies":[{"name":"wp","href":"https:\/\/api.w.org\/{rel}","templated":true}]}}