{"id":12637,"date":"2025-12-11T14:51:34","date_gmt":"2025-12-11T17:51:34","guid":{"rendered":"https:\/\/revistahubclub.com.br\/portal\/?p=12637"},"modified":"2025-12-11T14:51:34","modified_gmt":"2025-12-11T17:51:34","slug":"perplan-incorporacao-confirma-parque-sul-karaiba-como-destino-de-tres-novos-empreendimentos-em-uberlandia","status":"publish","type":"post","link":"https:\/\/revistahubclub.com.br\/portal\/2025\/12\/11\/perplan-incorporacao-confirma-parque-sul-karaiba-como-destino-de-tres-novos-empreendimentos-em-uberlandia\/","title":{"rendered":"Perplan Incorpora\u00e7\u00e3o confirma Parque Sul Kara\u00edba como destino de tr\u00eas novos empreendimentos em Uberl\u00e2ndia"},"content":{"rendered":"\n<p><\/p>\n\n\n\n<p><em>An\u00fancio feito na inaugura\u00e7\u00e3o da Casa Parque Sul oficializa a chegada da Perplan ao novo bairro planejado<\/em><\/p>\n\n\n\n<p>A Perplan Incorpora\u00e7\u00e3o acaba de confirmar mais uma etapa de sua expans\u00e3o em Uberl\u00e2ndia, desta vez no microbairro planejado Parque Sul Kara\u00edba. A novidade foi anunciada durante a inaugura\u00e7\u00e3o da Casa Parque Sul, espa\u00e7o que re\u00fane showroom de vendas, escrit\u00f3rio de opera\u00e7\u00f5es e ambiente institucional, apresentado ao p\u00fablico em um coquetel que marcou o in\u00edcio das atividades do complexo.<\/p>\n\n\n\n<p>A empresa escolheu o Parque Sul Kara\u00edba como endere\u00e7o de tr\u00eas futuros lan\u00e7amentos, refor\u00e7ando sua leitura precisa sobre os vetores de crescimento da cidade e seu compromisso com localiza\u00e7\u00f5es estrategicamente planejadas. Para Rafael Batista, diretor de Incorpora\u00e7\u00e3o da Perplan, a regi\u00e3o representa um novo eixo de desenvolvimento para Uberl\u00e2ndia. \u201cA Perplan entendeu que o Parque Sul se tornou uma nova centralidade urbana em Uberl\u00e2ndia, uma \u00e1rea planejada com design diferenciado e alto padr\u00e3o urban\u00edstico. \u00c9 um territ\u00f3rio que oferece condi\u00e7\u00f5es favor\u00e1veis para o desenvolvimento imobili\u00e1rio e para uma expans\u00e3o consistente. N\u00e3o chegamos para fazer um \u00fanico empreendimento: nossa atua\u00e7\u00e3o prev\u00ea presen\u00e7a perene, com uma sequ\u00eancia de lan\u00e7amentos que respeitam e dialogam com esse territ\u00f3rio\u201d, conta.<\/p>\n\n\n\n<p>Rafael refor\u00e7a que a escolha est\u00e1 alinhada ao momento de transforma\u00e7\u00e3o da cidade e ao olhar da Perplan para regi\u00f5es com crescimento estruturado e potencial de valoriza\u00e7\u00e3o.<\/p>\n\n\n\n<p>\u201cEstamos atentos aos novos vetores de desenvolvimento. Todos os empreendimentos projetados para 2026 em Uberl\u00e2ndia est\u00e3o concentrados na Zona Sul, reconhecida como o eixo mais estrat\u00e9gico para moradia e investimento\u201d, afirma.<\/p>\n\n\n\n<p>Esse movimento est\u00e1 alinhado ao posicionamento da Perplan, que prioriza regi\u00f5es com infraestrutura consolidada, mobilidade qualificada e valoriza\u00e7\u00e3o crescente. Segundo Gustavo Pereira, gerente comercial executivo da incorporadora, o Parque Sul Kara\u00edba re\u00fane atributos que conversam diretamente com a experi\u00eancia que a marca busca entregar ao cliente. \u201cA Perplan Incopora\u00e7\u00e3o escolhe seus terrenos com extremo cuidado, sempre pensando no valor que o consumidor final ter\u00e1, seja para morar ou investir. O Parque Sul foi escolhido pela sua qualidade urban\u00edstica incontest\u00e1vel. Teremos tr\u00eas lotes para empreendimentos distintos, em um vetor novo, pujante, com arquitetura sofisticada e conveni\u00eancia integrada. Isso faz diferen\u00e7a no dia a dia de quem vai viver ou desenvolver suas atividades aqui\u201d, analisa.<\/p>\n\n\n\n<p>Gustavo destaca ainda que Uberl\u00e2ndia se tornou a principal pra\u00e7a da companhia fora de Ribeir\u00e3o Preto. \u201cTemos nove empreendimentos lan\u00e7ados na cidade, cinco em obra e tr\u00eas j\u00e1 entregues. Uberl\u00e2ndia \u00e9 a nossa maior pra\u00e7a. Foi escolhida pelo potencial econ\u00f4mico, for\u00e7a do com\u00e9rcio, dos servi\u00e7os, do agroneg\u00f3cio, das universidades, da sa\u00fade e, claro, pela receptividade do mercado. Estar no Parque Sul Kara\u00edba \u00e9 estar conectado ao futuro da cidade. Seguimos estudando novos lan\u00e7amentos que fa\u00e7am sentido para o momento do mercado e para as pessoas que vivem aqui\u201d, informa.<\/p>\n\n\n\n<p><strong>Regi\u00e3o em alta<\/strong><\/p>\n\n\n\n<p>A Zona Sul vive um dos per\u00edodos mais din\u00e2micos do mercado imobili\u00e1rio local. Segundo pesquisa do Sinduscon-TAP, realizada pela Brain Intelig\u00eancia Estrat\u00e9gica, no acumulado de 12 meses encerrados no 3\u00ba trimestre de 2025, o setor registrou 35 empreendimentos verticais lan\u00e7ados e 3.541 unidades colocadas no mercado, movimentando um VGV de R$ 1,827 milh\u00e3o. No mesmo per\u00edodo, foram vendidas 4.763 unidades verticais, confirmando a for\u00e7a do mercado e a atratividade crescente da regi\u00e3o.<\/p>\n\n\n\n<p><strong>Sobre o Parque Sul<\/strong><\/p>\n\n\n\n<p>O Parque Sul Kara\u00edba marca uma nova vis\u00e3o de urbanismo em Uberl\u00e2ndia. O masterplan re\u00fane moradia, trabalho, sa\u00fade, lazer e conveni\u00eancia integrados em um \u00fanico ecossistema urbano, pensado para reduzir deslocamentos e ampliar qualidade de vida. O projeto inclui 15 terrenos destinados a condom\u00ednios verticais, fachadas ativas e \u00e1reas de uso misto com caf\u00e9s, servi\u00e7os e espa\u00e7os de bem-estar, al\u00e9m de um complexo de sa\u00fade. Com arquitetura integrada e circula\u00e7\u00e3o inteligente, o Parque Sul foi concebido para entregar efici\u00eancia, comodidade e harmonia entre as diferentes fun\u00e7\u00f5es da vida moderna.<\/p>\n\n\n\n<p><strong>Primeiro Centro M\u00e9dico Unimed em Uberl\u00e2ndia<\/strong><\/p>\n\n\n\n<p>Anexo a tudo isso, o Parque Sul Kara\u00edba traz um masterplan assinado pelo Escrit\u00f3rio Perkins e Will, trazendo uma vis\u00e3o internacional de paisagismo, urbanismo e mobilidade, assinatura est\u00e1 presente em projetos no Brasil, Canad\u00e1, Estados Unidos, China, entre outros,&nbsp;criando uma futura \u00e1rea voltada para bem-estar e sa\u00fade (n\u00e3o hospitalar), com alguns servi\u00e7os em parceria com a Unimed Uberl\u00e2ndia. O Parque Sul vai se consolidar como um lugar onde arquitetura de classe mundial e sa\u00fade de excel\u00eancia se unem para definir o futuro da zona sul de Uberl\u00e2ndia.<\/p>\n\n\n\n<p><strong>Sobre a Perplan Incorpora\u00e7\u00e3o<\/strong><\/p>\n\n\n\n<p>Com 25 anos de hist\u00f3ria, a Perplan Incorpora\u00e7\u00e3o tem sede em Ribeir\u00e3o Preto e atua\u00e7\u00e3o consolidada em mais de 20 cidades dos estados de S\u00e3o Paulo e Minas Gerais.&nbsp;S\u00e3o mais de 45 empreendimentos lan\u00e7ados e mais de 8 mil unidades entregues, em um portf\u00f3lio que se destaca pela inova\u00e7\u00e3o, qualidade construtiva e compromisso com o desenvolvimento urbano sustent\u00e1vel.<\/p>\n\n\n\n<p>Em Uberl\u00e2ndia desde 2020, a Perplan Incorpora\u00e7\u00e3o possui um vasto portf\u00f3lio na cidade, que inclui os empreendimentos:&nbsp;Liberdade 1226,&nbsp;Grandverse Garden, Addagio L\u00eddice, Grandverse Place, Grandverse Adapt, Mari\u00ea 160, Nuage Altamira, Chronos Tower e o Casa Alta.<\/p>\n\n\n\n<figure class=\"wp-block-image size-large\"><img loading=\"lazy\" decoding=\"async\" width=\"1024\" height=\"682\" src=\"https:\/\/revistahubclub.com.br\/portal\/wp-content\/uploads\/2025\/12\/parque-sul-1024x682.jpeg\" alt=\"\" class=\"wp-image-12638\" srcset=\"https:\/\/revistahubclub.com.br\/portal\/wp-content\/uploads\/2025\/12\/parque-sul-1024x682.jpeg 1024w, https:\/\/revistahubclub.com.br\/portal\/wp-content\/uploads\/2025\/12\/parque-sul-300x200.jpeg 300w, https:\/\/revistahubclub.com.br\/portal\/wp-content\/uploads\/2025\/12\/parque-sul-768x512.jpeg 768w, https:\/\/revistahubclub.com.br\/portal\/wp-content\/uploads\/2025\/12\/parque-sul-1536x1023.jpeg 1536w, https:\/\/revistahubclub.com.br\/portal\/wp-content\/uploads\/2025\/12\/parque-sul-900x600.jpeg 900w, https:\/\/revistahubclub.com.br\/portal\/wp-content\/uploads\/2025\/12\/parque-sul.jpeg 1600w\" sizes=\"auto, (max-width: 1024px) 100vw, 1024px\" \/><\/figure>\n","protected":false},"excerpt":{"rendered":"<p>An\u00fancio feito na inaugura\u00e7\u00e3o da Casa Parque Sul oficializa a chegada da Perplan ao novo bairro planejado A Perplan Incorpora\u00e7\u00e3o acaba de confirmar mais uma etapa de sua expans\u00e3o em<\/p>\n","protected":false},"author":2,"featured_media":0,"comment_status":"open","ping_status":"open","sticky":false,"template":"","format":"standard","meta":{"footnotes":""},"categories":[1],"tags":[],"class_list":["post-12637","post","type-post","status-publish","format-standard","hentry","category-noticias"],"_links":{"self":[{"href":"https:\/\/revistahubclub.com.br\/portal\/wp-json\/wp\/v2\/posts\/12637","targetHints":{"allow":["GET"]}}],"collection":[{"href":"https:\/\/revistahubclub.com.br\/portal\/wp-json\/wp\/v2\/posts"}],"about":[{"href":"https:\/\/revistahubclub.com.br\/portal\/wp-json\/wp\/v2\/types\/post"}],"author":[{"embeddable":true,"href":"https:\/\/revistahubclub.com.br\/portal\/wp-json\/wp\/v2\/users\/2"}],"replies":[{"embeddable":true,"href":"https:\/\/revistahubclub.com.br\/portal\/wp-json\/wp\/v2\/comments?post=12637"}],"version-history":[{"count":1,"href":"https:\/\/revistahubclub.com.br\/portal\/wp-json\/wp\/v2\/posts\/12637\/revisions"}],"predecessor-version":[{"id":12639,"href":"https:\/\/revistahubclub.com.br\/portal\/wp-json\/wp\/v2\/posts\/12637\/revisions\/12639"}],"wp:attachment":[{"href":"https:\/\/revistahubclub.com.br\/portal\/wp-json\/wp\/v2\/media?parent=12637"}],"wp:term":[{"taxonomy":"category","embeddable":true,"href":"https:\/\/revistahubclub.com.br\/portal\/wp-json\/wp\/v2\/categories?post=12637"},{"taxonomy":"post_tag","embeddable":true,"href":"https:\/\/revistahubclub.com.br\/portal\/wp-json\/wp\/v2\/tags?post=12637"}],"curies":[{"name":"wp","href":"https:\/\/api.w.org\/{rel}","templated":true}]}}