{"id":12676,"date":"2025-12-16T10:43:00","date_gmt":"2025-12-16T13:43:00","guid":{"rendered":"https:\/\/revistahubclub.com.br\/portal\/?p=12676"},"modified":"2025-12-17T09:56:24","modified_gmt":"2025-12-17T12:56:24","slug":"natal-2025-o-varejista-que-se-antecipa-lidera","status":"publish","type":"post","link":"https:\/\/revistahubclub.com.br\/portal\/2025\/12\/16\/natal-2025-o-varejista-que-se-antecipa-lidera\/","title":{"rendered":"Natal 2025 &#8211; O varejista que se antecipa, lidera"},"content":{"rendered":"\n<p><\/p>\n\n\n\n<p>Sabe aquele varejista que reclama que o Natal est\u00e1 fraco? Geralmente \u00e9 o mesmo que come\u00e7a a campanha s\u00f3 depois da Black Friday. E a\u00ed, quando pisca, o consumidor j\u00e1 comprou tudo \u2014 e em outro lugar.<br>Uberl\u00e2ndia tem uma das maiores pot\u00eancias de consumo do interior do Brasil. Mas, como em todo mercado din\u00e2mico, quem espera dezembro para vender no Natal est\u00e1 jogando o jogo atrasado.<br>Segundo a National Retail Federation (NRF), 42% dos consumidores americanos j\u00e1 iniciam as compras de fim de ano antes de novembro. E essa antecipa\u00e7\u00e3o chegou aqui tamb\u00e9m: basta observar as redes sociais, os marketplaces e o movimento dos shoppings da cidade j\u00e1 no in\u00edcio de novembro.<br>Micro-momentos de Natal: ative antes, fature mais<br>Quer uma vantagem competitiva real? Crie uma pr\u00e9-campanha de Natal agora.<br>Isso pode significar:<\/p>\n\n\n\n<ul class=\"wp-block-list\">\n<li>Uma lista VIP de clientes fi\u00e9is com condi\u00e7\u00f5es exclusivas pelo WhatsApp Business.<\/li>\n\n\n\n<li>Um &#8220;Esquenta de Natal&#8221; com produtos selecionados antes da concorr\u00eancia.<\/li>\n\n\n\n<li>Brindes ou experi\u00eancias especiais para quem comprar antecipadamente.<\/li>\n\n\n\n<li>A\u00e7\u00f5es conjuntas com caf\u00e9s, floriculturas, docerias ou academias da sua regi\u00e3o.<\/li>\n<\/ul>\n\n\n\n<p>Esses pequenos movimentos criam micro-momentos de consumo. S\u00e3o como fa\u00edscas que, quando bem posicionadas, acendem o fluxo antes que o mercado todo acorde.<br>E o melhor: s\u00e3o f\u00e1ceis de implementar e n\u00e3o exigem grandes investimentos.<br>Experi\u00eancia phygital: transforme sua loja em evento<br>Enquanto muitos ainda discutem se o f\u00edsico morreu, o varejo global j\u00e1 entendeu: a loja f\u00edsica virou palco de experi\u00eancias.<br>E n\u00e3o \u00e9 s\u00f3 para grandes marcas. Voc\u00ea pode:<\/p>\n\n\n\n<ul class=\"wp-block-list\">\n<li>Montar um cantinho instagram\u00e1vel na loja com decora\u00e7\u00e3o tem\u00e1tica.<\/li>\n\n\n\n<li>Fazer uma live no Instagram mostrando kits de presente ao vivo.<\/li>\n\n\n\n<li>Convidar um influenciador local para um<br>&#8220;Natal com dicas especiais&#8221;.<\/li>\n\n\n\n<li>Criar um miniworkshop de &#8220;como montar uma mesa de Natal&#8221; com os produtos que voc\u00ea vende.<\/li>\n\n\n\n<li>Oferecer a op\u00e7\u00e3o &#8220;compre online e retire com brinde na loja&#8221;<br>Essa fus\u00e3o do f\u00edsico com o digital &#8211; o chamado phygital \u2014 \u00e9 o diferencial para o cliente moderno, que quer comprar r\u00e1pido, mas tamb\u00e9m quer sentir, experimentar, viver.<br>E aqui vai uma combina\u00e7\u00e3o matadora: hor\u00e1rio estendido \u00e0s quintas, mimo para quem veio via Instagram e a\u00e7\u00e3o especial para quem levar um amigo novo.<br>Fa\u00e7a isso por duas semanas seguidas e acompanhe os resultados.<br>Recado direto para o seu time de vendas<br>Leve este artigo para sua pr\u00f3xima reuni\u00e3o com a equipe. Use como checklist. Divida em tr\u00eas frentes:<\/li>\n<\/ul>\n\n\n\n<ol class=\"wp-block-list\">\n<li>Ativa\u00e7\u00e3o antecipada: quem, como e quando vamos avisar os clientes.<\/li>\n\n\n\n<li>Experi\u00eancia em loja: o que vamos montar, quem ser\u00e1 respons\u00e1vel e qual o cronograma.<\/li>\n\n\n\n<li>Acompanhamento di\u00e1rio: vendas, engajamento e feedback.<br>Lembre-se: quem se antecipa, lidera; quem organiza, acelera.<\/li>\n<\/ol>\n\n\n\n<p><em>F\u00e1bio Teixeira \u00e9 administrador de empresas com ampla experi\u00eancia em cargos executivos nas \u00e1reas de comunica\u00e7\u00e3o e marketing, em empresas nocionais e multinacionais, fundador da JointBee, empresa especializada em planejamento e execu\u00e7\u00e3o de estrat\u00e9gias para alavancar a performance comercial das empresas em que atua com mais de 100 projetos implantados ao longo de 10 anos de atua\u00e7\u00e3o em todo o Brasil. Especialista em marketing, professor de P\u00f3s Gradua\u00e7\u00e3o nas \u00e1reas de Estrat\u00e9gia Empresarial e Marketing<\/em><\/p>\n\n\n<figure class=\"wp-block-post-featured-image\"><img loading=\"lazy\" decoding=\"async\" width=\"1736\" height=\"1332\" src=\"https:\/\/revistahubclub.com.br\/portal\/wp-content\/uploads\/2025\/12\/Captura-de-Tela-2025-12-17-as-9.50.05-AM.png\" class=\"attachment-post-thumbnail size-post-thumbnail wp-post-image\" alt=\"\" style=\"object-fit:cover;\" srcset=\"https:\/\/revistahubclub.com.br\/portal\/wp-content\/uploads\/2025\/12\/Captura-de-Tela-2025-12-17-as-9.50.05-AM.png 1736w, https:\/\/revistahubclub.com.br\/portal\/wp-content\/uploads\/2025\/12\/Captura-de-Tela-2025-12-17-as-9.50.05-AM-300x230.png 300w, https:\/\/revistahubclub.com.br\/portal\/wp-content\/uploads\/2025\/12\/Captura-de-Tela-2025-12-17-as-9.50.05-AM-1024x786.png 1024w, https:\/\/revistahubclub.com.br\/portal\/wp-content\/uploads\/2025\/12\/Captura-de-Tela-2025-12-17-as-9.50.05-AM-768x589.png 768w, https:\/\/revistahubclub.com.br\/portal\/wp-content\/uploads\/2025\/12\/Captura-de-Tela-2025-12-17-as-9.50.05-AM-1536x1179.png 1536w\" sizes=\"auto, (max-width: 1736px) 100vw, 1736px\" \/><\/figure>","protected":false},"excerpt":{"rendered":"<p>Sabe aquele varejista que reclama que o Natal est\u00e1 fraco? Geralmente \u00e9 o mesmo que come\u00e7a a campanha s\u00f3 depois da Black Friday. E a\u00ed, quando pisca, o consumidor j\u00e1<\/p>\n","protected":false},"author":2,"featured_media":12680,"comment_status":"open","ping_status":"open","sticky":false,"template":"","format":"standard","meta":{"footnotes":""},"categories":[1],"tags":[810,274,808,496,809],"class_list":["post-12676","post","type-post","status-publish","format-standard","has-post-thumbnail","hentry","category-noticias","tag-antecipar","tag-fabio-teixeira","tag-natal","tag-varejo","tag-vendas"],"_links":{"self":[{"href":"https:\/\/revistahubclub.com.br\/portal\/wp-json\/wp\/v2\/posts\/12676","targetHints":{"allow":["GET"]}}],"collection":[{"href":"https:\/\/revistahubclub.com.br\/portal\/wp-json\/wp\/v2\/posts"}],"about":[{"href":"https:\/\/revistahubclub.com.br\/portal\/wp-json\/wp\/v2\/types\/post"}],"author":[{"embeddable":true,"href":"https:\/\/revistahubclub.com.br\/portal\/wp-json\/wp\/v2\/users\/2"}],"replies":[{"embeddable":true,"href":"https:\/\/revistahubclub.com.br\/portal\/wp-json\/wp\/v2\/comments?post=12676"}],"version-history":[{"count":1,"href":"https:\/\/revistahubclub.com.br\/portal\/wp-json\/wp\/v2\/posts\/12676\/revisions"}],"predecessor-version":[{"id":12681,"href":"https:\/\/revistahubclub.com.br\/portal\/wp-json\/wp\/v2\/posts\/12676\/revisions\/12681"}],"wp:featuredmedia":[{"embeddable":true,"href":"https:\/\/revistahubclub.com.br\/portal\/wp-json\/wp\/v2\/media\/12680"}],"wp:attachment":[{"href":"https:\/\/revistahubclub.com.br\/portal\/wp-json\/wp\/v2\/media?parent=12676"}],"wp:term":[{"taxonomy":"category","embeddable":true,"href":"https:\/\/revistahubclub.com.br\/portal\/wp-json\/wp\/v2\/categories?post=12676"},{"taxonomy":"post_tag","embeddable":true,"href":"https:\/\/revistahubclub.com.br\/portal\/wp-json\/wp\/v2\/tags?post=12676"}],"curies":[{"name":"wp","href":"https:\/\/api.w.org\/{rel}","templated":true}]}}