{"id":12677,"date":"2025-12-16T19:48:17","date_gmt":"2025-12-16T22:48:17","guid":{"rendered":"https:\/\/revistahubclub.com.br\/portal\/?p=12677"},"modified":"2025-12-16T19:48:17","modified_gmt":"2025-12-16T22:48:17","slug":"uberlandia-atinge-80-de-criancas-alfabetizadas-no-2o-ano-e-se-consolida-como-uma-referencia-nacional-em-2025","status":"publish","type":"post","link":"https:\/\/revistahubclub.com.br\/portal\/2025\/12\/16\/uberlandia-atinge-80-de-criancas-alfabetizadas-no-2o-ano-e-se-consolida-como-uma-referencia-nacional-em-2025\/","title":{"rendered":"Uberl\u00e2ndia atinge 80% de crian\u00e7as alfabetizadas no 2\u00ba ano e se consolida como uma refer\u00eancia nacional em 2025"},"content":{"rendered":"\n<p>Uberl\u00e2ndia alcan\u00e7a, em 2025, um dos resultados mais expressivos da educa\u00e7\u00e3o p\u00fablica brasileira: 80% das crian\u00e7as da rede municipal encerram o 2\u00ba ano plenamente alfabetizadas. O \u00edndice \u2014 um dos mais altos do pa\u00eds \u2014 confirma a consolida\u00e7\u00e3o do Pacto pela Alfabetiza\u00e7\u00e3o e refor\u00e7a a cidade como refer\u00eancia nacional no ensino da leitura e da escrita na idade certa.<\/p>\n\n\n\n<p>O avan\u00e7o de Uberl\u00e2ndia ganha ainda mais relev\u00e2ncia quando comparado ao cen\u00e1rio brasileiro. Segundo o SAEB\/INEP, apenas 36% a 40% das crian\u00e7as brasileiras chegam ao final do 2\u00ba ano alfabetizadas, enquanto mais da metade permanece em n\u00edvel insuficiente de leitura. A trajet\u00f3ria escolar tamb\u00e9m evidencia o desafio nacional: a defasagem idade-s\u00e9rie continua elevada, a evas\u00e3o cresce a partir dos anos finais do ensino fundamental e apenas um ter\u00e7o dos jovens conclui o ensino m\u00e9dio na idade adequada. Nesse contexto, alcan\u00e7ar 80% de alfabetiza\u00e7\u00e3o no 2\u00ba ano coloca Uberl\u00e2ndia muito acima da m\u00e9dia do pa\u00eds e a consolida como uma das redes p\u00fablicas que mais avan\u00e7am na aprendizagem inicial.<\/p>\n\n\n\n<p><strong>Evolu\u00e7\u00e3o hist\u00f3rica desde 2021<\/strong><\/p>\n\n\n\n<p>Quando o Pacto foi implementado em Uberl\u00e2ndia, em 2021, o cen\u00e1rio era desafiador: apenas 6% das crian\u00e7as do 1\u00ba ano estavam em n\u00edvel adequado de leitura, e somente 14% do 2\u00ba ano eram consideradas alfabetizadas. A partir da\u00ed, a rede municipal passou por uma transforma\u00e7\u00e3o progressiva. Em 2022, primeiro ano de implanta\u00e7\u00e3o do programa, os \u00edndices j\u00e1 avan\u00e7aram para 56% e 73%. Em 2024, o munic\u00edpio recebeu um importante reconhecimento do Minist\u00e9rio da Educa\u00e7\u00e3o (MEC), com a concess\u00e3o do Selo Nacional Compromisso com a Alfabetiza\u00e7\u00e3o e, em 2025, mesmo diante de uma avalia\u00e7\u00e3o mais rigorosa, Uberl\u00e2ndia registra 70% das crian\u00e7as do 1\u00ba ano em n\u00edvel adequado de leitura e alcan\u00e7a seu melhor resultado hist\u00f3rico no 2\u00ba ano, com 80% plenamente alfabetizadas.<\/p>\n\n\n\n<p><strong>Avalia\u00e7\u00e3o mais precisa valoriza o aprendizado real<\/strong><\/p>\n\n\n\n<p>Neste ano, a Secretaria Municipal de Educa\u00e7\u00e3o adotou um novo modelo de avalia\u00e7\u00e3o, mais alinhado \u00e0s evid\u00eancias cient\u00edficas e focado nas habilidades essenciais da alfabetiza\u00e7\u00e3o. A atualiza\u00e7\u00e3o aprimora o diagn\u00f3stico e permite interven\u00e7\u00f5es pedag\u00f3gicas ainda mais assertivas.<\/p>\n\n\n\n<p>\u201cUberl\u00e2ndia encerra seu quarto ano de implanta\u00e7\u00e3o do Pacto pela Alfabetiza\u00e7\u00e3o com resultados que mostram a consolida\u00e7\u00e3o de uma pol\u00edtica p\u00fablica constru\u00edda ao longo do tempo. Quando o programa come\u00e7ou, apenas 14% das crian\u00e7as do 2\u00ba ano liam; hoje, s\u00e3o 80% das crian\u00e7as. Esse avan\u00e7o \u00e9 fruto de um trabalho coletivo, que envolve professores, diretores, equipes t\u00e9cnicas da Secretaria de Educa\u00e7\u00e3o e as fam\u00edlias, e revela o quanto a rede foi se apropriando da proposta pedag\u00f3gica, fortalecendo suas pr\u00e1ticas e ganhando consist\u00eancia na implanta\u00e7\u00e3o. Em um pa\u00eds em que apenas 59% das crian\u00e7as est\u00e3o alfabetizadas, experi\u00eancias como a de Uberl\u00e2ndia mostram que \u00e9 poss\u00edvel avan\u00e7ar com pol\u00edticas bem estruturadas, cont\u00ednuas e sustentadas pela comunidade\u201d, destaca Jaqueline Machado, diretora do Instituto Raiar.&nbsp;<\/p>\n\n\n\n<p><strong>Impacto social: alfabetizar na idade certa transforma vidas<\/strong><\/p>\n\n\n\n<p>Uma crian\u00e7a que n\u00e3o l\u00ea no 1\u00ba ano tem maiores dificuldades de aprendizagem, maior risco de repet\u00eancia, autoestima prejudicada e maior vulnerabilidade ao abandono escolar, \u00e0 viol\u00eancia e \u00e0 pobreza. J\u00e1 a crian\u00e7a alfabetizada na idade certa avan\u00e7a com mais seguran\u00e7a na escola, reprova menos, permanece estudando e amplia significativamente suas oportunidades de emprego, renda e mobilidade social. Por isso, investir na alfabetiza\u00e7\u00e3o inicial \u00e9 tamb\u00e9m investir em equidade e em desenvolvimento social.<\/p>\n\n\n\n<p><strong>Modelo de atua\u00e7\u00e3o que sustenta resultados<\/strong><\/p>\n\n\n\n<p>O sucesso de Uberl\u00e2ndia est\u00e1 diretamente ligado ao modelo de atua\u00e7\u00e3o do Pacto, que combina a entrega de material did\u00e1tico estruturado e uma proposta pedag\u00f3gica consistente, o engajamento da fam\u00edlia e de toda a comunidade escolar na agenda da alfabetiza\u00e7\u00e3o, a gest\u00e3o orientada por indicadores \u2014 com monitoramento cont\u00ednuo da aprendizagem, da presen\u00e7a dos alunos, do fluxo e do ritmo de atua\u00e7\u00e3o docente \u2014 e a forma\u00e7\u00e3o continuada de professores baseada nos achados cient\u00edficos mais recentes. Essa integra\u00e7\u00e3o de esfor\u00e7os garante acompanhamento permanente, diagn\u00f3sticos precisos e interven\u00e7\u00f5es r\u00e1pidas, permitindo que nenhuma crian\u00e7a fique para tr\u00e1s.<\/p>\n\n\n\n<p>A colabora\u00e7\u00e3o entre setores p\u00fablico, privado e social foi essencial para o sucesso do programa na cidade. A Secretaria Municipal de Educa\u00e7\u00e3o estabeleceu parcerias estrat\u00e9gicas com o Instituto Projeto de Vida, co-financiador do programa que mobilizou empres\u00e1rios por meio da Associa\u00e7\u00e3o Empresarial de Uberl\u00e2ndia (ACIUB), e com o Instituto Raiar, de Bras\u00edlia, organiza\u00e7\u00e3o estruturante do Pacto. Essa articula\u00e7\u00e3o ampliou a capacidade t\u00e9cnica, o engajamento e a sustentabilidade da pol\u00edtica p\u00fablica, garantindo que ela se fortalecesse ano ap\u00f3s ano.<\/p>\n\n\n\n<p>\u201cA Secretaria de Educa\u00e7\u00e3o, a equipe do CEMEPE, nossos diretores e professores estiveram engajados desde o in\u00edcio do processo para tornar realidade os resultados alcan\u00e7ados. S\u00e3o eles os principais agentes transformadores, que atuam diariamente na estrat\u00e9gia e na pr\u00e1tica, garantindo que o Pacto pela Alfabetiza\u00e7\u00e3o se concretize em cada sala de aula. Seu trabalho dedicado merece todo o nosso reconhecimento, pois essa conquista, que tanto nos orgulha, \u00e9 fruto de um esfor\u00e7o coletivo que realmente vale a pena. Quem mais ganha com cada passo dado s\u00e3o as nossas crian\u00e7as, alfabetizadas na idade certa e preparadas para seguir aprendendo com confian\u00e7a. O Pacto pela Alfabetiza\u00e7\u00e3o reafirma o compromisso de Uberl\u00e2ndia com a comunidade escolar, unindo poder p\u00fablico, educadores e fam\u00edlias em uma miss\u00e3o comum: oferecer uma educa\u00e7\u00e3o de qualidade e transformar o futuro de nossas crian\u00e7as\u201d, ressalta T\u00e2nia Toledo, secret\u00e1ria municipal de Educa\u00e7\u00e3o.&nbsp;<\/p>\n\n\n\n<p>Parceiro desde o in\u00edcio, o Instituto Projeto de Vida (IPV) refor\u00e7a o impacto transformador da pol\u00edtica p\u00fablica.<\/p>\n\n\n\n<p>\u201cPara o IPV, participar como parceiro em algo que acreditamos profundamente e envolver empres\u00e1rios nessa jornada, tem tudo a ver com nosso prop\u00f3sito de transformar a realidade e promover inclus\u00e3o. Sabemos que a crian\u00e7a que aprende a ler na idade certa aumenta significativamente suas chances de construir um futuro melhor\u201d, afirma Raquel Garcia, presidente executiva do IPV.<\/p>\n\n\n\n<p>Desde 2021, mais de 40 <strong>mil crian\u00e7as<\/strong> da rede municipal j\u00e1 foram impactadas pelo Pacto. O programa se tornou um modelo replic\u00e1vel para outros munic\u00edpios brasileiros e segue alinhado \u00e0s diretrizes nacionais, como o Compromisso Nacional Crian\u00e7a Alfabetizada, do Minist\u00e9rio da Educa\u00e7\u00e3o.<\/p>\n\n\n\n<p><strong>Sobre o Pacto pela Alfabetiza\u00e7\u00e3o<\/strong><\/p>\n\n\n\n<p>O Pacto pela Alfabetiza\u00e7\u00e3o \u00e9 uma Pol\u00edtica P\u00fablica colaborativa e apartid\u00e1ria para a alfabetiza\u00e7\u00e3o, que integra as dimens\u00f5es pol\u00edtica, social, gerencial, cient\u00edfica, pedag\u00f3gica e financeira, todas necess\u00e1rias para a articula\u00e7\u00e3o das m\u00faltiplas vari\u00e1veis envolvidas no desafio de garantir a alfabetiza\u00e7\u00e3o inicial no 1\u00ba ano e sua consolida\u00e7\u00e3o no 2\u00ba ano. Alinhado \u00e0s diretrizes nacionais como a LDB, BNCC e ao mais recente \u201cCompromisso Nacional Crian\u00e7a Alfabetizada\u201d, o Pacto pela Alfabetiza\u00e7\u00e3o tem se mostrado um modelo sustent\u00e1vel, replic\u00e1vel e escal\u00e1vel para redes p\u00fablicas de ensino e est\u00e1 presente em 12 cidades espalhadas por 5 estados.<\/p>\n","protected":false},"excerpt":{"rendered":"<p>Uberl\u00e2ndia alcan\u00e7a, em 2025, um dos resultados mais expressivos da educa\u00e7\u00e3o p\u00fablica brasileira: 80% das crian\u00e7as da rede municipal encerram o 2\u00ba ano plenamente alfabetizadas. O \u00edndice \u2014 um dos<\/p>\n","protected":false},"author":3,"featured_media":12678,"comment_status":"open","ping_status":"open","sticky":false,"template":"","format":"standard","meta":{"footnotes":""},"categories":[1],"tags":[],"class_list":["post-12677","post","type-post","status-publish","format-standard","has-post-thumbnail","hentry","category-noticias"],"_links":{"self":[{"href":"https:\/\/revistahubclub.com.br\/portal\/wp-json\/wp\/v2\/posts\/12677","targetHints":{"allow":["GET"]}}],"collection":[{"href":"https:\/\/revistahubclub.com.br\/portal\/wp-json\/wp\/v2\/posts"}],"about":[{"href":"https:\/\/revistahubclub.com.br\/portal\/wp-json\/wp\/v2\/types\/post"}],"author":[{"embeddable":true,"href":"https:\/\/revistahubclub.com.br\/portal\/wp-json\/wp\/v2\/users\/3"}],"replies":[{"embeddable":true,"href":"https:\/\/revistahubclub.com.br\/portal\/wp-json\/wp\/v2\/comments?post=12677"}],"version-history":[{"count":1,"href":"https:\/\/revistahubclub.com.br\/portal\/wp-json\/wp\/v2\/posts\/12677\/revisions"}],"predecessor-version":[{"id":12679,"href":"https:\/\/revistahubclub.com.br\/portal\/wp-json\/wp\/v2\/posts\/12677\/revisions\/12679"}],"wp:featuredmedia":[{"embeddable":true,"href":"https:\/\/revistahubclub.com.br\/portal\/wp-json\/wp\/v2\/media\/12678"}],"wp:attachment":[{"href":"https:\/\/revistahubclub.com.br\/portal\/wp-json\/wp\/v2\/media?parent=12677"}],"wp:term":[{"taxonomy":"category","embeddable":true,"href":"https:\/\/revistahubclub.com.br\/portal\/wp-json\/wp\/v2\/categories?post=12677"},{"taxonomy":"post_tag","embeddable":true,"href":"https:\/\/revistahubclub.com.br\/portal\/wp-json\/wp\/v2\/tags?post=12677"}],"curies":[{"name":"wp","href":"https:\/\/api.w.org\/{rel}","templated":true}]}}