{"id":12697,"date":"2025-12-18T09:08:40","date_gmt":"2025-12-18T12:08:40","guid":{"rendered":"https:\/\/revistahubclub.com.br\/portal\/?p=12697"},"modified":"2025-12-18T09:08:40","modified_gmt":"2025-12-18T12:08:40","slug":"fundacao-cdl-inicia-o-ano-com-capacitacoes-estrategicas-para-impulsionar-carreiras-e-negocios","status":"publish","type":"post","link":"https:\/\/revistahubclub.com.br\/portal\/2025\/12\/18\/fundacao-cdl-inicia-o-ano-com-capacitacoes-estrategicas-para-impulsionar-carreiras-e-negocios\/","title":{"rendered":"Funda\u00e7\u00e3o CDL inicia o ano com capacita\u00e7\u00f5es estrat\u00e9gicas para impulsionar carreiras e neg\u00f3cios\u00a0"},"content":{"rendered":"\n<p><\/p>\n\n\n\n<p>A Funda\u00e7\u00e3o CDL Uberl\u00e2ndia inicia o ano com uma programa\u00e7\u00e3o especial de cursos em janeiro, voltada ao desenvolvimento profissional, \u00e0 gest\u00e3o estrat\u00e9gica e ao fortalecimento de carreiras e neg\u00f3cios. Com temas atuais e instrutores experientes, as capacita\u00e7\u00f5es foram pensadas para quem quer come\u00e7ar 2026 com mais preparo, organiza\u00e7\u00e3o e competitividade no mercado.<\/p>\n\n\n\n<p>&nbsp;<strong>LinkedIn na era da Intelig\u00eancia Artificial<\/strong>&nbsp;<\/p>\n\n\n\n<p>No dia 19 de janeiro de 2026, a Funda\u00e7\u00e3o CDL promove o Workshop \u201cLinkedIn na era da I.A.\u201d, um encontro presencial e interativo, com carga hor\u00e1ria de 3 horas. Ministrado pela instrutora Karla Zardini, o workshop ensina, na pr\u00e1tica, como usar a Intelig\u00eancia Artificial para otimizar o perfil, criar conte\u00fados estrat\u00e9gicos e gerar mais resultados na maior rede profissional do mundo.&nbsp;<\/p>\n\n\n\n<p>Durante a capacita\u00e7\u00e3o, os participantes v\u00e3o entender como o algoritmo do LinkedIn funciona, aprender t\u00e9cnicas de otimiza\u00e7\u00e3o de perfil (headline, resumo, experi\u00eancias, compet\u00eancias e recomenda\u00e7\u00f5es), cria\u00e7\u00e3o de posts com formatos que geram engajamento, estrat\u00e9gias de networking e mensagens que convertem, al\u00e9m de orienta\u00e7\u00f5es sobre o que usar e o que evitar na aplica\u00e7\u00e3o da IA. O encontro inclui ainda oficina pr\u00e1tica, feedbacks personalizados e sorteio de uma an\u00e1lise gratuita de perfil.<\/p>\n\n\n\n<p>O investimento \u00e9 de R$ 120,00 e o curso \u00e9 indicado para profissionais, l\u00edderes e empreendedores que desejam usar o LinkedIn de forma estrat\u00e9gica, segura e inteligente.<\/p>\n\n\n\n<p><strong>Finan\u00e7as na Pr\u00e1tica: O M\u00e9todo de 4 Pilares<\/strong>&nbsp;<\/p>\n\n\n\n<p>Entre os dias 26 e 28 de janeiro de 2026, acontece o curso \u201cFinan\u00e7as na Pr\u00e1tica: O M\u00e9todo de 4 Pilares \u2013 Organizar, Controlar, Decidir e Medir\u201d, com carga hor\u00e1ria total de 9 horas. A forma\u00e7\u00e3o \u00e9 ideal para quem busca dominar as finan\u00e7as do neg\u00f3cio com clareza, m\u00e9todo e vis\u00e3o estrat\u00e9gica, garantindo mais controle sobre entradas, sa\u00eddas, custos e resultados.&nbsp;<\/p>\n\n\n\n<p>O conte\u00fado program\u00e1tico aborda desde a organiza\u00e7\u00e3o das atividades financeiras, passando pelo fluxo de caixa (O Espelho da Realidade), gest\u00e3o de contas a pagar e a receber, controle de gastos e desperd\u00edcios, capital de giro e ciclo financeiro, at\u00e9 os KPIs (indicadores) essenciais para a tomada de decis\u00e3o.&nbsp;<\/p>\n\n\n\n<p>A capacita\u00e7\u00e3o ser\u00e1 conduzida por Jurema Reis, especialista em Finan\u00e7as, Planejamento Estrat\u00e9gico e Gest\u00e3o de Pessoas, com mais de 30 anos de experi\u00eancia. Consultora e instrutora reconhecida, Jurema \u00e9 refer\u00eancia por transformar n\u00fameros em decis\u00f5es pr\u00e1ticas e resultados reais para empresas e profissionais.<\/p>\n\n\n\n<p>O investimento \u00e9 de R$ 340,00. &nbsp;<\/p>\n\n\n\n<p>A programa\u00e7\u00e3o completa est\u00e1 no site da CDL Uberl\u00e2ndia (<a href=\"http:\/\/www.loja.cdludi.org.br\/\" target=\"_blank\" rel=\"noreferrer noopener\"><strong>www.loja.cdludi.org.br<\/strong><\/a>).&nbsp; Os cursos acontecem presencialmente na sede da Funda\u00e7\u00e3o CDL Uberl\u00e2ndia, em um ambiente moderno, com turmas reduzidas para melhor aproveitamento do conte\u00fado e networking entre os participantes.<\/p>\n\n\n<figure class=\"wp-block-post-featured-image\"><img loading=\"lazy\" decoding=\"async\" width=\"372\" height=\"318\" src=\"https:\/\/revistahubclub.com.br\/portal\/wp-content\/uploads\/2025\/12\/cruso.png\" class=\"attachment-post-thumbnail size-post-thumbnail wp-post-image\" alt=\"\" style=\"object-fit:cover;\" srcset=\"https:\/\/revistahubclub.com.br\/portal\/wp-content\/uploads\/2025\/12\/cruso.png 372w, https:\/\/revistahubclub.com.br\/portal\/wp-content\/uploads\/2025\/12\/cruso-300x256.png 300w\" sizes=\"auto, (max-width: 372px) 100vw, 372px\" \/><\/figure>","protected":false},"excerpt":{"rendered":"<p>A Funda\u00e7\u00e3o CDL Uberl\u00e2ndia inicia o ano com uma programa\u00e7\u00e3o especial de cursos em janeiro, voltada ao desenvolvimento profissional, \u00e0 gest\u00e3o estrat\u00e9gica e ao fortalecimento de carreiras e neg\u00f3cios. Com<\/p>\n","protected":false},"author":2,"featured_media":12698,"comment_status":"open","ping_status":"open","sticky":false,"template":"","format":"standard","meta":{"footnotes":""},"categories":[1],"tags":[],"class_list":["post-12697","post","type-post","status-publish","format-standard","has-post-thumbnail","hentry","category-noticias"],"_links":{"self":[{"href":"https:\/\/revistahubclub.com.br\/portal\/wp-json\/wp\/v2\/posts\/12697","targetHints":{"allow":["GET"]}}],"collection":[{"href":"https:\/\/revistahubclub.com.br\/portal\/wp-json\/wp\/v2\/posts"}],"about":[{"href":"https:\/\/revistahubclub.com.br\/portal\/wp-json\/wp\/v2\/types\/post"}],"author":[{"embeddable":true,"href":"https:\/\/revistahubclub.com.br\/portal\/wp-json\/wp\/v2\/users\/2"}],"replies":[{"embeddable":true,"href":"https:\/\/revistahubclub.com.br\/portal\/wp-json\/wp\/v2\/comments?post=12697"}],"version-history":[{"count":1,"href":"https:\/\/revistahubclub.com.br\/portal\/wp-json\/wp\/v2\/posts\/12697\/revisions"}],"predecessor-version":[{"id":12699,"href":"https:\/\/revistahubclub.com.br\/portal\/wp-json\/wp\/v2\/posts\/12697\/revisions\/12699"}],"wp:featuredmedia":[{"embeddable":true,"href":"https:\/\/revistahubclub.com.br\/portal\/wp-json\/wp\/v2\/media\/12698"}],"wp:attachment":[{"href":"https:\/\/revistahubclub.com.br\/portal\/wp-json\/wp\/v2\/media?parent=12697"}],"wp:term":[{"taxonomy":"category","embeddable":true,"href":"https:\/\/revistahubclub.com.br\/portal\/wp-json\/wp\/v2\/categories?post=12697"},{"taxonomy":"post_tag","embeddable":true,"href":"https:\/\/revistahubclub.com.br\/portal\/wp-json\/wp\/v2\/tags?post=12697"}],"curies":[{"name":"wp","href":"https:\/\/api.w.org\/{rel}","templated":true}]}}