{"id":12700,"date":"2025-12-18T12:30:03","date_gmt":"2025-12-18T15:30:03","guid":{"rendered":"https:\/\/revistahubclub.com.br\/portal\/?p=12700"},"modified":"2025-12-18T12:30:03","modified_gmt":"2025-12-18T15:30:03","slug":"premio-regiao-do-cerrado-mineiro-destina-r-2248-mil-a-educacao","status":"publish","type":"post","link":"https:\/\/revistahubclub.com.br\/portal\/2025\/12\/18\/premio-regiao-do-cerrado-mineiro-destina-r-2248-mil-a-educacao\/","title":{"rendered":"Pr\u00eamio Regi\u00e3o do Cerrado Mineiro destina R$ 224,8 mil \u00e0 educa\u00e7\u00e3o"},"content":{"rendered":"\n<p><em>Iniciativa reconhece projeto desenvolvido em escola p\u00fa<\/em><em>blica e amplia impacto nas regi\u00f5es cafeeiras <\/em><em>da RCM<\/em><\/p>\n\n\n\n<p>O 13\u00ba Pr\u00eamio Regi\u00e3o do Cerrado Mineiro destinou cerca de 40% do valor arrecadado no leil\u00e3o desta edi\u00e7\u00e3o, o equivalente a R$ 224.800,00, ao Projeto Escola de Atitude, iniciativa que reconhece e apoia a\u00e7\u00f5es desenvolvidas em comunidades produtoras das regi\u00f5es cafeeiras do Cerrado Mineiro.<\/p>\n\n\n\n<p>O recurso ser\u00e1 aplicado em projetos voltados ao fortalecimento comunit\u00e1rio, com foco em forma\u00e7\u00e3o cidad\u00e3, valoriza\u00e7\u00e3o cultural e desenvolvimento social. A iniciativa integra o Trof\u00e9u Escola de Atitude, que, nesta edi\u00e7\u00e3o, premiou o projeto \u201cOs Encantos da Regi\u00e3o do Cerrado Mineiro: os Sabores, as Riquezas e as Belezas\u201d, desenvolvido pela Escola Municipal Henriqueta Cassimira de Menezes, de Carmo do Parana\u00edba.<\/p>\n\n\n\n<p>Inscrito pela Cooperativa Agropecu\u00e1ria de Carmo do Parana\u00edba (Carpec), o projeto se destacou por promover a identidade cultural regional e incentivar o envolvimento de alunos com a hist\u00f3ria, os valores e as potencialidades do Cerrado Mineiro.<\/p>\n\n\n\n<p><strong>Mais premia\u00e7\u00e3o<\/strong><\/p>\n\n\n\n<p>Como desdobramento do projeto vencedor, a estudante Mariana Lima, de 11 anos, foi selecionada entre cinco candidatos para receber um pr\u00eamio individual de R$ 25 mil. A escolha ocorreu ap\u00f3s processo seletivo conduzido pela Federa\u00e7\u00e3o dos Cafeicultores do Cerrado e pelo Sebrae, com avalia\u00e7\u00e3o de crit\u00e9rios como desempenho escolar, reda\u00e7\u00e3o, entrevista e condi\u00e7\u00e3o socioecon\u00f4mica.<\/p>\n\n\n\n<p>A entrega simb\u00f3lica do cheque ocorreu nesta semana, durante cerim\u00f4nia realizada na Escola Municipal Henriqueta Cassimira de Menezes, em Carmo do Parana\u00edba, com a presen\u00e7a de representantes da Carpec, da Federa\u00e7\u00e3o dos Cafeicultores do Cerrado e da comunidade escolar. O valor \u00e9 resultado do leil\u00e3o promovido durante o Pr\u00eamio, a partir do blazer arrematado pelo produtor Eduardo Pinheiro Campos, que destinou integralmente o montante \u00e0 a\u00e7\u00e3o. O recurso ser\u00e1 aplicado em uma previd\u00eancia educacional, garantindo suporte financeiro para a trajet\u00f3ria acad\u00eamica da estudante.<\/p>\n\n\n\n<p>Para a m\u00e3e de Mariana, Daiane Aparecida Oliveira, o pr\u00eamio representa uma oportunidade concreta de transforma\u00e7\u00e3o. \u201cEsse investimento refor\u00e7a o esfor\u00e7o e a dedica\u00e7\u00e3o dela aos estudos. \u00c9 um incentivo que abre caminhos e traz mais seguran\u00e7a para o futuro\u201d, afirma.<\/p>\n\n\n\n<p>Ao direcionar parte relevante dos recursos arrecadados para a\u00e7\u00f5es sociais, o Pr\u00eamio Regi\u00e3o do Cerrado Mineiro amplia seu impacto para al\u00e9m da cadeia produtiva. \u201cA iniciativa refor\u00e7a que a cafeicultura de origem controlada tamb\u00e9m gera desenvolvimento social e contribui para transformar realidades nas comunidades produtoras\u201d, destaca Juliano Tarabal, diretor executivo da Federa\u00e7\u00e3o dos Cafeicultores do Cerrado.<\/p>\n","protected":false},"excerpt":{"rendered":"<p>Iniciativa reconhece projeto desenvolvido em escola p\u00fablica e amplia impacto nas regi\u00f5es cafeeiras da RCM O 13\u00ba Pr\u00eamio Regi\u00e3o do Cerrado Mineiro destinou cerca de 40% do valor arrecadado no<\/p>\n","protected":false},"author":3,"featured_media":12701,"comment_status":"open","ping_status":"open","sticky":false,"template":"","format":"standard","meta":{"footnotes":""},"categories":[1],"tags":[],"class_list":["post-12700","post","type-post","status-publish","format-standard","has-post-thumbnail","hentry","category-noticias"],"_links":{"self":[{"href":"https:\/\/revistahubclub.com.br\/portal\/wp-json\/wp\/v2\/posts\/12700","targetHints":{"allow":["GET"]}}],"collection":[{"href":"https:\/\/revistahubclub.com.br\/portal\/wp-json\/wp\/v2\/posts"}],"about":[{"href":"https:\/\/revistahubclub.com.br\/portal\/wp-json\/wp\/v2\/types\/post"}],"author":[{"embeddable":true,"href":"https:\/\/revistahubclub.com.br\/portal\/wp-json\/wp\/v2\/users\/3"}],"replies":[{"embeddable":true,"href":"https:\/\/revistahubclub.com.br\/portal\/wp-json\/wp\/v2\/comments?post=12700"}],"version-history":[{"count":1,"href":"https:\/\/revistahubclub.com.br\/portal\/wp-json\/wp\/v2\/posts\/12700\/revisions"}],"predecessor-version":[{"id":12702,"href":"https:\/\/revistahubclub.com.br\/portal\/wp-json\/wp\/v2\/posts\/12700\/revisions\/12702"}],"wp:featuredmedia":[{"embeddable":true,"href":"https:\/\/revistahubclub.com.br\/portal\/wp-json\/wp\/v2\/media\/12701"}],"wp:attachment":[{"href":"https:\/\/revistahubclub.com.br\/portal\/wp-json\/wp\/v2\/media?parent=12700"}],"wp:term":[{"taxonomy":"category","embeddable":true,"href":"https:\/\/revistahubclub.com.br\/portal\/wp-json\/wp\/v2\/categories?post=12700"},{"taxonomy":"post_tag","embeddable":true,"href":"https:\/\/revistahubclub.com.br\/portal\/wp-json\/wp\/v2\/tags?post=12700"}],"curies":[{"name":"wp","href":"https:\/\/api.w.org\/{rel}","templated":true}]}}