{"id":12770,"date":"2026-01-09T15:07:44","date_gmt":"2026-01-09T18:07:44","guid":{"rendered":"https:\/\/revistahubclub.com.br\/portal\/?p=12770"},"modified":"2026-01-12T15:10:10","modified_gmt":"2026-01-12T18:10:10","slug":"mercado-imobiliario-economico-em-uberlandia-o-motor-que-move-sonhos-e-impulsiona-o-desenvolvimento-da-cidade","status":"publish","type":"post","link":"https:\/\/revistahubclub.com.br\/portal\/2026\/01\/09\/mercado-imobiliario-economico-em-uberlandia-o-motor-que-move-sonhos-e-impulsiona-o-desenvolvimento-da-cidade\/","title":{"rendered":"Mercado imobili\u00e1rio econ\u00f4mico em Uberl\u00e2ndia &#8211; O motor que move sonhos e impulsiona o desenvolvimento da cidade"},"content":{"rendered":"\n<p><strong>Fl\u00e1vio Torrano | Foto Mauro Marques<\/strong><\/p>\n\n\n\n<p>O mercado imobili\u00e1rio econ\u00f4mico tem se consolidado como um dos grandes motores de desenvolvimento do Brasil e em Uberl\u00e2ndia, esse movimento \u00e9 ainda mais evidente.<br>Mais do que um setor comercial, ele \u00e9 um verdadeiro agente de transforma\u00e7\u00e3o social, respons\u00e1vel por realizar sonhos, gerar empregos e movimentar a economia local de forma s\u00f3lida e sustent\u00e1vel.<\/p>\n\n\n\n<p>Nos \u00faltimos anos, mesmo diante de instabilidades econ\u00f4micas e pol\u00edticas, o segmento econ\u00f4mico mostrou uma resili\u00eancia impressionante. Segundo dados da Abrainc e da Caixa Econ\u00f4mica Federal, cerca de <strong>70% dos im\u00f3veis comercializados no pa\u00eds<\/strong> pertencem ao segmento econ\u00f4mico \u2014 o que demonstra a for\u00e7a e a import\u00e2ncia desse p\u00fablico na estrutura do mercado imobili\u00e1rio nacional.<\/p>\n\n\n\n<p>Em Uberl\u00e2ndia, o cen\u00e1rio segue a mesma tend\u00eancia. A cidade vive um verdadeiro <strong>boom imobili\u00e1rio<\/strong>, com destaque absoluto para os empreendimentos populares e de m\u00e9dio padr\u00e3o.<br>E o futuro \u00e9 ainda mais promissor: <strong>Uberl\u00e2ndia dever\u00e1 lan\u00e7ar mais de 10 mil casas dentro do programa Minha Casa, Minha Vida<\/strong>, um marco hist\u00f3rico para o munic\u00edpio e um passo importante na redu\u00e7\u00e3o do d\u00e9ficit habitacional local.<br>Esses novos empreendimentos representam n\u00e3o apenas moradia digna, mas tamb\u00e9m milhares de empregos diretos e indiretos, fortalecendo toda a cadeia produtiva da constru\u00e7\u00e3o civil.<\/p>\n\n\n\n<p>A demanda \u00e9 clara. Segundo estudo do Grupo OLX\/DataZAP, <strong>66% das buscas por im\u00f3veis em Uberl\u00e2ndia<\/strong> s\u00e3o por unidades de at\u00e9 <strong>R$ 350 mil<\/strong>, mas essa faixa representa apenas <strong>40% da oferta dispon\u00edvel<\/strong>.<br>Isso mostra que h\u00e1 muito mais pessoas interessadas em im\u00f3veis econ\u00f4micos do que unidades dispon\u00edveis, um cen\u00e1rio ideal tanto para investidores quanto para construtoras e imobili\u00e1rias que atuam nesse segmento.<\/p>\n\n\n\n<p>Al\u00e9m de proporcionar moradia acess\u00edvel, o setor imobili\u00e1rio econ\u00f4mico tem papel essencial na economia local.<br>Cada novo empreendimento movimenta centenas de empregos diretos e indiretos, pedreiros, corretores, engenheiros, arquitetos, transportadores, lojistas e diversos outros profissionais.<br>O resultado \u00e9 uma cadeia produtiva que impulsiona o desenvolvimento e beneficia toda a cidade.<\/p>\n\n\n\n<p>O momento atual \u00e9 de otimismo e expans\u00e3o. A retomada do programa <strong>Minha Casa, Minha Vida<\/strong>, a queda das taxas de juros e a amplia\u00e7\u00e3o do cr\u00e9dito habitacional reacenderam o sonho da casa pr\u00f3pria para milhares de fam\u00edlias.<br>Em \u00e2mbito nacional, o Governo Federal anunciou que o <strong>or\u00e7amento destinado \u00e0 habita\u00e7\u00e3o em 2026 ser\u00e1 de R$ 144,5 bilh\u00f5es<\/strong>, superando o montante aplicado em 2025, um investimento que refor\u00e7a o compromisso com o acesso \u00e0 moradia e o fortalecimento do setor.<\/p>\n\n\n\n<p>\u00c9 verdade que ainda existem desafios como o aumento do custo dos terrenos, a burocracia nos processos de aprova\u00e7\u00e3o e o recente reajuste das taxas cartoriais, mas a perspectiva \u00e9 positiva.<br>Com forte demanda, cr\u00e9dito acess\u00edvel e um p\u00fablico cada vez mais preparado para investir, <strong>Uberl\u00e2ndia se consolida como uma das pot\u00eancias do mercado imobili\u00e1rio econ\u00f4mico brasileiro<\/strong>.<\/p>\n\n\n\n<p>Mais do que vender im\u00f3veis, esse segmento realiza sonhos, constr\u00f3i hist\u00f3rias e fortalece a cidade.<br>O mercado imobili\u00e1rio econ\u00f4mico \u00e9, e continuar\u00e1 sendo <strong>o motor silencioso que move o progresso de Uberl\u00e2ndia e o futuro de milhares de fam\u00edlias brasileiras.<\/strong><\/p>\n\n\n\n<p><strong>Viva o Mercado Econ\u00f4mico, pra frente!!<\/strong><\/p>\n\n\n\n<p><strong>Fl\u00e1vio Torrano\u00a0<\/strong><br><strong>Diretor da Torrano Neg\u00f3cios Imobili\u00e1rios<\/strong><br><strong>Especialista em im\u00f3veis do segmento econ\u00f4mico<\/strong><br><strong>@torrano.negocios<\/strong><br><\/p>\n\n\n<figure class=\"wp-block-post-featured-image\"><img loading=\"lazy\" decoding=\"async\" width=\"1978\" height=\"1312\" src=\"https:\/\/revistahubclub.com.br\/portal\/wp-content\/uploads\/2026\/01\/Captura-de-Tela-2026-01-09-as-2.59.54-PM.png\" class=\"attachment-post-thumbnail size-post-thumbnail wp-post-image\" alt=\"\" style=\"object-fit:cover;\" srcset=\"https:\/\/revistahubclub.com.br\/portal\/wp-content\/uploads\/2026\/01\/Captura-de-Tela-2026-01-09-as-2.59.54-PM.png 1978w, https:\/\/revistahubclub.com.br\/portal\/wp-content\/uploads\/2026\/01\/Captura-de-Tela-2026-01-09-as-2.59.54-PM-300x199.png 300w, https:\/\/revistahubclub.com.br\/portal\/wp-content\/uploads\/2026\/01\/Captura-de-Tela-2026-01-09-as-2.59.54-PM-1024x679.png 1024w, https:\/\/revistahubclub.com.br\/portal\/wp-content\/uploads\/2026\/01\/Captura-de-Tela-2026-01-09-as-2.59.54-PM-768x509.png 768w, https:\/\/revistahubclub.com.br\/portal\/wp-content\/uploads\/2026\/01\/Captura-de-Tela-2026-01-09-as-2.59.54-PM-1536x1019.png 1536w\" sizes=\"auto, (max-width: 1978px) 100vw, 1978px\" \/><\/figure>","protected":false},"excerpt":{"rendered":"<p>Fl\u00e1vio Torrano | Foto Mauro Marques O mercado imobili\u00e1rio econ\u00f4mico tem se consolidado como um dos grandes motores de desenvolvimento do Brasil e em Uberl\u00e2ndia, esse movimento \u00e9 ainda mais<\/p>\n","protected":false},"author":2,"featured_media":12771,"comment_status":"open","ping_status":"open","sticky":false,"template":"","format":"standard","meta":{"footnotes":""},"categories":[1],"tags":[19],"class_list":["post-12770","post","type-post","status-publish","format-standard","has-post-thumbnail","hentry","category-noticias","tag-mercado-imobiliario"],"_links":{"self":[{"href":"https:\/\/revistahubclub.com.br\/portal\/wp-json\/wp\/v2\/posts\/12770","targetHints":{"allow":["GET"]}}],"collection":[{"href":"https:\/\/revistahubclub.com.br\/portal\/wp-json\/wp\/v2\/posts"}],"about":[{"href":"https:\/\/revistahubclub.com.br\/portal\/wp-json\/wp\/v2\/types\/post"}],"author":[{"embeddable":true,"href":"https:\/\/revistahubclub.com.br\/portal\/wp-json\/wp\/v2\/users\/2"}],"replies":[{"embeddable":true,"href":"https:\/\/revistahubclub.com.br\/portal\/wp-json\/wp\/v2\/comments?post=12770"}],"version-history":[{"count":1,"href":"https:\/\/revistahubclub.com.br\/portal\/wp-json\/wp\/v2\/posts\/12770\/revisions"}],"predecessor-version":[{"id":12772,"href":"https:\/\/revistahubclub.com.br\/portal\/wp-json\/wp\/v2\/posts\/12770\/revisions\/12772"}],"wp:featuredmedia":[{"embeddable":true,"href":"https:\/\/revistahubclub.com.br\/portal\/wp-json\/wp\/v2\/media\/12771"}],"wp:attachment":[{"href":"https:\/\/revistahubclub.com.br\/portal\/wp-json\/wp\/v2\/media?parent=12770"}],"wp:term":[{"taxonomy":"category","embeddable":true,"href":"https:\/\/revistahubclub.com.br\/portal\/wp-json\/wp\/v2\/categories?post=12770"},{"taxonomy":"post_tag","embeddable":true,"href":"https:\/\/revistahubclub.com.br\/portal\/wp-json\/wp\/v2\/tags?post=12770"}],"curies":[{"name":"wp","href":"https:\/\/api.w.org\/{rel}","templated":true}]}}