{"id":12823,"date":"2026-01-27T09:05:18","date_gmt":"2026-01-27T12:05:18","guid":{"rendered":"https:\/\/revistahubclub.com.br\/portal\/?p=12823"},"modified":"2026-01-27T09:05:18","modified_gmt":"2026-01-27T12:05:18","slug":"fundacao-cdl-divulga-agenda-de-cursos-com-foco-em-gestao-vendas-lideranca-e-desenvolvimento-empresarial","status":"publish","type":"post","link":"https:\/\/revistahubclub.com.br\/portal\/2026\/01\/27\/fundacao-cdl-divulga-agenda-de-cursos-com-foco-em-gestao-vendas-lideranca-e-desenvolvimento-empresarial\/","title":{"rendered":"Funda\u00e7\u00e3o CDL divulga agenda de cursos com foco em gest\u00e3o, vendas, lideran\u00e7a e desenvolvimento empresarial\u00a0"},"content":{"rendered":"\n<p>A Funda\u00e7\u00e3o CDL refor\u00e7a seu compromisso com o desenvolvimento empresarial e humano ao apresentar uma agenda de cursos, pensada para atender \u00e0s demandas reais de quem empreende, lidera equipes e busca crescimento sustent\u00e1vel em um mercado cada vez mais desafiador. As forma\u00e7\u00f5es unem conte\u00fado pr\u00e1tico, instrutores experientes e uma abordagem acess\u00edvel, conectando conhecimento t\u00e9cnico \u00e0 realidade do dia a dia dos neg\u00f3cios.<\/p>\n\n\n\n<p>Programa\u00e7\u00e3o do primeiro semestre&nbsp;<\/p>\n\n\n\n<p>Come\u00e7a hoje, dia 26 de janeiro e segue at\u00e9 28 de janeiro, o curso \u201cFinan\u00e7as na Pr\u00e1tica: O M\u00e9todo de 4 Pilares: Organizar, Controlar, Decidir e Medir\u201d, uma imers\u00e3o de 9 horas voltada a empres\u00e1rios, gestores e profissionais que desejam assumir o controle financeiro do neg\u00f3cio com mais clareza e estrat\u00e9gia. A proposta \u00e9 desmistificar as finan\u00e7as e oferecer um m\u00e9todo aplic\u00e1vel, capaz de apoiar decis\u00f5es mais seguras, melhorar o controle de custos e ampliar a vis\u00e3o sobre resultados.<\/p>\n\n\n\n<p>Em fevereiro, a Funda\u00e7\u00e3o CDL amplia o foco para a qualifica\u00e7\u00e3o t\u00e9cnica com os cursos de Excel B\u00e1sico, de 9 a 12 de fevereiro, e Excel Avan\u00e7ado, de 23 a 26 de fevereiro, ambos com carga hor\u00e1ria de 12 horas. As forma\u00e7\u00f5es atendem desde quem est\u00e1 come\u00e7ando a utilizar a ferramenta at\u00e9 profissionais que desejam aprofundar conhecimentos para an\u00e1lise de dados, organiza\u00e7\u00e3o de informa\u00e7\u00f5es e ganho de produtividade no ambiente corporativo.<\/p>\n\n\n\n<p>O m\u00eas de mar\u00e7o ser\u00e1 dedicado ao fortalecimento das rela\u00e7\u00f5es comerciais e do atendimento ao cliente. Entre 9 e 11 de mar\u00e7o, o curso \u201cProspec\u00e7\u00e3o e Convers\u00e3o de Clientes: Estrat\u00e9gias que Geram Resultados\u201d, conduzido por Cleide Alves, aborda t\u00e9cnicas pr\u00e1ticas para atrair, engajar e converter clientes de forma mais eficiente. Na sequ\u00eancia, de 23 a 25 de mar\u00e7o, o curso \u201cConversas que Convertem: Atendimento Humanizado no WhatsApp\u201d aprofunda o uso estrat\u00e9gico do principal canal de comunica\u00e7\u00e3o com clientes, unindo empatia, linguagem adequada e foco em resultados.<\/p>\n\n\n\n<p>Em abril, a agenda se volta ao desenvolvimento de lideran\u00e7as e \u00e0 gest\u00e3o de pessoas. O curso \u201cLideran\u00e7a de Alta Performance\u201d, de 13 a 15 de abril, com a instrutora Karla Zardini, trabalha compet\u00eancias essenciais para l\u00edderes que desejam inspirar equipes, aumentar engajamento e alcan\u00e7ar melhores resultados. Fechando o ciclo, de 27 a 29 de abril, o curso \u201cRH \u00c1gil: Estrat\u00e9gias para um Desempenho de Alto Impacto\u201d apresenta pr\u00e1ticas modernas de gest\u00e3o de pessoas, alinhadas \u00e0s novas din\u00e2micas do mercado e \u00e0 necessidade de organiza\u00e7\u00f5es mais flex\u00edveis e humanas.<\/p>\n\n\n\n<p>Para a Joyce Siqueira Mendes, coordenadora de solu\u00e7\u00f5es CDL, investir em educa\u00e7\u00e3o \u00e9 investir no fortalecimento do ecossistema empresarial. \u201cNossa miss\u00e3o vai al\u00e9m de oferecer cursos. Queremos apoiar empres\u00e1rios e profissionais na constru\u00e7\u00e3o de neg\u00f3cios mais organizados, sustent\u00e1veis e humanos. Cada forma\u00e7\u00e3o foi pensada para gerar impacto real na rotina das empresas e no desenvolvimento das pessoas\u201d, disse Joyce, refor\u00e7ando que a capacita\u00e7\u00e3o cont\u00ednua \u00e9 um dos principais caminhos para a competitividade e a longevidade dos neg\u00f3cios.<\/p>\n\n\n\n<p>A programa\u00e7\u00e3o completa est\u00e1 no site da CDL Uberl\u00e2ndia (<a href=\"https:\/\/www.blogger.com\/blog\/post\/edit\/8620210678093587880\/5435580430605089621#\">www.loja.cdludi.org.br<\/a>).&nbsp; Os cursos acontecem presencialmente na sede da Funda\u00e7\u00e3o CDL Uberl\u00e2ndia, em um ambiente moderno, com turmas reduzidas para melhor aproveitamento do conte\u00fado e networking entre os participantes.<\/p>\n\n\n<figure class=\"wp-block-post-featured-image\"><img loading=\"lazy\" decoding=\"async\" width=\"800\" height=\"449\" src=\"https:\/\/revistahubclub.com.br\/portal\/wp-content\/uploads\/2026\/01\/curso1.jpg\" class=\"attachment-post-thumbnail size-post-thumbnail wp-post-image\" alt=\"\" style=\"object-fit:cover;\" srcset=\"https:\/\/revistahubclub.com.br\/portal\/wp-content\/uploads\/2026\/01\/curso1.jpg 800w, https:\/\/revistahubclub.com.br\/portal\/wp-content\/uploads\/2026\/01\/curso1-300x168.jpg 300w, https:\/\/revistahubclub.com.br\/portal\/wp-content\/uploads\/2026\/01\/curso1-768x431.jpg 768w\" sizes=\"auto, (max-width: 800px) 100vw, 800px\" \/><\/figure>","protected":false},"excerpt":{"rendered":"<p>A Funda\u00e7\u00e3o CDL refor\u00e7a seu compromisso com o desenvolvimento empresarial e humano ao apresentar uma agenda de cursos, pensada para atender \u00e0s demandas reais de quem empreende, lidera equipes e<\/p>\n","protected":false},"author":2,"featured_media":12824,"comment_status":"open","ping_status":"open","sticky":false,"template":"","format":"standard","meta":{"footnotes":""},"categories":[1],"tags":[],"class_list":["post-12823","post","type-post","status-publish","format-standard","has-post-thumbnail","hentry","category-noticias"],"_links":{"self":[{"href":"https:\/\/revistahubclub.com.br\/portal\/wp-json\/wp\/v2\/posts\/12823","targetHints":{"allow":["GET"]}}],"collection":[{"href":"https:\/\/revistahubclub.com.br\/portal\/wp-json\/wp\/v2\/posts"}],"about":[{"href":"https:\/\/revistahubclub.com.br\/portal\/wp-json\/wp\/v2\/types\/post"}],"author":[{"embeddable":true,"href":"https:\/\/revistahubclub.com.br\/portal\/wp-json\/wp\/v2\/users\/2"}],"replies":[{"embeddable":true,"href":"https:\/\/revistahubclub.com.br\/portal\/wp-json\/wp\/v2\/comments?post=12823"}],"version-history":[{"count":1,"href":"https:\/\/revistahubclub.com.br\/portal\/wp-json\/wp\/v2\/posts\/12823\/revisions"}],"predecessor-version":[{"id":12825,"href":"https:\/\/revistahubclub.com.br\/portal\/wp-json\/wp\/v2\/posts\/12823\/revisions\/12825"}],"wp:featuredmedia":[{"embeddable":true,"href":"https:\/\/revistahubclub.com.br\/portal\/wp-json\/wp\/v2\/media\/12824"}],"wp:attachment":[{"href":"https:\/\/revistahubclub.com.br\/portal\/wp-json\/wp\/v2\/media?parent=12823"}],"wp:term":[{"taxonomy":"category","embeddable":true,"href":"https:\/\/revistahubclub.com.br\/portal\/wp-json\/wp\/v2\/categories?post=12823"},{"taxonomy":"post_tag","embeddable":true,"href":"https:\/\/revistahubclub.com.br\/portal\/wp-json\/wp\/v2\/tags?post=12823"}],"curies":[{"name":"wp","href":"https:\/\/api.w.org\/{rel}","templated":true}]}}