{"id":12834,"date":"2026-01-28T15:23:09","date_gmt":"2026-01-28T18:23:09","guid":{"rendered":"https:\/\/revistahubclub.com.br\/portal\/?p=12834"},"modified":"2026-01-28T15:23:09","modified_gmt":"2026-01-28T18:23:09","slug":"chronos-tower-inicia-obras-e-consolida-novo-marco-corporativo-em-uberlandia","status":"publish","type":"post","link":"https:\/\/revistahubclub.com.br\/portal\/2026\/01\/28\/chronos-tower-inicia-obras-e-consolida-novo-marco-corporativo-em-uberlandia\/","title":{"rendered":"Chronos Tower inicia obras e consolida novo marco corporativo em Uberl\u00e2ndia"},"content":{"rendered":"\n<p><a href=\"https:\/\/www.blogger.com\/blog\/post\/edit\/7889572051568201909\/3062427179074298557#\"><\/a><\/p>\n\n\n\n<p>&nbsp;A&nbsp;<a href=\"https:\/\/www.blogger.com\/blog\/post\/edit\/7889572051568201909\/3062427179074298557#\">Perplan Incorpora\u00e7\u00e3o<\/a>&nbsp;anuncia o in\u00edcio das obras do Chronos Tower, sua primeira torre comercial em&nbsp;<a href=\"https:\/\/www.blogger.com\/blog\/post\/edit\/7889572051568201909\/3062427179074298557#\">Uberl\u00e2ndia<\/a>. O avan\u00e7o do empreendimento reafirma o compromisso da incorporadora com o cronograma de obra e tamb\u00e9m com o desenvolvimento da cidade, al\u00e9m de consolidar o sucesso de vendas registrado no lan\u00e7amento.<\/p>\n\n\n\n<p>Localizado na Av. Francisco Galassi, no bairro Morada da Colina, o Chronos Tower foi concebido para atender \u00e0 crescente demanda por salas comerciais modernas e bem localizadas, oferecendo unidades a partir de 38 m\u00b2, com plantas flex\u00edveis e arquitetura contempor\u00e2nea.<\/p>\n\n\n\n<p>Mais do que um projeto, o Chronos Tower representa um novo momento do mercado corporativo local, conectando neg\u00f3cios, conveni\u00eancia e valoriza\u00e7\u00e3o imobili\u00e1ria em uma das regi\u00f5es mais estrat\u00e9gicas da Zona Sul.<\/p>\n\n\n\n<p>Os interessados podem visitar o Espa\u00e7o de Neg\u00f3cios da Perplan, na Av. Nicomedes Alves dos Santos, 1874, onde est\u00e3o dispon\u00edveis a sala comercial decorada e a maquete f\u00edsica, permitindo uma experi\u00eancia completa do projeto.<\/p>\n\n\n\n<p>Com obras iniciadas, o Chronos Tower avan\u00e7a do conceito para a entrega, refor\u00e7ando a presen\u00e7a da Perplan em Uberl\u00e2ndia e seu posicionamento como incorporadora que transforma planejamento em realidade.<\/p>\n\n\n\n<p><strong>Sobre a Perplan Incorpora\u00e7\u00e3o<\/strong><br>Com mais de 25 anos de hist\u00f3ria, a Perplan atua em mais de 12 cidades de S\u00e3o Paulo e Minas Gerais, soma mais de 45 empreendimentos lan\u00e7ados e 9 mil unidades entregues. Em Uberl\u00e2ndia desde 2020, possui um portf\u00f3lio diversificado que inclui o Chronos Tower.<\/p>\n\n\n<figure class=\"wp-block-post-featured-image\"><img loading=\"lazy\" decoding=\"async\" width=\"365\" height=\"380\" src=\"https:\/\/revistahubclub.com.br\/portal\/wp-content\/uploads\/2026\/01\/towerperplan.png\" class=\"attachment-post-thumbnail size-post-thumbnail wp-post-image\" alt=\"\" style=\"object-fit:cover;\" srcset=\"https:\/\/revistahubclub.com.br\/portal\/wp-content\/uploads\/2026\/01\/towerperplan.png 365w, https:\/\/revistahubclub.com.br\/portal\/wp-content\/uploads\/2026\/01\/towerperplan-288x300.png 288w\" sizes=\"auto, (max-width: 365px) 100vw, 365px\" \/><\/figure>","protected":false},"excerpt":{"rendered":"<p>&nbsp;A&nbsp;Perplan Incorpora\u00e7\u00e3o&nbsp;anuncia o in\u00edcio das obras do Chronos Tower, sua primeira torre comercial em&nbsp;Uberl\u00e2ndia. O avan\u00e7o do empreendimento reafirma o compromisso da incorporadora com o cronograma de obra e tamb\u00e9m<\/p>\n","protected":false},"author":2,"featured_media":12835,"comment_status":"open","ping_status":"open","sticky":false,"template":"","format":"standard","meta":{"footnotes":""},"categories":[1],"tags":[],"class_list":["post-12834","post","type-post","status-publish","format-standard","has-post-thumbnail","hentry","category-noticias"],"_links":{"self":[{"href":"https:\/\/revistahubclub.com.br\/portal\/wp-json\/wp\/v2\/posts\/12834","targetHints":{"allow":["GET"]}}],"collection":[{"href":"https:\/\/revistahubclub.com.br\/portal\/wp-json\/wp\/v2\/posts"}],"about":[{"href":"https:\/\/revistahubclub.com.br\/portal\/wp-json\/wp\/v2\/types\/post"}],"author":[{"embeddable":true,"href":"https:\/\/revistahubclub.com.br\/portal\/wp-json\/wp\/v2\/users\/2"}],"replies":[{"embeddable":true,"href":"https:\/\/revistahubclub.com.br\/portal\/wp-json\/wp\/v2\/comments?post=12834"}],"version-history":[{"count":1,"href":"https:\/\/revistahubclub.com.br\/portal\/wp-json\/wp\/v2\/posts\/12834\/revisions"}],"predecessor-version":[{"id":12836,"href":"https:\/\/revistahubclub.com.br\/portal\/wp-json\/wp\/v2\/posts\/12834\/revisions\/12836"}],"wp:featuredmedia":[{"embeddable":true,"href":"https:\/\/revistahubclub.com.br\/portal\/wp-json\/wp\/v2\/media\/12835"}],"wp:attachment":[{"href":"https:\/\/revistahubclub.com.br\/portal\/wp-json\/wp\/v2\/media?parent=12834"}],"wp:term":[{"taxonomy":"category","embeddable":true,"href":"https:\/\/revistahubclub.com.br\/portal\/wp-json\/wp\/v2\/categories?post=12834"},{"taxonomy":"post_tag","embeddable":true,"href":"https:\/\/revistahubclub.com.br\/portal\/wp-json\/wp\/v2\/tags?post=12834"}],"curies":[{"name":"wp","href":"https:\/\/api.w.org\/{rel}","templated":true}]}}