{"id":12883,"date":"2026-02-09T10:14:49","date_gmt":"2026-02-09T13:14:49","guid":{"rendered":"https:\/\/revistahubclub.com.br\/portal\/?p=12883"},"modified":"2026-02-09T10:14:49","modified_gmt":"2026-02-09T13:14:49","slug":"pagamento-do-ipva-2026-em-mg-comeca-nesta-segunda","status":"publish","type":"post","link":"https:\/\/revistahubclub.com.br\/portal\/2026\/02\/09\/pagamento-do-ipva-2026-em-mg-comeca-nesta-segunda\/","title":{"rendered":"Pagamento do IPVA 2026 em MG come\u00e7a nesta segunda"},"content":{"rendered":"\n<p><strong><em>O Tempo<\/em><\/strong><\/p>\n\n\n\n<p>Donos de ve\u00edculos com finais de placa 1 e 2 devem quitar o tributo at\u00e9 hoje<\/p>\n\n\n\n<figure class=\"wp-block-image size-large\"><img loading=\"lazy\" decoding=\"async\" width=\"1024\" height=\"567\" src=\"https:\/\/revistahubclub.com.br\/portal\/wp-content\/uploads\/2026\/02\/Captura-de-Tela-2026-02-09-as-10.03.17-AM-1024x567.png\" alt=\"\" class=\"wp-image-12884\" srcset=\"https:\/\/revistahubclub.com.br\/portal\/wp-content\/uploads\/2026\/02\/Captura-de-Tela-2026-02-09-as-10.03.17-AM-1024x567.png 1024w, https:\/\/revistahubclub.com.br\/portal\/wp-content\/uploads\/2026\/02\/Captura-de-Tela-2026-02-09-as-10.03.17-AM-300x166.png 300w, https:\/\/revistahubclub.com.br\/portal\/wp-content\/uploads\/2026\/02\/Captura-de-Tela-2026-02-09-as-10.03.17-AM-768x425.png 768w, https:\/\/revistahubclub.com.br\/portal\/wp-content\/uploads\/2026\/02\/Captura-de-Tela-2026-02-09-as-10.03.17-AM-1536x851.png 1536w, https:\/\/revistahubclub.com.br\/portal\/wp-content\/uploads\/2026\/02\/Captura-de-Tela-2026-02-09-as-10.03.17-AM.png 1802w\" sizes=\"auto, (max-width: 1024px) 100vw, 1024px\" \/><\/figure>\n\n\n\n<p>Come\u00e7a nesta segunda-feira (9\/2) o prazo para pagamento da cota \u00fanica e da primeira parcela do Imposto sobre a Propriedade de Ve\u00edculos Automotores (IPVA) 2026 em Minas Gerais. Donos de ve\u00edculos com finais de placa 1 e 2 devem quitar o tributo at\u00e9 hoje. De acordo com o governo estadual, quem optar pelo pagamento \u00e0 vista ter\u00e1 direito a desconto de 3%.<\/p>\n\n\n\n<p>O cronograma oficial foi divulgado pela Secretaria de Estado de Fazenda (SEF-MG) e segue o n\u00famero final da placa do ve\u00edculo. Os vencimentos da cota \u00fanica ou da primeira parcela come\u00e7am em fevereiro, conforme as seguintes datas:<\/p>\n\n\n\n<ul class=\"wp-block-list\">\n<li>Finais de placa 1 e 2: 9 de fevereiro<\/li>\n\n\n\n<li>Finais de placa 3 e 4: 10 de fevereiro<\/li>\n\n\n\n<li>Finais de placa 5 e 6: 11 de fevereiro<\/li>\n\n\n\n<li>Finais de placa 7 e 8: 12 de fevereiro<\/li>\n\n\n\n<li>Finais de placa 9 e 0: 13 de fevereiro<\/li>\n<\/ul>\n\n\n\n<p>As demais parcelas vencem nos mesmos dias dos meses de mar\u00e7o e abril.<\/p>\n\n\n\n<p>A previs\u00e3o do governo de Minas \u00e9 arrecadar cerca de R$ 12 bilh\u00f5es com o IPVA 2026, considerando uma frota tribut\u00e1vel aproximada de 8,5 milh\u00f5es de ve\u00edculos. J\u00e1 a estimativa de arrecada\u00e7\u00e3o com a Taxa de Renova\u00e7\u00e3o do Licenciamento Anual do Ve\u00edculo (TRLAV) \u00e9 de aproximadamente R$ 413 milh\u00f5es.<\/p>\n\n\n\n<p><strong>Formas de pagamento<\/strong><\/p>\n\n\n\n<p>O IPVA e a TRLAV podem ser pagos por Pix (QR Code), Documento de Arrecada\u00e7\u00e3o Estadual (DAE), internet banking ou diretamente em terminais de autoatendimento e guich\u00eas dos bancos credenciados, como Bradesco, Sicoob, Mercantil, Caixa, Banco do Brasil, Ita\u00fa e Santander, al\u00e9m das casas lot\u00e9ricas.<\/p>\n\n\n\n<p>Para gerar o QR Code do Pix ou emitir o DAE, o contribuinte deve acessar o&nbsp;<strong><a href=\"https:\/\/www.fazenda.mg.gov.br\/empresas\/impostos\/ipva\/pagamento.html\" target=\"_blank\" rel=\"noreferrer noopener\">site oficial da SEF.<\/a><\/strong>&nbsp;No pagamento via Pix, o favorecido deve ser, obrigatoriamente, o Estado de Minas Gerais (CNPJ 18.715.615\/0001-60).<\/p>\n\n\n\n<h2 class=\"wp-block-heading\">Desconto adicional para bom pagador<\/h2>\n\n\n\n<p>O programa Bom Pagador foi mantido em 2026 e concede abatimento extra de 3% aos propriet\u00e1rios que mantiveram o ve\u00edculo regular nos anos de 2024 e 2025. O desconto \u00e9 aplicado automaticamente no valor do imposto. Quem optar pelo pagamento em cota \u00fanica e atender aos crit\u00e9rios poder\u00e1 somar os benef\u00edcios, alcan\u00e7ando redu\u00e7\u00e3o total de 6%.<\/p>\n\n\n\n<h2 class=\"wp-block-heading\">Multas por atraso<\/h2>\n\n\n\n<p>O atraso no pagamento do IPVA gera multa di\u00e1ria de 0,3% at\u00e9 o 30\u00ba dia, e de 20% ap\u00f3s esse per\u00edodo, al\u00e9m de juros calculados com base na taxa Selic.<\/p>\n\n\n\n<p>J\u00e1 para a TRLAV, a penalidade \u00e9 de 0,15% ao dia at\u00e9 o 30\u00ba dia de atraso; 9% entre o 31\u00ba e o 60\u00ba dia; e 12% a partir do 61\u00ba dia, tamb\u00e9m acrescida de juros.<\/p>\n\n\n\n<h2 class=\"wp-block-heading\">Isen\u00e7\u00e3o para ve\u00edculos com 20 anos ou mais<\/h2>\n\n\n\n<p>Neste ano, mais de 3,3 milh\u00f5es de ve\u00edculos com 20 anos ou mais de fabrica\u00e7\u00e3o est\u00e3o isentos do pagamento do IPVA, em raz\u00e3o de mudan\u00e7a na legisla\u00e7\u00e3o federal. A ren\u00fancia fiscal estimada \u00e9 de R$ 1,06 bilh\u00e3o.<\/p>\n\n\n\n<p>A isen\u00e7\u00e3o se aplica a ve\u00edculos de passageiros, como carros, motocicletas, caminhonetes e ve\u00edculos de uso misto. \u00d4nibus, micro-\u00f4nibus e ve\u00edculos de carga ficam fora do benef\u00edcio. A concess\u00e3o \u00e9 autom\u00e1tica, sem necessidade de solicita\u00e7\u00e3o. Mesmo assim, esses ve\u00edculos continuam obrigados a pagar a taxa de licenciamento.<\/p>\n\n\n<figure class=\"wp-block-post-featured-image\"><img loading=\"lazy\" decoding=\"async\" width=\"2042\" height=\"1252\" src=\"https:\/\/revistahubclub.com.br\/portal\/wp-content\/uploads\/2026\/02\/Captura-de-Tela-2026-02-09-as-10.07.38-AM.png\" class=\"attachment-post-thumbnail size-post-thumbnail wp-post-image\" alt=\"\" style=\"object-fit:cover;\" srcset=\"https:\/\/revistahubclub.com.br\/portal\/wp-content\/uploads\/2026\/02\/Captura-de-Tela-2026-02-09-as-10.07.38-AM.png 2042w, https:\/\/revistahubclub.com.br\/portal\/wp-content\/uploads\/2026\/02\/Captura-de-Tela-2026-02-09-as-10.07.38-AM-300x184.png 300w, https:\/\/revistahubclub.com.br\/portal\/wp-content\/uploads\/2026\/02\/Captura-de-Tela-2026-02-09-as-10.07.38-AM-1024x628.png 1024w, https:\/\/revistahubclub.com.br\/portal\/wp-content\/uploads\/2026\/02\/Captura-de-Tela-2026-02-09-as-10.07.38-AM-768x471.png 768w, https:\/\/revistahubclub.com.br\/portal\/wp-content\/uploads\/2026\/02\/Captura-de-Tela-2026-02-09-as-10.07.38-AM-1536x942.png 1536w\" sizes=\"auto, (max-width: 2042px) 100vw, 2042px\" \/><\/figure>","protected":false},"excerpt":{"rendered":"<p>O Tempo Donos de ve\u00edculos com finais de placa 1 e 2 devem quitar o tributo at\u00e9 hoje Come\u00e7a nesta segunda-feira (9\/2) o prazo para pagamento da cota \u00fanica e<\/p>\n","protected":false},"author":2,"featured_media":12885,"comment_status":"open","ping_status":"open","sticky":false,"template":"","format":"standard","meta":{"footnotes":""},"categories":[1],"tags":[439,86,152,151,883,27],"class_list":["post-12883","post","type-post","status-publish","format-standard","has-post-thumbnail","hentry","category-noticias","tag-439","tag-economia","tag-ipva","tag-pagamento","tag-tabela","tag-uberlandia"],"_links":{"self":[{"href":"https:\/\/revistahubclub.com.br\/portal\/wp-json\/wp\/v2\/posts\/12883","targetHints":{"allow":["GET"]}}],"collection":[{"href":"https:\/\/revistahubclub.com.br\/portal\/wp-json\/wp\/v2\/posts"}],"about":[{"href":"https:\/\/revistahubclub.com.br\/portal\/wp-json\/wp\/v2\/types\/post"}],"author":[{"embeddable":true,"href":"https:\/\/revistahubclub.com.br\/portal\/wp-json\/wp\/v2\/users\/2"}],"replies":[{"embeddable":true,"href":"https:\/\/revistahubclub.com.br\/portal\/wp-json\/wp\/v2\/comments?post=12883"}],"version-history":[{"count":1,"href":"https:\/\/revistahubclub.com.br\/portal\/wp-json\/wp\/v2\/posts\/12883\/revisions"}],"predecessor-version":[{"id":12886,"href":"https:\/\/revistahubclub.com.br\/portal\/wp-json\/wp\/v2\/posts\/12883\/revisions\/12886"}],"wp:featuredmedia":[{"embeddable":true,"href":"https:\/\/revistahubclub.com.br\/portal\/wp-json\/wp\/v2\/media\/12885"}],"wp:attachment":[{"href":"https:\/\/revistahubclub.com.br\/portal\/wp-json\/wp\/v2\/media?parent=12883"}],"wp:term":[{"taxonomy":"category","embeddable":true,"href":"https:\/\/revistahubclub.com.br\/portal\/wp-json\/wp\/v2\/categories?post=12883"},{"taxonomy":"post_tag","embeddable":true,"href":"https:\/\/revistahubclub.com.br\/portal\/wp-json\/wp\/v2\/tags?post=12883"}],"curies":[{"name":"wp","href":"https:\/\/api.w.org\/{rel}","templated":true}]}}